{"id":384857,"date":"2025-09-12T08:31:14","date_gmt":"2025-09-12T08:31:14","guid":{"rendered":"https:\/\/www.europesays.com\/fr\/384857\/"},"modified":"2025-09-12T08:31:14","modified_gmt":"2025-09-12T08:31:14","slug":"damien-charrier-le-congres-de-lyon-sannonce-historique","status":"publish","type":"post","link":"https:\/\/www.europesays.com\/fr\/384857\/","title":{"rendered":"Damien Charrier : \u201cle Congr\u00e8s de Lyon s\u2019annonce historique !\u201d"},"content":{"rendered":"<p>\u201cLe <strong>Congr\u00e8s<\/strong>, organis\u00e9 \u00e0 <strong>Lyon<\/strong> du <strong>17 au 19 septembre<\/strong>, devrait \u00eatre un \u00e9v\u00e9nement record, ne serait-ce qu\u2019au regard des chiffres\u201d. Temps fort des professionnels du chiffre et du droit franciliens, les Universit\u00e9s d\u2019\u00e9t\u00e9 ont permis \u00e0 <strong>Damien Charrier<\/strong>, <strong>pr\u00e9sident du CNOEC<\/strong>, de glisser quelques mots \u00e0 l\u2019adresse de ses confr\u00e8res, lors de l\u2019<strong>assembl\u00e9e g\u00e9n\u00e9rale<\/strong> de l\u2019<strong>OEC Paris \u00cele-de-France<\/strong>.\u00a0 <\/p>\n<p>Renforcer la marque experts-comptables <\/p>\n<p>Accueilli par <a href=\"https:\/\/mesinfos.fr\/75000-paris\/ensemble-nous-aimons-agir-il-y-a-toujours-plus-d-actions-et-moins-de-cotisations-210318.html\" rel=\"noopener\" target=\"_blank\">Virginie Roitman<\/a>, pr\u00e9sidente de cet ordre r\u00e9gional, l\u2019\u00e9lu normand a rappel\u00e9 les axes forts de sa mandature, d\u00e9but\u00e9e en d\u00e9cembre 2024, \u00e0 commencer par l\u2019objectif de <strong>renforcer la marque des experts-comptables<\/strong>, \u201cqui fera l\u2019objet d\u2019une annonce technologique la semaine prochaine\u201d. Le CNOEC travaille aussi \u00e0 renforcer la pr\u00e9sence des experts-comptables vis-\u00e0-vis de l\u2019ensemble de leurs interlocuteurs, \u201cy compris dans le monde \u00e9conomique et politique\u201d. La profession \u00e9tant un <strong>tiers de confiance<\/strong> dans un certain nombre d\u2019administrations, \u201cconna\u00eetre les contraintes des uns et des autres sur les circuits administratifs\u201d et travailler \u00e0 les all\u00e9ger reste important.\u00a0 <\/p>\n<p>La nouvelle mandature s\u2019est par ailleurs engag\u00e9e \u00e0 \u00eatre utile aux professionnels \u201cen prenant les sujets \u00e0 bras-le-corps\u201d, notamment en \u201ctraitant les irritants identifi\u00e9s\u201d. Ce point fera d\u2019ailleurs l\u2019objet de d\u00e9veloppements lors du Congr\u00e8s de Lyon. \u201cNous travaillons \u00e9galement sur la trajectoire de <strong>d\u00e9veloppement de l\u2019activit\u00e9 <\/strong>des cabinets et des comp\u00e9tences, un travail d\u00e9j\u00e0 bien initi\u00e9 lors de la pr\u00e9c\u00e9dente mandature avec les programmes de formation, initiale et continue\u201d, a expliqu\u00e9 Damien Charrier. L\u2019id\u00e9e est d\u2019ancrer la profession dans la modernit\u00e9.\u00a0<\/p>\n<p>Pour soutenir ces objectifs, de nouveaux secteurs ont \u00e9t\u00e9 cr\u00e9\u00e9s au sein du Conseil national, notamment le secteur d\u2019influence et de simplification. Celui-ci traite les sujets comptables, sociaux, fiscaux, sous l\u2019angle de la simplification continue. <\/p>\n<p>La dynamique des territoires <\/p>\n<p>Un autre secteur traite de la <strong>dynamique des territoires.<\/strong> Comme le pr\u00e9sident l\u2019a rappel\u00e9, la profession compte <a href=\"https:\/\/mesinfos.fr\/ile-de-france\/les-experts-comptables-simplificateurs-de-complexite-administrative-196333.html\" rel=\"noopener\" target=\"_blank\">22 000 experts-comptables<\/a> partout en France, en m\u00e9tropole et outre-mer. Il s\u2019agit d\u2019un \u201cvrai r\u00e9seau de proximit\u00e9\u201d, avec 190 000 collaborateurs qui accompagnent pr\u00e8s de<strong> 3,5 millions d\u2019entreprises <\/strong>au quotidien. \u201cNous avons cette capacit\u00e9 collective \u00e0 faire avancer des projets structurants pour l\u2019\u00e9conomie fran\u00e7aise\u201d, a estim\u00e9 Damien\u00a0Charrier.\u00a0<\/p>\n<p> <img decoding=\"async\" alt=\"\" class=\"img-align-center\" data-zoomable=\"\" height=\"600\" loading=\"lazy\" src=\"https:\/\/www.europesays.com\/fr\/wp-content\/uploads\/2025\/09\/virginie-roitman-public-ag-oec-paris-idf.jpg\" width=\"800\"\/> A.P. &#8211; Virginie Roitman, pr\u00e9sidente de l&rsquo;OEC Paris \u00cele-de-France (au centre), lors de l&rsquo;intervention de Damien Charrier.\u00a0 <\/p>\n<p>Pour lui, l\u2019action ne doit pas uniquement se d\u00e9cider au CNOEC, mais elle doit \u00eatre d\u00e9clin\u00e9e et adapt\u00e9e en fonction des dynamiques r\u00e9gionales, des temp\u00e9raments et des modes d\u2019exercice.\u00a0 <\/p>\n<p>\u201c<strong>Virginie Roitman<\/strong> fait partie int\u00e9grante de cette dynamique, puisqu\u2019un peu <strong>plus d\u2019un quart des experts-comptables exerce en \u00cele-de-France<\/strong>. C\u2019est d\u2019autant plus important qu\u2019elle participe \u00e0 ces sessions de travail\u201d, a soulign\u00e9 le pr\u00e9sident du CNOEC.\u00a0 <\/p>\n<p> La durabilit\u00e9 du mod\u00e8le \u00e9conomique des cabinets en question <\/p>\n<p>Le troisi\u00e8me secteur mis en place par la nouvelle mandature se concentre sur le <strong>mod\u00e8le \u00e9conomique durable des cabinets<\/strong>, \u201cune innovation majeure\u201d. Pour Damien Charrier, les experts-comptables doivent prendre conscience que la cha\u00eene de valeur de la profession sera fortement impact\u00e9e par les innovations technologiques comme l\u2019<a href=\"https:\/\/mesinfos.fr\/78000-versailles\/audit-et-expertise-comptable-l-ia-ne-pourra-jamais-decider-a-notre-place-216537.html\" rel=\"noopener\" target=\"_blank\">IA<\/a>, la facture \u00e9lectronique et la <strong>robotisation<\/strong>. \u201cChaque cabinet doit s\u2019interroger sur ses comp\u00e9tences, ses missions et faire \u00e9voluer son mod\u00e8le. C\u2019est un engagement de long terme\u201d, a-t-il alert\u00e9.\u00a0<\/p>\n<p>Sur ce point, le congr\u00e8s donnera la part belle \u00e0 des <strong>t\u00e9moignages de dirigeants de cabinets<\/strong>, qu\u2019ils officient au sein de grandes ou de petites structures. Ils donneront leur point de vue sur les \u00e9volutions du march\u00e9, la cha\u00eene de valeur et les mesures mises en place pour anticiper ces mutations.\u00a0 <\/p>\n<p>Le \u201cgrand projet\u201d de la facture \u00e9lectronique <\/p>\n<p>Sur un plan plus concret, la <a href=\"https:\/\/mesinfos.fr\/ile-de-france\/facture-electronique-les-experts-comptables-lancent-une-plateforme-209953.html\" rel=\"noopener\" target=\"_blank\">facture \u00e9lectronique<\/a> fait partie des trois grands projets de la mandature. Damien Charrier a notamment \u00e9voqu\u00e9 le combat de la profession pour convaincre les parlementaires de ne pas revenir sur le calendrier initial. \u201cCe n\u2019est pas uniquement une question fran\u00e7aise, mais un mouvement europ\u00e9en et mondial, avec une g\u00e9n\u00e9ralisation pr\u00e9vue \u00e0 l\u2019horizon 2030\u201d, a-t-il poursuivi, avant de saluer l\u2019action de toutes celles et ceux qui se sont impliqu\u00e9s sur le terrain dans ces efforts de lobbying politique.\u00a0<\/p>\n<p>La journ\u00e9e d\u00e9di\u00e9e \u00e0 ce th\u00e8me a permis de r\u00e9v\u00e9ler la possibilit\u00e9 d\u2019utiliser un mandat pour le compte de son client afin d\u2019op\u00e9rer le choix des plateformes agr\u00e9\u00e9es. Lors du congr\u00e8s, le\u00a0CNOEC\u00a0d\u00e9voilera un\u00a0<strong>guide d\u00e9di\u00e9<\/strong>, afin de soutenir les professionnels dans les meilleurs choix en mati\u00e8re de fonctionnalit\u00e9s, de co\u00fbt et de s\u00e9curit\u00e9 des donn\u00e9es, toutes les plateformes ne proposant pas les m\u00eames garanties sur ce dernier point.<\/p>\n<p>Le CNOEC tient par ailleurs \u00e0 jour un centre de ressources, <strong>e-FAC expert<\/strong>, o\u00f9 se trouve toute la documentation sur la facture \u00e9lectronique.\u00a0 <\/p>\n<p>L&rsquo;institution\u00a0continuera aussi \u00e0 <strong>dialoguer avec les f\u00e9d\u00e9rations professionnelles<\/strong> qui peuvent avoir des besoins sp\u00e9cifiques, par exemple dans le <strong>b\u00e2timent<\/strong> ou<strong> l\u2019h\u00f4tellerie-restauration<\/strong>, pour faire de la p\u00e9dagogie et accompagner ces secteurs. <\/p>\n<p>Sur la communication, une campagne est pr\u00e9vue \u2013 pr\u00e9c\u00e9dant de peu celle de l\u2019<strong>administration fiscale<\/strong> \u2013 pour rappeler que la facture \u00e9lectronique est le sujet naturel de l\u2019expert-comptable et qu\u2019il faut prendre le temps de choisir (certaines plateformes n\u2019\u00e9tant pas bienveillantes \u00e0 l\u2019\u00e9gard de la profession).\u00a0 <\/p>\n<p>Face \u00e0 l\u2019\u00e9ch\u00e9ance de septembre 2026, le cabinets vont devoir se r\u00e9organiser, avec des ressources adapt\u00e9es, soit en sp\u00e9cialisation, soit en mutualisation. \u201cLe sujet, c\u2019est qu\u2019il faut faire adh\u00e9rer tous nos clients durant la <strong>p\u00e9riode fiscale<\/strong>\u201d, a insist\u00e9 Damien Charrier.\u00a0 <\/p>\n<p>Une identit\u00e9 num\u00e9rique professionnelle en pr\u00e9paration <\/p>\n<p>Un autre projet, qui sera approfondi lors du congr\u00e8s, traite de la<strong> cr\u00e9ation <\/strong>d\u2019une <strong>identit\u00e9 num\u00e9rique professionnell<\/strong>e, la \u201cbrique centrale\u201d de ce qui permettra demain aux professionnels de se connecter \u00e0 un certain nombre de syst\u00e8mes d\u2019information. D\u2019abord pour se mettre \u00e0 jour en mati\u00e8re de <strong>cybers\u00e9curit\u00e9<\/strong>. Selon une \u00e9tude r\u00e9cente du CNOEC, c\u2019est l\u2019une des pr\u00e9occupations principales des cabinets, qui sont clairement identifi\u00e9s comme des cibles. \u201cIl faut monter en niveau d\u2019exigence sur le sujet\u201d, a donc assur\u00e9 Damien Charrier. \u00c0 ce titre, le <strong>Comptexpert<\/strong>, la cl\u00e9 d\u2019entr\u00e9e sur l\u2019ensemble des applications, sera mis \u00e0 jour.\u00a0<\/p>\n<p>Cette identit\u00e9 renforcera la marque d\u2019expert-comptable, contribuant par ailleurs \u00e0 lutter contre l\u2019<strong>exercice ill\u00e9gal<\/strong>. \u201cLa technologie peut nous aider \u00e0 prendre un virage d\u00e9cisif sur le sujet\u201d, a estim\u00e9 le pr\u00e9sident du CNOEC.\u00a0 <\/p>\n<p>Le dernier projet concerne les enseignements du premier <strong>Panorama des techs de la profession comptable<\/strong>, r\u00e9alis\u00e9 par <strong>l\u2019Observatoire<\/strong> avec le soutien de l\u2019Ordre. Cette \u00e9tude, qui sera consultable sur le congr\u00e8s, propose une cartographie in\u00e9dite des technologies qui transforment les m\u00e9tiers du chiffre.\u00a0 <\/p>\n<p>\u201cCh\u00e8re Virginie Roitman, le congr\u00e8s de 2026 se tiendra en \u00cele-de-France, chez vous. Votre challenge sera de battre les effectifs lyonnais, soit <strong>8200 personnes <\/strong>\u00e0 date. Vous avez un r\u00e9servoir important dans une r\u00e9gion tr\u00e8s dynamique, je suis s\u00fbr que vous rel\u00e8verez ce challenge\u201d, a conclu le pr\u00e9sident.<\/p>\n<p> <img decoding=\"async\" alt=\"\" class=\"img-align-center\" data-zoomable=\"\" height=\"600\" loading=\"lazy\" src=\"https:\/\/www.europesays.com\/fr\/wp-content\/uploads\/2025\/09\/virginie-roitman-derniere-ag.jpg\" width=\"800\"\/> \u00a9AP &#8211; Virginie Roitman a rassembl\u00e9 son \u00e9quipe avec \u00e9motion pour sa derni\u00e8re assembl\u00e9e g\u00e9n\u00e9rale. <\/p>\n<p>\u00a0 <\/p>\n<p>\u00a0<\/p>\n<p>\u00a0<\/p>\n","protected":false},"excerpt":{"rendered":"\u201cLe Congr\u00e8s, organis\u00e9 \u00e0 Lyon du 17 au 19 septembre, devrait \u00eatre un \u00e9v\u00e9nement record, ne serait-ce qu\u2019au&hellip;\n","protected":false},"author":2,"featured_media":384858,"comment_status":"","ping_status":"","sticky":false,"template":"","format":"standard","meta":{"footnotes":""},"categories":[1592],"tags":[1111,11,1777,674,18571,1011,27,662,12,626,25],"class_list":{"0":"post-384857","1":"post","2":"type-post","3":"status-publish","4":"format-standard","5":"has-post-thumbnail","7":"category-ile-de-france","8":"tag-actu","9":"tag-actualites","10":"tag-eu","11":"tag-europe","12":"tag-experts-comptables","13":"tag-fr","14":"tag-france","15":"tag-ile-de-france","16":"tag-news","17":"tag-paris","18":"tag-republique-francaise"},"share_on_mastodon":{"url":"https:\/\/pubeurope.com\/@fr\/115190398354082626","error":""},"_links":{"self":[{"href":"https:\/\/www.europesays.com\/fr\/wp-json\/wp\/v2\/posts\/384857","targetHints":{"allow":["GET"]}}],"collection":[{"href":"https:\/\/www.europesays.com\/fr\/wp-json\/wp\/v2\/posts"}],"about":[{"href":"https:\/\/www.europesays.com\/fr\/wp-json\/wp\/v2\/types\/post"}],"author":[{"embeddable":true,"href":"https:\/\/www.europesays.com\/fr\/wp-json\/wp\/v2\/users\/2"}],"replies":[{"embeddable":true,"href":"https:\/\/www.europesays.com\/fr\/wp-json\/wp\/v2\/comments?post=384857"}],"version-history":[{"count":0,"href":"https:\/\/www.europesays.com\/fr\/wp-json\/wp\/v2\/posts\/384857\/revisions"}],"wp:featuredmedia":[{"embeddable":true,"href":"https:\/\/www.europesays.com\/fr\/wp-json\/wp\/v2\/media\/384858"}],"wp:attachment":[{"href":"https:\/\/www.europesays.com\/fr\/wp-json\/wp\/v2\/media?parent=384857"}],"wp:term":[{"taxonomy":"category","embeddable":true,"href":"https:\/\/www.europesays.com\/fr\/wp-json\/wp\/v2\/categories?post=384857"},{"taxonomy":"post_tag","embeddable":true,"href":"https:\/\/www.europesays.com\/fr\/wp-json\/wp\/v2\/tags?post=384857"}],"curies":[{"name":"wp","href":"https:\/\/api.w.org\/{rel}","templated":true}]}}