{"id":384861,"date":"2025-09-12T08:33:10","date_gmt":"2025-09-12T08:33:10","guid":{"rendered":"https:\/\/www.europesays.com\/fr\/384861\/"},"modified":"2025-09-12T08:33:10","modified_gmt":"2025-09-12T08:33:10","slug":"neuf-dossiers-geres-par-le-parquet-de-paris-depuis-octobre-2023","status":"publish","type":"post","link":"https:\/\/www.europesays.com\/fr\/384861\/","title":{"rendered":"neuf dossiers g\u00e9r\u00e9s par le parquet de Paris depuis octobre 2023"},"content":{"rendered":"<p class=\"mb-4 text-lg md:leading-8 break-words\">Neuf dossiers li\u00e9s \u00e0 des suppos\u00e9es <a href=\"https:\/\/www.bfmtv.com\/police-justice\/video-tetes-de-porc-retrouvees-devant-des-mosquees-la-piste-d-une-ingerence-etrangere-privilegiee_VN-202509110357.html\" rel=\"nofollow noopener\" target=\"_blank\" data-ylk=\"slk:ing\u00e9rences \u00e9trang\u00e8res;elm:context_link;itc:0;sec:content-canvas\" class=\"link \">ing\u00e9rences \u00e9trang\u00e8res<\/a>, des \u00ab\u00a0mains rouges\u00a0\u00bb aux \u00e9toiles de David tagu\u00e9es, en passant par les t\u00eates de cochon d\u00e9pos\u00e9es devant des mosqu\u00e9es, sont g\u00e9r\u00e9s depuis octobre 2023 par le parquet de Paris, a indiqu\u00e9 ce vendredi 12 septembre la procureure de Paris, Laure Beccuau, sur BFMTV-RMC.<\/p>\n<p class=\"mb-4 text-lg md:leading-8 break-words\">L&rsquo;ing\u00e9rence \u00e9trang\u00e8re est \u00ab\u00a0une chose que nous devons prendre en compte et que nous prenons en compte, puisque pour faire un bilan de ce type d&rsquo;agissements qui ont eu lieu sur la place parisienne depuis octobre 2023, nous en sommes \u00e0 neuf dossiers\u00a0\u00bb, a-t-elle expliqu\u00e9.<\/p>\n<p class=\"mb-4 text-lg md:leading-8 break-words\"><b>&gt;&gt;&gt; Plus d&rsquo;informations \u00e0 venir sur BFMTV.com<\/b><\/p>\n<p class=\"mb-4 text-lg md:leading-8 break-words\"><a href=\"https:\/\/www.bfmtv.com\/police-justice\/ingerences-etrangeres-neuf-dossiers-geres-par-le-parquet-de-paris-depuis-octobre-2023_AV-202509120361.html#xtor=AL-68\" rel=\"nofollow noopener\" target=\"_blank\" data-ylk=\"slk:Article original publi\u00e9 sur BFMTV.com;elm:context_link;itc:0;sec:content-canvas\" class=\"link \">Article original publi\u00e9 sur BFMTV.com<\/a><\/p>\n","protected":false},"excerpt":{"rendered":"Neuf dossiers li\u00e9s \u00e0 des suppos\u00e9es ing\u00e9rences \u00e9trang\u00e8res, des \u00ab\u00a0mains rouges\u00a0\u00bb aux \u00e9toiles de David tagu\u00e9es, en passant&hellip;\n","protected":false},"author":2,"featured_media":384862,"comment_status":"","ping_status":"","sticky":false,"template":"","format":"standard","meta":{"footnotes":""},"categories":[1888],"tags":[1111,1928,11,1927,8842,1777,674,1011,27,11696,33238,12,1926,626,1925,25,51125],"class_list":{"0":"post-384861","1":"post","2":"type-post","3":"status-publish","4":"format-standard","5":"has-post-thumbnail","7":"category-paris","8":"tag-actu","9":"tag-actu-paris","10":"tag-actualites","11":"tag-actualites-paris","12":"tag-david","13":"tag-eu","14":"tag-europe","15":"tag-fr","16":"tag-france","17":"tag-ingerences-etrangeres","18":"tag-laure-beccuau","19":"tag-news","20":"tag-news-paris","21":"tag-paris","22":"tag-paris-news","23":"tag-republique-francaise","24":"tag-tetes-de-cochon"},"share_on_mastodon":{"url":"https:\/\/pubeurope.com\/@fr\/115190405735364496","error":""},"_links":{"self":[{"href":"https:\/\/www.europesays.com\/fr\/wp-json\/wp\/v2\/posts\/384861","targetHints":{"allow":["GET"]}}],"collection":[{"href":"https:\/\/www.europesays.com\/fr\/wp-json\/wp\/v2\/posts"}],"about":[{"href":"https:\/\/www.europesays.com\/fr\/wp-json\/wp\/v2\/types\/post"}],"author":[{"embeddable":true,"href":"https:\/\/www.europesays.com\/fr\/wp-json\/wp\/v2\/users\/2"}],"replies":[{"embeddable":true,"href":"https:\/\/www.europesays.com\/fr\/wp-json\/wp\/v2\/comments?post=384861"}],"version-history":[{"count":0,"href":"https:\/\/www.europesays.com\/fr\/wp-json\/wp\/v2\/posts\/384861\/revisions"}],"wp:featuredmedia":[{"embeddable":true,"href":"https:\/\/www.europesays.com\/fr\/wp-json\/wp\/v2\/media\/384862"}],"wp:attachment":[{"href":"https:\/\/www.europesays.com\/fr\/wp-json\/wp\/v2\/media?parent=384861"}],"wp:term":[{"taxonomy":"category","embeddable":true,"href":"https:\/\/www.europesays.com\/fr\/wp-json\/wp\/v2\/categories?post=384861"},{"taxonomy":"post_tag","embeddable":true,"href":"https:\/\/www.europesays.com\/fr\/wp-json\/wp\/v2\/tags?post=384861"}],"curies":[{"name":"wp","href":"https:\/\/api.w.org\/{rel}","templated":true}]}}