{"id":384866,"date":"2025-09-12T08:36:15","date_gmt":"2025-09-12T08:36:15","guid":{"rendered":"https:\/\/www.europesays.com\/fr\/384866\/"},"modified":"2025-09-12T08:36:15","modified_gmt":"2025-09-12T08:36:15","slug":"la-france-demande-aussi-des-comptes-a-la-russie-apres-lintrusion-de-19-drones-en-pologne","status":"publish","type":"post","link":"https:\/\/www.europesays.com\/fr\/384866\/","title":{"rendered":"La France demande aussi des comptes \u00e0 la Russie apr\u00e8s l\u2019intrusion de 19\u00a0drones en Pologne"},"content":{"rendered":"<p>        <img decoding=\"async\" loading=\"lazy\" src=\"https:\/\/www.europesays.com\/fr\/wp-content\/uploads\/2025\/05\/3225497_sirius-fs-upload-1-xr6d34xbphts-1747055628743-000-468q6cq.jpg\"  width=\"728\" height=\"409\" alt=\"Vladimir Poutine et son pays sont accus\u00e9s de tester les limites de l\u2019alliance de l\u2019Otan avec cette r\u00e9cente incursion de 19\u00a0drones dans le ciel polonais, bien que Moscou r\u00e9fute ces accusations. \"\/>  <\/p>\n<p>PAVEL BEDNYAKOV \/ AFP<\/p>\n<p>Vladimir Poutine et son pays sont accus\u00e9s de tester les limites de l\u2019alliance de l\u2019Otan avec cette r\u00e9cente incursion de 19\u00a0drones dans le ciel polonais, bien que Moscou r\u00e9fute ces accusations. <\/p>\n<p class=\"asset asset-text\">INTERNATIONAL &#8211; T\u00eate-\u00e0-t\u00eate diplomatique entre Paris et Moscou. L\u2019intrusion de 19 drones pr\u00e9sum\u00e9s russes dans l\u2019espace a\u00e9rien polonais dans la nuit de mardi \u00e0 mercredi continue de cr\u00e9er des remous sur la sc\u00e8ne internationale, en pleine guerre en Ukraine et apr\u00e8s les vives <a href=\"https:\/\/www.huffingtonpost.fr\/international\/article\/guerre-en-ukraine-zelensky-presse-encore-ses-allies-apres-une-frappe-russe-directement-sur-des-civils_254614.html\" target=\"_blank\" rel=\"noopener\">critiques du pr\u00e9sident ukrainien<\/a> sur le \u00ab\u00a0manque d\u2019action\u00a0\u00bb des dirigeants occidentaux apr\u00e8s cette intrusion attribu\u00e9e \u00e0 <a href=\"https:\/\/www.huffingtonpost.fr\/international\/article\/zapad-2025-ces-grands-exercices-militaires-entre-la-russie-et-le-belarus-qui-font-trembler-l-europe_254727.html\" target=\"_blank\" rel=\"noopener\">la Russie<\/a>.<\/p>\n<p class=\"asset asset-text\">Dans ce climat toujours aussi tendu autour de cette affaire <a href=\"https:\/\/www.huffingtonpost.fr\/international\/article\/la-pologne-accuse-la-russie-d-une-agression-inedite-depuis-le-debut-de-la-guerre-en-ukraine_254638.html\" target=\"_blank\" rel=\"noopener\">o\u00f9 Varsovie accuse directement Moscou d\u2019une agression d\u00e9lib\u00e9r\u00e9e<\/a> sur son territoire, la France se joint \u00e0 la Pologne pour recadrer la Russie. Au micro de France Inter ce vendredi 12\u00a0septembre, le chef de la diplomatie fran\u00e7aise <a href=\"https:\/\/www.huffingtonpost.fr\/international\/article\/jean-noel-barrot-s-attaque-a-vladimir-poutine-seul-obstacle-a-la-paix-en-ukraine_249512.html\" target=\"_blank\" rel=\"noopener\">Jean-No\u00ebl Barrot<\/a> en a profit\u00e9 pour annoncer la convocation de l\u2019ambassadeur de Russie en France ce vendredi au minist\u00e8re fran\u00e7ais des Affaires \u00e9trang\u00e8res.<\/p>\n<p class=\"asset asset-text\">L\u2019occasion pour les deux pays d\u2019\u00e9voquer cette incursion de drones en Pologne, dont Moscou rejette la responsabilit\u00e9, accusant plut\u00f4t la Pologne de r\u00e9pandre des \u00ab\u00a0mythes\u00a0\u00bb pour intensifier\u00a0la guerre en Ukraine. L\u2019ambassadeur de la Russie \u00ab\u00a0sera convoqu\u00e9 ce matin. Nous allons lui dire (&#8230;) que nous ne nous laisserons pas intimider\u00a0\u00bb, a donc indiqu\u00e9 le ministre des Affaires \u00e9trang\u00e8res sortant. \u00ab\u00a0Intentionnelle ou non, accidentelle ou non, tout cela est tr\u00e8s grave. Tout cela est absolument inacceptable. Tout cela vient s\u2019ajouter aux innombrables provocations de Vladimir Poutine\u00a0\u00bb, a-t-il jug\u00e9.<\/p>\n<p> La lecture de ce contenu est susceptible d\u2019entra\u00eener un d\u00e9p\u00f4t de cookies de la part de l\u2019op\u00e9rateur tiers qui l\u2019h\u00e9berge. Compte-tenu des choix que vous avez exprim\u00e9s en mati\u00e8re de d\u00e9p\u00f4t de cookies, nous avons bloqu\u00e9 l\u2019affichage de ce contenu. Si vous souhaitez y acc\u00e9der, vous devez accepter la cat\u00e9gorie de cookies \u201cContenus tiers\u201d en cliquant sur le bouton ci-dessous. <\/p>\n<p> Lire la Vid\u00e9o        <\/p>\n<p class=\"asset asset-text\">Ces incursions ne sont pas nouvelles, a \u00e9galement d\u00e9plor\u00e9 le ministre d\u00e9missionnaire. \u00ab\u00a0C\u2019est une strat\u00e9gie d\u00e9lib\u00e9r\u00e9e de la Russie pour nous intimider, pour nous tester.\u00a0\u00bb<\/p>\n<p class=\"asset asset-text\">Si la condamnation est unanime chez les alli\u00e9s europ\u00e9ens, Jean-No\u00ebl Barrot a ajout\u00e9 que la France avait \u00ab\u00a0imm\u00e9diatement marqu\u00e9 sa disponibilit\u00e9 pour contribuer davantage encore au renforcement de la protection de ce qu\u2019on appelle le flanc Est de l\u2019OTAN, c\u2019est-\u00e0-dire l\u2019est de l\u2019Europe\u00a0\u00bb. Raison pour laquelle, le pr\u00e9sident Emmanuel Macron a annonc\u00e9 jeudi soir que la France allait d\u00e9ployer trois chasseurs Rafale qui auront \u00ab\u00a0pour mission la d\u00e9tection et, le cas \u00e9ch\u00e9ant, la destruction de vecteurs de drones qui menaceraient le territoire polonais\u00a0\u00bb.<\/p>\n<p>    Une \u00ab\u00a0erreur\u00a0\u00bb\u00a0? Pas pour Varsovie    <\/p>\n<p class=\"asset asset-text\">Interrog\u00e9 \u00e9galement sur les critiques de Kiev sur l\u2019absence de r\u00e9actions concr\u00e8tes de la part des Europ\u00e9ens, Jean-No\u00ebl Barrot a r\u00e9torqu\u00e9 que des avions n\u00e9erlandais et italiens avaient d\u00e9j\u00e0 abattu des drones russes \u00ab\u00a0\u00e0 quelques dizaines de kilom\u00e8tres dans la profondeur du territoire polonais\u00a0\u00bb. \u00ab\u00a0C\u2019est une r\u00e9action tr\u00e8s forte\u00a0\u00bb, a-t-il estim\u00e9, au moment o\u00f9 la Pologne\u00a0a annonc\u00e9 avoir <a href=\"https:\/\/www.huffingtonpost.fr\/international\/article\/avant-une-reunion-a-l-onu-sur-le-danger-des-drones-russes-comment-l-europe-renforce-sa-defense_254716.html\" target=\"_blank\" rel=\"noopener\">saisi en urgence le Conseil de s\u00e9curit\u00e9 de l\u2019ONU, qui se r\u00e9unira ce vendredi<\/a>.<\/p>\n<p class=\"asset asset-text\">Ces derniers jours et avant Paris, la Pologne, la Su\u00e8de, les Pays-Bas, la R\u00e9publique tch\u00e8que, la Roumanie, la Belgique et l\u2019Espagne ont d\u00e9j\u00e0 convoqu\u00e9 les ambassadeurs de Russie ou les charg\u00e9s d\u2019affaires des repr\u00e9sentations diplomatiques russes. Il faut dire que la Russie reste bien muette sur le sujet. M\u00eame si elle peut compter sur la d\u00e9fense inattendue de Donald Trump qui, <a href=\"https:\/\/www.huffingtonpost.fr\/international\/article\/la-premiere-reaction-de-trump-aux-drones-russes-en-pologne-ne-va-pas-rassurer-l-otan_254675.html\" target=\"_blank\" rel=\"noopener\">apr\u00e8s un premier message lunaire sur le sujet<\/a>, a laiss\u00e9 entendre que la pr\u00e9sence d\u2019une vingtaine de drones dans le ciel polonais pourrait r\u00e9sulter d\u2019une \u00ab\u00a0erreur\u00a0\u00bb.<\/p>\n<p class=\"asset asset-text\">\u00ab\u00a0Cela a pu \u00eatre une erreur. Mais quoi qu\u2019il en soit, je ne suis pas content de quoi que ce soit dans cette situation\u00a0\u00bb, avait r\u00e9pondu le pr\u00e9sident am\u00e9ricain jeudi soir devant la presse.<\/p>\n<p class=\"asset asset-text\">Des propos du locataire de la Maison Blanche qui n\u2019ont clairement pas plu au Premier ministre polonais Donald Tusk, qui s\u2019est fendu sur X d\u2019une r\u00e9ponse s\u00e8che \u00e0 l\u2019encontre de son homologue am\u00e9ricain. \u00ab\u00a0Nous aussi pr\u00e9f\u00e9rerions que l\u2019attaque de drones contre la Pologne soit une erreur. Mais ce n\u2019en est pas une. Et nous le savons\u00a0\u00bb, a-t-il l\u00e2ch\u00e9.<\/p>\n<p> La lecture de ce contenu est susceptible d\u2019entra\u00eener un d\u00e9p\u00f4t de cookies de la part de l\u2019op\u00e9rateur tiers qui l\u2019h\u00e9berge. Compte-tenu des choix que vous avez exprim\u00e9s en mati\u00e8re de d\u00e9p\u00f4t de cookies, nous avons bloqu\u00e9 l\u2019affichage de ce contenu. Si vous souhaitez y acc\u00e9der, vous devez accepter la cat\u00e9gorie de cookies \u201cContenus tiers\u201d en cliquant sur le bouton ci-dessous. <\/p>\n<p> Lire la Vid\u00e9o        <\/p>\n<p class=\"asset asset-text\">D\u00e9sormais Donald Tusk compte surtout sur cette r\u00e9union d\u2019urgence des nations unies \u2212 pr\u00e9vue dans la soir\u00e9e \u2212 pour \u00ab\u00a0attirer l\u2019attention du monde entier sur cette attaque sans pr\u00e9c\u00e9dent men\u00e9e par des drones russes contre un pays membre non seulement de l\u2019ONU, mais aussi de l\u2019Union europ\u00e9enne et de l\u2019Otan\u00a0\u00bb. <\/p>\n","protected":false},"excerpt":{"rendered":"PAVEL BEDNYAKOV \/ AFP Vladimir Poutine et son pays sont accus\u00e9s de tester les limites de l\u2019alliance de&hellip;\n","protected":false},"author":2,"featured_media":367717,"comment_status":"","ping_status":"","sticky":false,"template":"","format":"standard","meta":{"footnotes":""},"categories":[1591],"tags":[11,1903,312,564,1887,131,14,12,2437,1885,1886,132],"class_list":{"0":"post-384866","1":"post","2":"type-post","3":"status-publish","4":"format-standard","5":"has-post-thumbnail","7":"category-russie","8":"tag-actualites","9":"tag-ambassadeur","10":"tag-diplomatie","11":"tag-drone","12":"tag-federation-de-russie","13":"tag-guerre-en-ukraine","14":"tag-international","15":"tag-news","16":"tag-pologne","17":"tag-russia","18":"tag-russian-federation","19":"tag-russie"},"share_on_mastodon":{"url":"https:\/\/pubeurope.com\/@fr\/115190418081146237","error":""},"_links":{"self":[{"href":"https:\/\/www.europesays.com\/fr\/wp-json\/wp\/v2\/posts\/384866","targetHints":{"allow":["GET"]}}],"collection":[{"href":"https:\/\/www.europesays.com\/fr\/wp-json\/wp\/v2\/posts"}],"about":[{"href":"https:\/\/www.europesays.com\/fr\/wp-json\/wp\/v2\/types\/post"}],"author":[{"embeddable":true,"href":"https:\/\/www.europesays.com\/fr\/wp-json\/wp\/v2\/users\/2"}],"replies":[{"embeddable":true,"href":"https:\/\/www.europesays.com\/fr\/wp-json\/wp\/v2\/comments?post=384866"}],"version-history":[{"count":0,"href":"https:\/\/www.europesays.com\/fr\/wp-json\/wp\/v2\/posts\/384866\/revisions"}],"wp:featuredmedia":[{"embeddable":true,"href":"https:\/\/www.europesays.com\/fr\/wp-json\/wp\/v2\/media\/367717"}],"wp:attachment":[{"href":"https:\/\/www.europesays.com\/fr\/wp-json\/wp\/v2\/media?parent=384866"}],"wp:term":[{"taxonomy":"category","embeddable":true,"href":"https:\/\/www.europesays.com\/fr\/wp-json\/wp\/v2\/categories?post=384866"},{"taxonomy":"post_tag","embeddable":true,"href":"https:\/\/www.europesays.com\/fr\/wp-json\/wp\/v2\/tags?post=384866"}],"curies":[{"name":"wp","href":"https:\/\/api.w.org\/{rel}","templated":true}]}}