{"id":384876,"date":"2025-09-12T08:43:14","date_gmt":"2025-09-12T08:43:14","guid":{"rendered":"https:\/\/www.europesays.com\/fr\/384876\/"},"modified":"2025-09-12T08:43:14","modified_gmt":"2025-09-12T08:43:14","slug":"mort-dagathe-ladn-de-la-joggeuse-retrouve-dans-la-voiture-du-suspect-didier-l-qui-reconnait-avoir-ete-en-contact-avec-elle","status":"publish","type":"post","link":"https:\/\/www.europesays.com\/fr\/384876\/","title":{"rendered":"Mort d\u2019Agathe\u00a0: l\u2019ADN de la joggeuse retrouv\u00e9 dans la voiture du suspect, Didier L., qui reconna\u00eet avoir \u00e9t\u00e9 en contact avec elle"},"content":{"rendered":"<p class=\"paragraph text_align_left lp-f-body-02\"><a href=\"https:\/\/www.leparisien.fr\/faits-divers\/incapable-de-resister-a-ses-envies-le-profil-inquietant-du-suspect-dans-laffaire-du-meurtre-de-la-joggeuse-agathe-11-09-2025-G6LRAJV7GVGB3JRKSJBZSVBNAY.php\" target=\"_blank\" rel=\"noreferrer nofollow noopener\">Son profil avait intrigu\u00e9 les enqu\u00eateurs<\/a>. Didier L., l\u2019homme de 59 ans, plac\u00e9 en garde \u00e0 vue mercredi dans le cadre de l\u2019enqu\u00eate sur la mort d\u2019Agathe Hilairet, la joggeuse de 28 ans dont le corps <a href=\"https:\/\/www.leparisien.fr\/faits-divers\/disparition-dagathe-le-corps-de-la-joggeuse-de-28-ans-disparue-depuis-un-mois-a-ete-retrouve-par-un-promeneur-05-05-2025-QUW3C62WFNAHLF76TN4XEJGRIQ.php\" rel=\"nofollow noopener\" target=\"_blank\">a \u00e9t\u00e9 retrouv\u00e9 gisant dans un sous-bois en mai \u00e0 Vivonne, pr\u00e8s de Poitiers (Vienne)<\/a>, est d\u00e9f\u00e9r\u00e9 devant un juge d\u2019instruction, ce vendredi, a fait savoir la procureure de la R\u00e9publique de Poitiers, Rachel Bray, dans un communiqu\u00e9.<\/p>\n<p class=\"paragraph text_align_left lp-f-body-02\"><a href=\"https:\/\/www.leparisien.fr\/faits-divers\/mort-dagathe-dans-la-vienne-trois-interpellations-un-homme-connu-de-la-justice-en-garde-a-vue-11-09-2025-OLHTJTHAGBGTNAVNX2G3UVZXJI.php\" target=\"_blank\" rel=\"noreferrer nofollow noopener\">Apr\u00e8s 48 heures de garde \u00e0 vue<\/a>, le quinquag\u00e9naire au lourd casier judiciaire est pr\u00e9sent\u00e9 \u00e0 un juge d\u2019instruction, ce vendredi, en vue de sa mise en examen pour \u00ab meurtre pr\u00e9c\u00e9d\u00e9 d\u2019enl\u00e8vement et s\u00e9questration \u00bb, a pr\u00e9cis\u00e9 le parquet, qui r\u00e9clame son placement en d\u00e9tention provisoire.<\/p>\n<p class=\"paragraph text_align_left lp-f-body-02\">L\u2019ADN de la joggeuse a notamment \u00e9t\u00e9 retrouv\u00e9 dans le v\u00e9hicule du suspect qui reconna\u00eet sa pr\u00e9sence sur les lieux et avoir \u00e9t\u00e9 en contact avec Agathe, a pr\u00e9cis\u00e9 Rachel Bray.<\/p>\n<p>Deux condamnations pour viols sur des joggeuses<\/p>\n<p class=\"paragraph text_align_left lp-f-body-02\">Si les enqu\u00eateurs se sont int\u00e9ress\u00e9s \u00e0 cet homme, c\u2019est que Didier L., un ouvrier agricole domicili\u00e9 \u00e0 Vivonne, a d\u00e9j\u00e0 \u00e9t\u00e9 impliqu\u00e9 dans le pass\u00e9 dans deux crimes pr\u00e9sentant de troublantes similitudes avec la mort d\u2019Agathe et \u00e9tait sorti de prison \u00e0 peine un an avant le meurtre de la jeune femme.<\/p>\n<p class=\"lp-card-podcast-highlighting__title  lp-f-subtitle-05\">[2\/6] Jubillar\u00a0: de la disparition au proc\u00e8s, une affaire sans corps ni aveux<\/p>\n<p class=\"lp-card-podcast-highlighting__description lp-f-ui-05\">Crime story raconte chaque semaine les grandes affaires criminelles.<\/p>\n<p><a class=\"lp-card-podcast-highlighting__call-to-action\" data-page-type=\"HP\" data-block-name=\"podcast-highlight\">\u00c9couter<\/a><\/p>\n<p class=\"paragraph text_align_left lp-f-body-02\">Selon les informations du Parisien, l\u2019homme a \u00e9t\u00e9 condamn\u00e9 une premi\u00e8re fois \u00e0 12 ans de prison en 1994, pour un viol commis deux ans plus t\u00f4t sur une joggeuse, agress\u00e9e apr\u00e8s avoir \u00e9t\u00e9 menac\u00e9e avec une arme. En 2003, il avait \u00e9t\u00e9 condamn\u00e9 \u00e0 30 ans de r\u00e9clusion, dont deux tiers de s\u00fbret\u00e9, apr\u00e8s avoir viol\u00e9 et agress\u00e9 avec une arme une joggeuse du Puy-de-D\u00f4me lors d\u2019une permission de sortie.<\/p>\n<p class=\"paragraph text_align_left lp-f-body-02\">Apr\u00e8s avoir pass\u00e9 21 ans derri\u00e8re les barreaux dans le cadre de sa seconde condamnation, Didier L. avait b\u00e9n\u00e9fici\u00e9 d\u2019un am\u00e9nagement de peine et \u00e9tait sorti de prison en avril 2024. Il \u00e9tait, depuis octobre 2024, suivi par la justice, avec \u00ab injonction de soins, r\u00e9sidence dans un lieu d\u00e9termin\u00e9, interdiction de contact avec les victimes, interdiction de d\u00e9tenir une arme et obligation de travail \u00bb, pr\u00e9cise le parquet.<\/p>\n<p>Le corps d\u00e9plac\u00e9<\/p>\n<p class=\"paragraph text_align_left lp-f-body-02\">Le 10 avril dernier, Agathe Hilairet, 28 ans, avait quitt\u00e9 le domicile de ses parents, situ\u00e9 \u00e0 Vivonne, au sud de Poitiers, en milieu de matin\u00e9e pour aller faire un jogging. Quelques heures plus tard, son p\u00e8re s\u2019\u00e9tait rendu \u00e0 la gendarmerie, inquiet de ne pas voir sa fille revenir au domicile et n\u2019arrivant plus \u00e0 la joindre.<\/p>\n<p class=\"paragraph text_align_left lp-f-body-02\">Rapidement, une enqu\u00eate avait \u00e9t\u00e9 ouverte pour \u00ab disparition inqui\u00e9tante \u00bb par le parquet de Poitiers, confi\u00e9e \u00e0 la brigade de recherches de Poitiers et \u00e0 la section de recherches de Poitiers. <a href=\"https:\/\/www.leparisien.fr\/faits-divers\/vienne-ce-que-lon-sait-de-la-disparition-dagathe-joggeuse-de-28-ans-12-04-2025-PKS7LTR2NVFSNLL4L62LRJIXOM.php\" rel=\"nofollow noopener\" target=\"_blank\">Dans les jours suivants, d\u2019importants moyens avaient \u00e9t\u00e9 mis en place pour tenter de la retrouver<\/a>, avec des \u00e9quipes cynophiles, de nombreux gendarmes, militaires, membres de la protection civile, des h\u00e9licopt\u00e8res et des drones. Des \u00e9quipes de plongeurs avaient \u00e9galement \u00e9t\u00e9 appel\u00e9es pour sonder les rivi\u00e8res alentour, en vain.<\/p>\n<p class=\"paragraph text_align_left lp-f-body-02\">Le 14 avril, une information judiciaire avait \u00e9t\u00e9 ouverte \u00ab permettant d\u2019\u00e9largir les capacit\u00e9s d\u2019investigation des enqu\u00eateurs \u00bb, explique la procureure de la R\u00e9publique de Poitiers. Ce n\u2019est que le dimanche 4 mai, apr\u00e8s pr\u00e8s de trois semaines de recherches intensives mobilisant plus de 300 personnes, que <a href=\"https:\/\/www.leparisien.fr\/faits-divers\/disparition-dagathe-le-corps-de-la-joggeuse-de-28-ans-disparue-depuis-un-mois-a-ete-retrouve-par-un-promeneur-05-05-2025-QUW3C62WFNAHLF76TN4XEJGRIQ.php\" target=\"_blank\" rel=\"noreferrer nofollow noopener\">le corps sans vie d\u2019Agathe Hilairet avait \u00e9t\u00e9 d\u00e9couvert par un promeneur<\/a> dans un sous-bois, situ\u00e9 au sud de la zone de recherches des enqu\u00eateurs.<\/p>\n<p class=\"title-embed-dailymotion lp-color-text lp-f-subtitle-04\">Vid\u00e9oDisparition d\u2019Agathe\u00a0: le corps de la joggeuse de 28 ans retrouv\u00e9 par un promeneur<\/p>\n<p>Une enqu\u00eate colossale<\/p>\n<p class=\"paragraph text_align_left lp-f-body-02\"><a href=\"https:\/\/www.leparisien.fr\/faits-divers\/disparition-dagathe-pulsations-cardiaques-corps-deplace-nos-revelations-sur-la-piste-criminelle-21-06-2025-XRRORWJRZVGHFBDNV44KYKMRKA.php\" target=\"_blank\" rel=\"noreferrer nofollow noopener\">Depuis l\u2019enqu\u00eate s\u2019est orient\u00e9e vers la piste criminelle<\/a>. L\u2019autopsie n\u2019a pas pu d\u00e9montrer que la victime avait \u00e9t\u00e9 \u00e9trangl\u00e9e mais des donn\u00e9es GPS ont montr\u00e9 que son corps avait \u00e9t\u00e9 d\u00e9plac\u00e9 apr\u00e8s sa mort, laissant deviner l\u2019intervention d\u2019un tiers dans le d\u00e9c\u00e8s. L\u2019examen de la montre connect\u00e9e de la jeune joggeuse avait aussi d\u00e9montr\u00e9 un pic brutal des pulsations cardiaques d\u2019Agathe avant un arr\u00eat de son c\u0153ur \u00e0 plus d\u2019un kilom\u00e8tre du lieu de d\u00e9couverte du corps.<\/p>\n<p class=\"paragraph text_align_left lp-f-body-02\">Au total, 17 enqu\u00eateurs avaient \u00e9t\u00e9 mobilis\u00e9s pour v\u00e9rifier \u00ab l\u2019ensemble des signalements et t\u00e9moignages recueillis depuis le lancement des investigations \u00bb, explique le parquet. Un travail colossal ces policiers qui se sont attel\u00e9s \u00e0 v\u00e9rifier 7 000 r\u00e9ponses \u00e0 l\u2019appel \u00e0 t\u00e9moignage, dont appels \u00ab une centaine ont fait l\u2019objet d\u2019une audition et de rapprochement \u00bb, 750 signalements, 1 200 heures de vid\u00e9osurveillance, la mise sur \u00e9coute de 22 lignes, la surveillance de 10 v\u00e9hicules, 1 000 auditions, 650 proc\u00e8s-verbaux d\u2019investigations et 160 environnements de personnes.<\/p>\n<p class=\"paragraph text_align_left lp-f-body-02\">Un travail qui a port\u00e9 ses fruits et qui a permis aux enqu\u00eateurs d\u2019identifier cet homme, n\u00e9 en 1965, r\u00e9sidant \u00e0 Vivonne et inscrit au fichier des auteurs d\u2019infractions sexuelles ou violentes (FIJAIS). Au fil de leurs investigations, les policiers avaient acquis la certitude que le quinquag\u00e9naire ne disposait pas d\u2019alibi solide le jour de la disparition d\u2019Agathe Hilairet.<\/p>\n","protected":false},"excerpt":{"rendered":"Son profil avait intrigu\u00e9 les enqu\u00eateurs. Didier L., l\u2019homme de 59 ans, plac\u00e9 en garde \u00e0 vue mercredi&hellip;\n","protected":false},"author":2,"featured_media":384877,"comment_status":"","ping_status":"","sticky":false,"template":"","format":"standard","meta":{"footnotes":""},"categories":[2],"tags":[11,459,118,1011,27,12,25],"class_list":{"0":"post-384876","1":"post","2":"type-post","3":"status-publish","4":"format-standard","5":"has-post-thumbnail","7":"category-actualites","8":"tag-actualites","9":"tag-departements-horsidfo","10":"tag-faits-divers","11":"tag-fr","12":"tag-france","13":"tag-news","14":"tag-republique-francaise"},"share_on_mastodon":{"url":"https:\/\/pubeurope.com\/@fr\/115190445120980187","error":""},"_links":{"self":[{"href":"https:\/\/www.europesays.com\/fr\/wp-json\/wp\/v2\/posts\/384876","targetHints":{"allow":["GET"]}}],"collection":[{"href":"https:\/\/www.europesays.com\/fr\/wp-json\/wp\/v2\/posts"}],"about":[{"href":"https:\/\/www.europesays.com\/fr\/wp-json\/wp\/v2\/types\/post"}],"author":[{"embeddable":true,"href":"https:\/\/www.europesays.com\/fr\/wp-json\/wp\/v2\/users\/2"}],"replies":[{"embeddable":true,"href":"https:\/\/www.europesays.com\/fr\/wp-json\/wp\/v2\/comments?post=384876"}],"version-history":[{"count":0,"href":"https:\/\/www.europesays.com\/fr\/wp-json\/wp\/v2\/posts\/384876\/revisions"}],"wp:featuredmedia":[{"embeddable":true,"href":"https:\/\/www.europesays.com\/fr\/wp-json\/wp\/v2\/media\/384877"}],"wp:attachment":[{"href":"https:\/\/www.europesays.com\/fr\/wp-json\/wp\/v2\/media?parent=384876"}],"wp:term":[{"taxonomy":"category","embeddable":true,"href":"https:\/\/www.europesays.com\/fr\/wp-json\/wp\/v2\/categories?post=384876"},{"taxonomy":"post_tag","embeddable":true,"href":"https:\/\/www.europesays.com\/fr\/wp-json\/wp\/v2\/tags?post=384876"}],"curies":[{"name":"wp","href":"https:\/\/api.w.org\/{rel}","templated":true}]}}