{"id":384886,"date":"2025-09-12T08:49:13","date_gmt":"2025-09-12T08:49:13","guid":{"rendered":"https:\/\/www.europesays.com\/fr\/384886\/"},"modified":"2025-09-12T08:49:13","modified_gmt":"2025-09-12T08:49:13","slug":"atp-nadal-nest-pas-jaloux-dalcaraz-jespere-quil-gagnera-autant-de-titres-du-grand-chelem-que-possible","status":"publish","type":"post","link":"https:\/\/www.europesays.com\/fr\/384886\/","title":{"rendered":"ATP > Nadal n&rsquo;est pas jaloux d&rsquo;Alcaraz : \u00ab\u00a0J&rsquo;esp\u00e8re qu&rsquo;il gagnera autant de titres du Grand Chelem que possible\u00a0\u00bb"},"content":{"rendered":"<p>R\u00e9pondant \u00e0 <strong>RNE <\/strong>depuis les Bal\u00e9ares, Rafael Nadal a encore \u00e9t\u00e9 \u00e9logieux au sujet de Carlos Alcaraz qui est entrain d\u2019af\u00adfoler les comp\u00adteurs. Pour Rafa, tout est possible en terme de palmar\u00e8s surtout si Carlitos est \u00e9pargn\u00e9 par les blessures.<\/p>\n<p>\u00ab\u202f<strong>Cette carri\u00e8re semble se diriger vers quelque chose d\u2019unique, j\u2019es\u00adp\u00e8re qu\u2019elle sera tr\u00e8s longue, ce dont il a besoin pour atteindre certains sommets. J\u2019esp\u00e8re que les bles\u00adsures seront ma\u00eetri\u00ads\u00e9es et que tout ira bien pour lui. Il a d\u00e9j\u00e0 six Grands Chelems \u00e0 son actif, mais n\u2019en parlons pas. Six Grands Chelems, c\u2019est un nombre incroyable, mais j\u2019es\u00adp\u00e8re qu\u2019il en gagnera autant que possible\u202f\u00bb<\/strong><\/p>\n<p class=\"post-published-date\" style=\"color: silver; font-size: 75%; text-align: left;\">Publi\u00e9 le vendredi 12 septembre 2025 \u00e0 09:04<\/p>\n","protected":false},"excerpt":{"rendered":"R\u00e9pondant \u00e0 RNE depuis les Bal\u00e9ares, Rafael Nadal a encore \u00e9t\u00e9 \u00e9logieux au sujet de Carlos Alcaraz qui&hellip;\n","protected":false},"author":2,"featured_media":64195,"comment_status":"","ping_status":"","sticky":false,"template":"","format":"standard","meta":{"footnotes":""},"categories":[1415],"tags":[1744,1011,27,1960,60,1467],"class_list":{"0":"post-384886","1":"post","2":"type-post","3":"status-publish","4":"format-standard","5":"has-post-thumbnail","7":"category-tennis","8":"tag-alcaraz","9":"tag-fr","10":"tag-france","11":"tag-nadal","12":"tag-sports","13":"tag-tennis"},"share_on_mastodon":{"url":"https:\/\/pubeurope.com\/@fr\/115190468633157009","error":""},"_links":{"self":[{"href":"https:\/\/www.europesays.com\/fr\/wp-json\/wp\/v2\/posts\/384886","targetHints":{"allow":["GET"]}}],"collection":[{"href":"https:\/\/www.europesays.com\/fr\/wp-json\/wp\/v2\/posts"}],"about":[{"href":"https:\/\/www.europesays.com\/fr\/wp-json\/wp\/v2\/types\/post"}],"author":[{"embeddable":true,"href":"https:\/\/www.europesays.com\/fr\/wp-json\/wp\/v2\/users\/2"}],"replies":[{"embeddable":true,"href":"https:\/\/www.europesays.com\/fr\/wp-json\/wp\/v2\/comments?post=384886"}],"version-history":[{"count":0,"href":"https:\/\/www.europesays.com\/fr\/wp-json\/wp\/v2\/posts\/384886\/revisions"}],"wp:featuredmedia":[{"embeddable":true,"href":"https:\/\/www.europesays.com\/fr\/wp-json\/wp\/v2\/media\/64195"}],"wp:attachment":[{"href":"https:\/\/www.europesays.com\/fr\/wp-json\/wp\/v2\/media?parent=384886"}],"wp:term":[{"taxonomy":"category","embeddable":true,"href":"https:\/\/www.europesays.com\/fr\/wp-json\/wp\/v2\/categories?post=384886"},{"taxonomy":"post_tag","embeddable":true,"href":"https:\/\/www.europesays.com\/fr\/wp-json\/wp\/v2\/tags?post=384886"}],"curies":[{"name":"wp","href":"https:\/\/api.w.org\/{rel}","templated":true}]}}