{"id":384887,"date":"2025-09-12T08:51:14","date_gmt":"2025-09-12T08:51:14","guid":{"rendered":"https:\/\/www.europesays.com\/fr\/384887\/"},"modified":"2025-09-12T08:51:14","modified_gmt":"2025-09-12T08:51:14","slug":"je-ne-dors-pas-a-cause-de-la-douleur","status":"publish","type":"post","link":"https:\/\/www.europesays.com\/fr\/384887\/","title":{"rendered":"Je ne dors pas \u00e0 cause de la douleur"},"content":{"rendered":"<p>Une semaine apr\u00e8s son retour \u00e0 la comp\u00e9tition, <a href=\"https:\/\/fr.motorsport.com\/driver\/maverick-vinales\/96553\/\" target=\"_blank\" rel=\"noopener nofollow\">Maverick Vi\u00f1ales<\/a> va encore devoir serrer les dents \u00e0 Misano. Victime d&rsquo;une fracture de l&rsquo;\u00e9paule gauche, cons\u00e9quence d&rsquo;une chute en Q2 au Sachsenring, l&rsquo;Espagnol a tent\u00e9 un premier retour au Red Bull Ring mais a d\u00fb renoncer apr\u00e8s les qualifications. Absent au Balaton Park, il a pu disputer l&rsquo;int\u00e9gralit\u00e9 du week-end \u00e0 Barcelone, non sans difficult\u00e9.<\/p>\n<p>Vi\u00f1ales a reconnu \u00eatre encore incapable de se placer correctement derri\u00e8re la bulle en ligne droite, ce qui <a href=\"https:\/\/fr.motorsport.com\/motogp\/news\/vinales-douleur-tiens-moto-une-main\/10757921\/\" rel=\"nofollow noopener\" target=\"_blank\">signifie qu&rsquo;il ne tient fermement son guidon qu&rsquo;\u00e0 une main<\/a>&#8230; Et depuis cette course, la convalescence n&rsquo;a pas forc\u00e9ment \u00e9t\u00e9 plus facile.<\/p>\n<p>\u00ab\u00a0Les nuits sont le moment le plus dur, je ne dors pas \u00e0 cause de la douleur\u00a0\u00bb, a reconnu Vi\u00f1ales. \u00ab\u00a0Je pr\u00e9f\u00e8re ne rien prendre pour m&rsquo;aider, parce que je ne prends pas de m\u00e9dicaments. Je pr\u00e9f\u00e8re comprendre comment se passe la convalescence sans rien prendre, pour que ce soit r\u00e9el.\u00a0\u00bb<\/p>\n<p>\u00ab\u00a0Apr\u00e8s la course, c&rsquo;\u00e9tait naturellement un peu douloureux, c&rsquo;est \u00e9vident\u00a0\u00bb, a ajout\u00e9 Vi\u00f1ales. \u00ab\u00a0J&rsquo;ai profit\u00e9 de la journ\u00e9e de lundi pour r\u00e9cup\u00e9rer, et mardi et mercredi j&rsquo;ai tout donn\u00e9. C&rsquo;est une question de temps avant de retrouver ma force, ce qui me manque le plus. Et concernant la mobilit\u00e9, surtout en ligne droite, je ne peux pas me mettre sur la moto et je souffre, mais c&rsquo;est normal.\u00a0\u00bb<\/p>\n<p>   <img decoding=\"async\" draggable=\"false\" src=\"https:\/\/www.europesays.com\/fr\/wp-content\/uploads\/2025\/09\/1757667073_44_maverick-vinales-red-bull-ktm-.jpg\" alt=\"Maverick Vinales, Red Bull KTM Tech 3\" width=\"1200\" height=\"800\" loading=\"lazy\"\/> <\/p>\n<p class=\"title\">Maverick Vi\u00f1ales<\/p>\n<p class=\"photographer\">Photo de: Gold and Goose Photography \/ LAT Images \/ via Getty Images<\/p>\n<p>Vi\u00f1ales tient pourtant \u00e0 \u00ab\u00a0faire le plus de tours possible\u00a0\u00bb et pense que piloter sa KTM est le meilleur moyen d&rsquo;acc\u00e9l\u00e9rer sa convalescence, qui \u00e9volue dans une bonne direction\u00a0: \u00ab\u00a0J&rsquo;ai commenc\u00e9 \u00e0 soulever des poids parce que j&rsquo;ai moins mal, surtout au niveau des tendons. Je n&rsquo;ai plus de pics de douleurs quand je fais \u00e7a. Et je sens que j&rsquo;ai un peu plus de force, jour apr\u00e8s jour.\u00a0\u00bb<\/p>\n<p>\u00ab\u00a0Je suis curieux de voir. Misano est l&rsquo;un de mes circuits pr\u00e9f\u00e9r\u00e9s, je n&rsquo;arrive pas dans ma meilleure forme mais on ne sait jamais. On verra mes sensations pendant le week-end. Misano est une piste tr\u00e8s physique parce qu&rsquo;elle offre beaucoup de grip, mais j&rsquo;utiliserai d&rsquo;autres parties du corps pour compenser le manque de force dans le bras gauche.\u00a0\u00bb<\/p>\n<p>\u00ab\u00a0Il faudra que j&rsquo;\u00e9conomise un peu d&rsquo;\u00e9nergie pour les bons moments, comme les Essais ou les qualifications\u00a0\u00bb, a pr\u00e9cis\u00e9 Vi\u00f1ales. \u00ab\u00a0Mais chaque journ\u00e9e compte, chaque s\u00e9ance. On sait que la moto fonctionne bien. On peut voir ce qui me manque maintenant, en force.\u00a0\u00bb<\/p>\n<p>\u00ab\u00a0Au niveau du pilotage, je suis au niveau et je peux vraiment \u00eatre proche du sommet quand je me sens bien. On n&rsquo;est pas vraiment inquiets, c&rsquo;est juste une question de temps pour essayer de comprendre ce qui manque pour que mon \u00e9paule gauche aille bien.\u00a0\u00bb<\/p>\n<p>   <img decoding=\"async\" draggable=\"false\" src=\"https:\/\/www.europesays.com\/fr\/wp-content\/uploads\/2025\/09\/1757667074_304_maverick-vinales-red-bull-ktm-.jpg\" alt=\"Maverick Vinales, Red Bull KTM Tech 3\" width=\"1200\" height=\"800\" loading=\"lazy\"\/> <\/p>\n<p class=\"title\">Maverick Vi\u00f1ales<\/p>\n<p class=\"photographer\">Photo de: Gold and Goose Photography \/ LAT Images \/ via Getty Images<\/p>\n<p>Vi\u00f1ales se pr\u00e9pare n\u00e9anmoins \u00e0 un week-end plus dur \u00e0 Misano qu&rsquo;\u00e0 Barcelone\u00a0: \u00ab\u00a0Il y a beaucoup plus d&rsquo;adh\u00e9rence ici et on peut rouler plus vite. Mais il faut que je sois sur la moto, ce qui est bien, et que je fasse un week-end propre. Je vais continuer \u00e0 travailler pour progresser. J&rsquo;ai progress\u00e9 tous les jours \u00e0 Montmel\u00f3.\u00a0\u00bb<\/p>\n<p>\u00ab\u00a0Le premier jour, je n&rsquo;\u00e9tais pas tr\u00e8s s\u00fbr d&rsquo;arriver jusqu&rsquo;\u00e0 la course, et j&rsquo;ai fait la course, donc je vais faire une \u00e9valuation tous les jours mais \u00e7a semble positif. Chaque tour en piste me rapproche de mon meilleur niveau.\u00a0\u00bb<\/p>\n<p style=\"text-align: right;\">Avec Germ\u00e1n Garcia Casanova<\/p>\n<p>Lire aussi :<\/p>\n<p>Dans cet article<\/p>\n<p>Soyez le premier inform\u00e9 et souscrivez aux alertes mails pour recevoir les infos en temps r\u00e9el<\/p>\n<p>    S&rsquo;abonner aux alertes de news<\/p>\n","protected":false},"excerpt":{"rendered":"Une semaine apr\u00e8s son retour \u00e0 la comp\u00e9tition, Maverick Vi\u00f1ales va encore devoir serrer les dents \u00e0 Misano.&hellip;\n","protected":false},"author":2,"featured_media":384888,"comment_status":"","ping_status":"","sticky":false,"template":"","format":"standard","meta":{"footnotes":""},"categories":[1413],"tags":[1011,27,48392,5712,48393,1457,1456,1458,60,3374,51760],"class_list":{"0":"post-384887","1":"post","2":"type-post","3":"status-publish","4":"format-standard","5":"has-post-thumbnail","7":"category-moto","8":"tag-fr","9":"tag-france","10":"tag-gp-de-saint-marin","11":"tag-maverick-viu00f1ales","12":"tag-misano-world-circuit-marco-simoncelli","13":"tag-moto","14":"tag-motocycle","15":"tag-motogp","16":"tag-sports","17":"tag-tech-3","18":"tag-viu00f1ales-va-encore-souffriru00a0-je-ne-dors-pas-u00e0-cause-de-la-douleur"},"share_on_mastodon":{"url":"https:\/\/pubeurope.com\/@fr\/115190476595345448","error":""},"_links":{"self":[{"href":"https:\/\/www.europesays.com\/fr\/wp-json\/wp\/v2\/posts\/384887","targetHints":{"allow":["GET"]}}],"collection":[{"href":"https:\/\/www.europesays.com\/fr\/wp-json\/wp\/v2\/posts"}],"about":[{"href":"https:\/\/www.europesays.com\/fr\/wp-json\/wp\/v2\/types\/post"}],"author":[{"embeddable":true,"href":"https:\/\/www.europesays.com\/fr\/wp-json\/wp\/v2\/users\/2"}],"replies":[{"embeddable":true,"href":"https:\/\/www.europesays.com\/fr\/wp-json\/wp\/v2\/comments?post=384887"}],"version-history":[{"count":0,"href":"https:\/\/www.europesays.com\/fr\/wp-json\/wp\/v2\/posts\/384887\/revisions"}],"wp:featuredmedia":[{"embeddable":true,"href":"https:\/\/www.europesays.com\/fr\/wp-json\/wp\/v2\/media\/384888"}],"wp:attachment":[{"href":"https:\/\/www.europesays.com\/fr\/wp-json\/wp\/v2\/media?parent=384887"}],"wp:term":[{"taxonomy":"category","embeddable":true,"href":"https:\/\/www.europesays.com\/fr\/wp-json\/wp\/v2\/categories?post=384887"},{"taxonomy":"post_tag","embeddable":true,"href":"https:\/\/www.europesays.com\/fr\/wp-json\/wp\/v2\/tags?post=384887"}],"curies":[{"name":"wp","href":"https:\/\/api.w.org\/{rel}","templated":true}]}}