{"id":384889,"date":"2025-09-12T08:52:10","date_gmt":"2025-09-12T08:52:10","guid":{"rendered":"https:\/\/www.europesays.com\/fr\/384889\/"},"modified":"2025-09-12T08:52:10","modified_gmt":"2025-09-12T08:52:10","slug":"le-palmares-complet-du-grand-prix-a-bakou","status":"publish","type":"post","link":"https:\/\/www.europesays.com\/fr\/384889\/","title":{"rendered":"le palmar\u00e8s complet du Grand Prix \u00e0 Bakou"},"content":{"rendered":"<p>L&rsquo;Azerba\u00efdjan est la prochaine \u00e9tape du championnat du monde de Formule 1. Il aura lieu le week-end du 19-20-21 septembre. Avant de se plonger pleinement dans cette \u00e9preuve, on vous propose un retour en arri\u00e8re avec le palmar\u00e8s complet.<\/p>\n<p>Le Grand Prix d&rsquo;Azerba\u00efdjan de F1 est au calendrier du championnat du monde depuis 2017. La Formule 1 s&rsquo;\u00e9tait rendue \u00e0 Bakou en 2016 pour le Grand Prix d&rsquo;Europe. Une course remport\u00e9e \u00e0 l&rsquo;\u00e9poque par Nico Rosberg.<\/p>\n<p>Et aussi improbable que cela puisse para\u00eetre, ce n&rsquo;est ni Max Verstappen ni Lewis Hamilton qui d\u00e9tient le record de victoire sur ce circuit urbain. Non, il s&rsquo;agit de Sergio Perez. Le Mexicain s&rsquo;est impos\u00e9 \u00e0 deux reprises en Azerba\u00efdjan. Les deux fois avec Red Bull : 2021 et 2023. La liste des vainqueurs compte Max Verstappen, Lewis Hamilton, Valtteri Bottas et Oscar Piastri.<\/p>\n<p>En revanche, chez les constructeurs, Red Bull r\u00e8gne en ma\u00eetre avec 4 victoires en 7 \u00e9ditions. La Scuderia Ferrari ne compte aucun succ\u00e8s.<\/p>\n<p>Le palmar\u00e8s du GP d&rsquo;Azerba\u00efdjan de F1, de 2017 \u00e0 2024<\/p>\n<tr>\n\u00c9DITION<br \/>\nPILOTES<br \/>\n\u00c9CURIES<br \/>\n<\/tr>\n<tr>\n<td style=\"border:1px solid hsl(0, 0%, 90%);text-align:center;\">2017<\/td>\n<td style=\"border:1px solid hsl(0, 0%, 90%);text-align:center;\">Daniel Ricciardo<\/td>\n<td style=\"border:1px solid hsl(0, 0%, 90%);text-align:center;\">Red Bull<\/td>\n<\/tr>\n<tr>\n<td style=\"background-color:hsl(0, 0%, 90%);border:1px solid hsl(0, 0%, 90%);text-align:center;\">2018<\/td>\n<td style=\"background-color:hsl(0, 0%, 90%);border:1px solid hsl(0, 0%, 90%);text-align:center;\">Lewis Hamilton<\/td>\n<td style=\"background-color:hsl(0, 0%, 90%);border:1px solid hsl(0, 0%, 90%);text-align:center;\">Mercedes<\/td>\n<\/tr>\n<tr>\n<td style=\"border:1px solid hsl(0, 0%, 90%);text-align:center;\">2019<\/td>\n<td style=\"border:1px solid hsl(0, 0%, 90%);text-align:center;\">Valtteri Bottas<\/td>\n<td style=\"border:1px solid hsl(0, 0%, 90%);text-align:center;\">Mercedes<\/td>\n<\/tr>\n<tr>\n<td style=\"background-color:hsl(0, 0%, 90%);border:1px solid hsl(0, 0%, 90%);text-align:center;\">2021<\/td>\n<td style=\"background-color:hsl(0, 0%, 90%);border:1px solid hsl(0, 0%, 90%);text-align:center;\">Sergio Perez<\/td>\n<td style=\"background-color:hsl(0, 0%, 90%);border:1px solid hsl(0, 0%, 90%);text-align:center;\">Red Bull<\/td>\n<\/tr>\n<tr>\n<td style=\"border:1px solid hsl(0, 0%, 90%);text-align:center;\">2022<\/td>\n<td style=\"border:1px solid hsl(0, 0%, 90%);text-align:center;\">Max Verstappen<\/td>\n<td style=\"border:1px solid hsl(0, 0%, 90%);text-align:center;\">Red Bull<\/td>\n<\/tr>\n<tr>\n<td style=\"background-color:hsl(0, 0%, 90%);border:1px solid hsl(0, 0%, 90%);text-align:center;\">2023<\/td>\n<td style=\"background-color:hsl(0, 0%, 90%);border:1px solid hsl(0, 0%, 90%);text-align:center;\">Sergio Perez<\/td>\n<td style=\"background-color:hsl(0, 0%, 90%);border:1px solid hsl(0, 0%, 90%);text-align:center;\">Red Bull<\/td>\n<\/tr>\n<tr>\n<td style=\"border:1px solid hsl(0, 0%, 90%);text-align:center;\">2024<\/td>\n<td style=\"border:1px solid hsl(0, 0%, 90%);text-align:center;\">Oscar Piastri<\/td>\n<td style=\"border:1px solid hsl(0, 0%, 90%);text-align:center;\">McLaren<\/td>\n<\/tr>\n<p>Le r\u00e9sum\u00e9 vid\u00e9o du GP d&rsquo;Azerba\u00efdjan 2024<\/p>\n<p>Le r\u00e9sum\u00e9 vid\u00e9o du GP d&rsquo;Azerba\u00efdjan 2023\n<\/p>\n<p>Le r\u00e9sum\u00e9 vid\u00e9o du GP d&rsquo;Azerba\u00efdjan 2022\n<\/p>\n<p>Le r\u00e9sum\u00e9 vid\u00e9o du GP d&rsquo;Azerba\u00efdjan 2021\n<\/p>\n<p>Le r\u00e9sum\u00e9 vid\u00e9o du GP d&rsquo;Azerba\u00efdjan 2019\n<\/p>\n<p>Charles Leclerc, roi de la pole position au GP d&rsquo;Azerba\u00efdjan\n<\/p>\n<p>Si le palmar\u00e8s des vainqueurs de Grand Prix est riche, ce n&rsquo;est pas le cas des pole positions. Sur 7 \u00e9ditions, Charles Leclerc en comptabilise 4 ! Autre fait surprenant, Max Verstappen n&rsquo;a jamais sign\u00e9 de pole position \u00e0 Bakou.<\/p>\n<tr>\n\u00c9DITION<br \/>\nPILOTES<br \/>\n\u00c9CURIES<br \/>\n<\/tr>\n<tr>\n<td style=\"border:1px solid hsl(0, 0%, 90%);text-align:center;\">2017<\/td>\n<td style=\"border:1px solid hsl(0, 0%, 90%);text-align:center;\">Lewis Hamilton<\/td>\n<td style=\"border:1px solid hsl(0, 0%, 90%);text-align:center;\">Mercedes<\/td>\n<\/tr>\n<tr>\n<td style=\"background-color:hsl(0, 0%, 90%);border:1px solid hsl(0, 0%, 90%);text-align:center;\">2018<\/td>\n<td style=\"background-color:hsl(0, 0%, 90%);border:1px solid hsl(0, 0%, 90%);text-align:center;\">Sebastian Vettel<\/td>\n<td style=\"background-color:hsl(0, 0%, 90%);border:1px solid hsl(0, 0%, 90%);text-align:center;\">Scuderia Ferrari<\/td>\n<\/tr>\n<tr>\n<td style=\"border:1px solid hsl(0, 0%, 90%);text-align:center;\">2019<\/td>\n<td style=\"border:1px solid hsl(0, 0%, 90%);text-align:center;\">Valtteri Bottas<\/td>\n<td style=\"border:1px solid hsl(0, 0%, 90%);text-align:center;\">Mercedes<\/td>\n<\/tr>\n<tr>\n<td style=\"background-color:hsl(0, 0%, 90%);border:1px solid hsl(0, 0%, 90%);text-align:center;\">2021<\/td>\n<td style=\"background-color:hsl(0, 0%, 90%);border:1px solid hsl(0, 0%, 90%);text-align:center;\">Charles Leclerc<\/td>\n<td style=\"background-color:hsl(0, 0%, 90%);border:1px solid hsl(0, 0%, 90%);text-align:center;\">Scuderia Ferrari<\/td>\n<\/tr>\n<tr>\n<td style=\"border:1px solid hsl(0, 0%, 90%);text-align:center;\">2022<\/td>\n<td style=\"border:1px solid hsl(0, 0%, 90%);text-align:center;\">Charles Leclerc<\/td>\n<td style=\"border:1px solid hsl(0, 0%, 90%);text-align:center;\">Scuderia Ferrari<\/td>\n<\/tr>\n<tr>\n<td style=\"background-color:hsl(0, 0%, 90%);border:1px solid hsl(0, 0%, 90%);text-align:center;\">2023<\/td>\n<td style=\"background-color:hsl(0, 0%, 90%);border:1px solid hsl(0, 0%, 90%);text-align:center;\">Charles Leclerc<\/td>\n<td style=\"background-color:hsl(0, 0%, 90%);border:1px solid hsl(0, 0%, 90%);text-align:center;\">Scuderia Ferrari<\/td>\n<\/tr>\n<tr>\n<td style=\"border:1px solid hsl(0, 0%, 90%);text-align:center;\">2024<\/td>\n<td style=\"border:1px solid hsl(0, 0%, 90%);text-align:center;\">Charles Leclerc<\/td>\n<td style=\"border:1px solid hsl(0, 0%, 90%);text-align:center;\">Scuderia Ferrari<\/td>\n<\/tr>\n<p>Cr\u00e9dit photo : Ferrari.<\/p>\n","protected":false},"excerpt":{"rendered":"L&rsquo;Azerba\u00efdjan est la prochaine \u00e9tape du championnat du monde de Formule 1. Il aura lieu le week-end du&hellip;\n","protected":false},"author":2,"featured_media":384890,"comment_status":"","ping_status":"","sticky":false,"template":"","format":"standard","meta":{"footnotes":""},"categories":[1412],"tags":[1451,1452,1453,1454,1455,1011,27,60],"class_list":{"0":"post-384889","1":"post","2":"type-post","3":"status-publish","4":"format-standard","5":"has-post-thumbnail","7":"category-f1","8":"tag-f1","9":"tag-formula-1","10":"tag-formula1","11":"tag-formule-1","12":"tag-formule1","13":"tag-fr","14":"tag-france","15":"tag-sports"},"share_on_mastodon":{"url":"https:\/\/pubeurope.com\/@fr\/115190480453346368","error":""},"_links":{"self":[{"href":"https:\/\/www.europesays.com\/fr\/wp-json\/wp\/v2\/posts\/384889","targetHints":{"allow":["GET"]}}],"collection":[{"href":"https:\/\/www.europesays.com\/fr\/wp-json\/wp\/v2\/posts"}],"about":[{"href":"https:\/\/www.europesays.com\/fr\/wp-json\/wp\/v2\/types\/post"}],"author":[{"embeddable":true,"href":"https:\/\/www.europesays.com\/fr\/wp-json\/wp\/v2\/users\/2"}],"replies":[{"embeddable":true,"href":"https:\/\/www.europesays.com\/fr\/wp-json\/wp\/v2\/comments?post=384889"}],"version-history":[{"count":0,"href":"https:\/\/www.europesays.com\/fr\/wp-json\/wp\/v2\/posts\/384889\/revisions"}],"wp:featuredmedia":[{"embeddable":true,"href":"https:\/\/www.europesays.com\/fr\/wp-json\/wp\/v2\/media\/384890"}],"wp:attachment":[{"href":"https:\/\/www.europesays.com\/fr\/wp-json\/wp\/v2\/media?parent=384889"}],"wp:term":[{"taxonomy":"category","embeddable":true,"href":"https:\/\/www.europesays.com\/fr\/wp-json\/wp\/v2\/categories?post=384889"},{"taxonomy":"post_tag","embeddable":true,"href":"https:\/\/www.europesays.com\/fr\/wp-json\/wp\/v2\/tags?post=384889"}],"curies":[{"name":"wp","href":"https:\/\/api.w.org\/{rel}","templated":true}]}}