{"id":384899,"date":"2025-09-12T08:57:10","date_gmt":"2025-09-12T08:57:10","guid":{"rendered":"https:\/\/www.europesays.com\/fr\/384899\/"},"modified":"2025-09-12T08:57:10","modified_gmt":"2025-09-12T08:57:10","slug":"la-premiere-selection-du-prix-medicis-2025","status":"publish","type":"post","link":"https:\/\/www.europesays.com\/fr\/384899\/","title":{"rendered":"La premi\u00e8re s\u00e9lection du prix M\u00e9dicis 2025"},"content":{"rendered":"<p>Le jury du prix M\u00e9dicis 2025 a r\u00e9v\u00e9l\u00e9, vendredi 12 septembre, sa premi\u00e8re s\u00e9lection. Compos\u00e9e de 14 romans fran\u00e7ais et de 14\u00a0titres \u00e9trangers, elle sera raccourcie le 16 octobre prochain. Le laur\u00e9at sera couronn\u00e9 le 5 novembre, lors d\u2019une remise de prix organis\u00e9e au restaurant La M\u00e9diterran\u00e9e \u00e0 Paris.<\/p>\n<p>La premi\u00e8re s\u00e9lection du prix M\u00e9dicis 2025<\/p>\n<ul dir=\"ltr\">\n<li><strong>Julien d&rsquo;Abrigeon<\/strong>,\u00a0Qui tombe des \u00e9toiles\u00a0(Le Quartanier)<\/li>\n<li><strong>Nathacha Appanah<\/strong>,\u00a0La Nuit au c\u0153ur\u00a0(Gallimard)\u00a0<\/li>\n<li><strong>Emmanuel Carr\u00e8re<\/strong>,\u00a0Kolkhoze\u00a0(P.O.L)<\/li>\n<li><strong>Ghislaine Dunant<\/strong>,\u00a0Un amour infini\u00a0(Albin Michel)<\/li>\n<li><strong>Victor Jestin<\/strong>,\u00a0La mauvaise joueuse (Flammarion)\u00a0<\/li>\n<li><strong>Laurent Mauvignier<\/strong>,\u00a0La Maison vide\u00a0(Minuit)<\/li>\n<li><strong>C\u00e9line Minard<\/strong>,\u00a0Tovaangar\u00a0(Rivages)<\/li>\n<li><strong>Anya Nousri<\/strong>,\u00a0On m&rsquo;a jet\u00e9 l&rsquo;\u0153il\u00a0(Le Castor Astral)<\/li>\n<li><strong>Kevin Orr<\/strong>,\u00a0Laure\u00a0(Seuil)<\/li>\n<li><strong>Marie Richeux<\/strong>,\u00a0Officier radio\u00a0(Sabine Wespieser)<\/li>\n<li><strong>Louise Rose<\/strong>,\u00a0Les Projectiles\u00a0(P.O.L)<\/li>\n<li><strong>Anne Serre<\/strong>,\u00a0Vertu et Rosalinde\u00a0(Mercure de France)<\/li>\n<li><strong>Julia Sintzen<\/strong>,\u00a0Sporen\u00a0(Corti)<\/li>\n<li><strong>Laura Vazquez<\/strong>,\u00a0Les Forces\u00a0(\u00c9ditions du Sous-Sol)<\/li>\n<\/ul>\n<p>\u00a0<\/p>\n<p>La premi\u00e8re s\u00e9lection du prix M\u00e9dicis \u00e9tranger 2025<\/p>\n<ul dir=\"ltr\">\n<li><strong>Nina Allan<\/strong>,\u00a0Les Bons Voisins, traduit de l\u2019anglais (UK) par <strong>Bernard Sigaud<\/strong> (Tristram)<\/li>\n<li><strong>Jen Beagin<\/strong>,\u00a0Suissexe, traduit de l\u2019anglais (US) par <strong>Antoine Guillemain<\/strong> (Mercure de France)<\/li>\n<li><strong>Natasha Brown<\/strong>,\u00a0Les Universalistes, traduit de l\u2019anglais (UK) par <strong>Marguerite Capelle<\/strong> (Grasset)<\/li>\n<li><strong>Javier Cercas<\/strong>,\u00a0Le Fou de Dieu au bout du monde, traduit de l\u2019espagnol (Espagne) par <strong>Aleksandar Grujicic<\/strong> et <strong>Karine Louesdon<\/strong> (Actes Sud)<\/li>\n<li><strong>Carys Davies<\/strong>,\u00a0\u00c9claircie, traduit de l\u2019anglais (UK) par <strong>David Fauquemberg<\/strong>\u00a0(La Table Ronde)<\/li>\n<li><strong>Jenny Erpenbeck<\/strong>,\u00a0Kairos, traduit de l\u2019allemand par <strong>Rose Labourie<\/strong> (Gallimard)<\/li>\n<li><strong>Percival Everett<\/strong>,\u00a0James, traduit de l\u2019anglais (US) par <strong>Anne-Laure Tissut<\/strong> (L\u2019Olivier)<\/li>\n<li><strong>Gerard Guix<\/strong>,\u00a0Doppelg\u00e4nger, traduit de l\u2019espagnol (Espagne) par <strong>Carole Filli\u00e8re<\/strong> (Aux Forges de Vulcain)<\/li>\n<li><strong>Sa\u014d Ichikawa<\/strong>,\u00a0La Bossue, traduit du japonais par <strong>Patrick Honnor\u00e9<\/strong> (Globe)<\/li>\n<li><strong>Micha Lewinsky<\/strong>,\u00a0Ben ou l\u2019art de la fuite, traduit de l\u2019allemand (Suisse) par <strong>Alo\u00efse Denis<\/strong> (Ph\u00e9bus)\u00a0<\/li>\n<li><strong>P\u00e9ter N\u00e1das<\/strong>,\u00a0Ce qui luit dans les t\u00e9n\u00e8bres, traduit du hongrois par <strong>Sophie Aude<\/strong> (Noir sur Blanc)<\/li>\n<li><strong>Sigrid Nunez<\/strong>,\u00a0Les Vuln\u00e9rables, traduit de l\u2019anglais (US) par <strong>Mathilde Bach<\/strong> (Stock)<\/li>\n<li><strong>Tommy Orange<\/strong>,\u00a0Les \u00c9toiles errantes, traduit de l\u2019anglais (US) par <strong>St\u00e9phane Roques<\/strong> (Albin Michel)<\/li>\n<li><strong>Dizz Tate<\/strong>,\u00a0Brutes, traduit de l\u2019anglais (US) par <strong>Madeleine Nasalik<\/strong> (L\u2019Olivier)<\/li>\n<\/ul>\n<p>\u00a0<\/p>\n<p>L&rsquo;an dernier,\u00a0<a href=\"https:\/\/www.livreshebdo.fr\/article\/julia-deck-decroche-le-prix-medicis-2024\" target=\"_blank\" rel=\"nofollow noopener\"><strong>Julia Deck<\/strong> avait \u00e9t\u00e9 couronn\u00e9e, pour son ouvrage\u00a0Ann d&rsquo;Angleterre paru au\u00a0Seuil<\/a><strong> <\/strong>et dont les ventes d\u00e9passent \u00e0 ce jour les 21 000 exemplaires selon NielsenIQ Bookdata<strong>. Eduardo Halfon<\/strong>\u00a0et <strong>Reiner Stach<\/strong> ont\u00a0\u00e9galement \u00e9t\u00e9 honor\u00e9s des prix M\u00e9dicis \u00e9tranger et de l&rsquo;essai, pour\u00a0Tarentule, traduit de l&rsquo;espagnol (Guatemala) par <strong>David Fauquemberg<\/strong> (Quai Voltaire) et\u00a0Kafka (tome\u00a03), Les ann\u00e9es de jeunesse,\u00a0traduit de l&rsquo;allemand par <strong>R\u00e9gis Quatresous<\/strong> (Le Cherche Midi).<\/p>\n<p>          Le jury du prix Medicis 2025<\/p>\n<ul>\n<li>Marianne <strong>ALPHANT<\/strong><\/li>\n<li>Michel <strong>BRAUDEAU\u00a0<\/strong><\/li>\n<li>Marie <strong>DARRIEUSSECQ<\/strong>\u00a0<\/li>\n<li>Dominique <strong>FERNANDEZ<\/strong>\u00a0<\/li>\n<li>Anne <strong>GARRETA<\/strong><\/li>\n<li>Patrick <strong>GRAINVILLE<\/strong><\/li>\n<li>Andrei\u0308 <strong>MAKINE<\/strong><\/li>\n<li>Pascale <strong>ROZE<\/strong><\/li>\n<li>Alain <strong>VEINSTEIN<\/strong><\/li>\n<\/ul>\n<p>Pour t\u00e9l\u00e9charger ce document, vous devez d&rsquo;abord acheter l&rsquo;article correspondant.<\/p>\n","protected":false},"excerpt":{"rendered":"Le jury du prix M\u00e9dicis 2025 a r\u00e9v\u00e9l\u00e9, vendredi 12 septembre, sa premi\u00e8re s\u00e9lection. Compos\u00e9e de 14 romans&hellip;\n","protected":false},"author":2,"featured_media":384900,"comment_status":"","ping_status":"","sticky":false,"template":"","format":"standard","meta":{"footnotes":""},"categories":[1357],"tags":[1379,58,59,1011,27,1380],"class_list":{"0":"post-384899","1":"post","2":"type-post","3":"status-publish","4":"format-standard","5":"has-post-thumbnail","7":"category-livres","8":"tag-books","9":"tag-divertissement","10":"tag-entertainment","11":"tag-fr","12":"tag-france","13":"tag-livres"},"share_on_mastodon":{"url":"https:\/\/pubeurope.com\/@fr\/115190500423771215","error":""},"_links":{"self":[{"href":"https:\/\/www.europesays.com\/fr\/wp-json\/wp\/v2\/posts\/384899","targetHints":{"allow":["GET"]}}],"collection":[{"href":"https:\/\/www.europesays.com\/fr\/wp-json\/wp\/v2\/posts"}],"about":[{"href":"https:\/\/www.europesays.com\/fr\/wp-json\/wp\/v2\/types\/post"}],"author":[{"embeddable":true,"href":"https:\/\/www.europesays.com\/fr\/wp-json\/wp\/v2\/users\/2"}],"replies":[{"embeddable":true,"href":"https:\/\/www.europesays.com\/fr\/wp-json\/wp\/v2\/comments?post=384899"}],"version-history":[{"count":0,"href":"https:\/\/www.europesays.com\/fr\/wp-json\/wp\/v2\/posts\/384899\/revisions"}],"wp:featuredmedia":[{"embeddable":true,"href":"https:\/\/www.europesays.com\/fr\/wp-json\/wp\/v2\/media\/384900"}],"wp:attachment":[{"href":"https:\/\/www.europesays.com\/fr\/wp-json\/wp\/v2\/media?parent=384899"}],"wp:term":[{"taxonomy":"category","embeddable":true,"href":"https:\/\/www.europesays.com\/fr\/wp-json\/wp\/v2\/categories?post=384899"},{"taxonomy":"post_tag","embeddable":true,"href":"https:\/\/www.europesays.com\/fr\/wp-json\/wp\/v2\/tags?post=384899"}],"curies":[{"name":"wp","href":"https:\/\/api.w.org\/{rel}","templated":true}]}}