{"id":384901,"date":"2025-09-12T08:58:20","date_gmt":"2025-09-12T08:58:20","guid":{"rendered":"https:\/\/www.europesays.com\/fr\/384901\/"},"modified":"2025-09-12T08:58:20","modified_gmt":"2025-09-12T08:58:20","slug":"audiences-programmes-en-derniere-minute-caroline-roux-et-levenement-sur-france-2-ont-ils-reussi-a-exister-face-a-hpi-sur-tf1","status":"publish","type":"post","link":"https:\/\/www.europesays.com\/fr\/384901\/","title":{"rendered":"Audiences : Programm\u00e9s en derni\u00e8re minute, Caroline Roux et \u00ab\u00a0L&rsquo;\u00e9v\u00e9nement\u00a0\u00bb sur France 2 ont-ils r\u00e9ussi \u00e0 exister face \u00e0 \u00ab\u00a0HPI\u00a0\u00bb sur TF1 ?"},"content":{"rendered":"<p>            <img loading=\"lazy\" decoding=\"async\" src=\"https:\/\/www.europesays.com\/fr\/wp-content\/uploads\/2025\/04\/89-665d8e735540a-35x35-1.jpg\" class=\"author-article-picture\" width=\"35\" height=\"35\"\/><\/p>\n<p>                Par<br \/>\n                                    <a class=\"author-article-bio-link\" href=\"https:\/\/www.ozap.com\/auteur\/lea-stassinet_a89\" rel=\"nofollow noopener\" target=\"_blank\">L\u00e9a Stassinet<\/a><br \/>\n                                                    | Journaliste<\/p>\n<p>\n                Venue du royaume d'\u00a0\u00bbIntervilles\u00a0\u00bb (Mont-de-Marsan), L\u00e9a Stassinet a \u00e9t\u00e9 berc\u00e9e par la \u00ab\u00a0Nouvelle Star\u00a0\u00bb. Elle ne rate jamais les C\u00e9sar ni l\u2019Eurovision, synonymes de soir\u00e9e pronostics entre amis. Passionn\u00e9e de tennis et de politique, elle suit toutes les soir\u00e9es \u00e9lectorales, sauf pendant Roland-Garros.\n            <\/p>\n<p>\n    \u00ab\u00a0HPI\u00a0\u00bb, \u00ab\u00a0L&rsquo;\u00e9v\u00e9nement\u00a0\u00bb, \u00ab\u00a0Crimes \u00e0 Biot\u00a0\u00bb, \u00ab\u00a0Cauchemar en cuisine\u00a0\u00bb&#8230; Les audiences de la soir\u00e9e du jeudi 11 septembre 2025.\n<\/p>\n<p>                            <img loading=\"lazy\" decoding=\"async\" class=\"player-thumbnail\" src=\"https:\/\/www.europesays.com\/fr\/wp-content\/uploads\/2025\/09\/07d590daf52b13a1-580x326-1.jpg\" width=\"580\" height=\"326\"\/><\/p>\n<p>                    Comment sont mesur\u00e9es les audiences t\u00e9l\u00e9 ?<\/p>\n<p>La suite apr\u00e8s la publicit\u00e9<\/p>\n<p>                            <img decoding=\"async\" class=\"article-audience-img\" src=\"https:\/\/www.europesays.com\/fr\/wp-content\/uploads\/2025\/04\/1.jpg\" alt=\"TF1\"\/><\/p>\n<p>\n                    HPI HAUT POTENTIEL INTELLECTUEL \\ TEQUILA SUNRISE<br \/>\n                    SERIE\n                <\/p>\n<p>\n                    5 293 000 t\u00e9l\u00e9spectateurs\n                <\/p>\n<p>                            <img decoding=\"async\" class=\"article-audience-img\" src=\"https:\/\/www.europesays.com\/fr\/wp-content\/uploads\/2025\/04\/3.jpg\" alt=\"France 3\"\/><\/p>\n<p>\n                    CRIME A BIOT<br \/>\n                    TELEFILM\n                <\/p>\n<p>\n                    2 793 000 t\u00e9l\u00e9spectateurs\n                <\/p>\n<p>                            <img decoding=\"async\" class=\"article-audience-img\" src=\"https:\/\/www.europesays.com\/fr\/wp-content\/uploads\/2025\/04\/6.jpg\" alt=\"M6\"\/><\/p>\n<p>\n                    CAUCHEMAR EN CUISINE \\ BRIVE LA GAILLARDE<br \/>\n                    DOCUMENTAIRE\n                <\/p>\n<p>\n                    1 658 000 t\u00e9l\u00e9spectateurs\n                <\/p>\n<p>                            <img decoding=\"async\" class=\"article-audience-img\" src=\"https:\/\/www.europesays.com\/fr\/wp-content\/uploads\/2025\/04\/2.jpg\" alt=\"France 2\"\/><\/p>\n<p>\n                    L&rsquo;EVENEMENT \\ MA REPUBLIQUE VA CRAQUER ? JORDAN BARDELLA<br \/>\n                    EM. POLITIQUE\n                <\/p>\n<p>\n                    1 359 000 t\u00e9l\u00e9spectateurs\n                <\/p>\n<p>                            <img decoding=\"async\" class=\"article-audience-img\" src=\"https:\/\/www.europesays.com\/fr\/wp-content\/uploads\/2025\/04\/534.jpg\" alt=\"France 5\"\/><\/p>\n<p>\n                    HERCULANUM, LES PAPYRUS DECODES<br \/>\n                    DOCUMENTAIRE\n                <\/p>\n<p>\n                    718 000 t\u00e9l\u00e9spectateurs\n                <\/p>\n<p>    M\u00e9diam\u00e9trie &#8211; M\u00e9diamat ; reproduction interdite, tous droits r\u00e9serv\u00e9s par M\u00e9diam\u00e9trie<\/p>\n<p>Morgane Alvaro est toujours autant appr\u00e9ci\u00e9e des t\u00e9l\u00e9spectateurs, d&rsquo;autant plus qu&rsquo;il s&rsquo;agit de ses derni\u00e8res aventures. Ce jeudi 11 septembre, l&rsquo;\u00e9pisode 6 (sur 8) de la 5e et derni\u00e8re saison de la s\u00e9rie ph\u00e9nom\u00e8ne s&rsquo;est une nouvelle fois class\u00e9 tr\u00e8s largement en t\u00eate des audiences. Intitul\u00e9 \u00ab\u00a0Tequila Sunrise\u00a0\u00bb, il a f\u00e9d\u00e9r\u00e9 <strong>5,28 millions<\/strong> de t\u00e9l\u00e9spectateurs entre 21h15 et 22h25. Cela repr\u00e9sente <strong>29,1% <\/strong>du public pr\u00e9sent devant sa t\u00e9l\u00e9vision et <strong>42,3%<\/strong> des Femmes responsables des achats \u00e2g\u00e9es de moins de 50 ans (FRDA-50). Le 2e \u00e9pisode, une rediffusion de la saison 4, a conserv\u00e9 l&rsquo;attention de 2,24 millions de fans, soit 21,0% du public et 29,1% des FRDA-50.<\/p>\n<p>Jeudi dernier, le retour d&rsquo;<a href=\"https:\/\/www.ozap.com\/personnalite\/audrey-fleurot_e416133\" rel=\"nofollow noopener\" target=\"_blank\">Audrey Fleurot<\/a> en enqu\u00eatrice loufoque avait attir\u00e9 <a href=\"https:\/\/www.ozap.com\/actu\/audiences-audrey-fleurot-de-retour-dans-hpi-pour-la-derniere-salve-depisodes-sur-tf1-a-t-elle-tout-ecrase-sur-son-passage\/651463\" rel=\"nofollow noopener\" target=\"_blank\">5,23 millions<\/a> de t\u00e9l\u00e9spectateurs, ce qui correspondait \u00e0 29,0% du public \u00e2g\u00e9 de 4 ans et plus et 42,5% des FRDA-50, cible sur laquelle la Une \u00e9tait largement leader.<\/p>\n<p>\u00ab\u00a0L&rsquo;\u00e9v\u00e9nement\u00a0\u00bb avec Jordan Bardella et Jean-Luc M\u00e9lenchon 4e de la soir\u00e9e<\/p>\n<p>Comme la semaine derni\u00e8re, France 3 est deuxi\u00e8me avec la rediffusion de l&rsquo;une de ses marques phares : \u00ab\u00a0Crimes \u00e0&#8230;\u00a0\u00bb. \u00ab\u00a0Crimes \u00e0 Biot\u00a0\u00bb, t\u00e9l\u00e9film dans lequel on retrouve Florence Pernel, Guillaume Cramoisan et Lola Dewaere, a tenu en haleine <strong>2,79 millions <\/strong>de t\u00e9l\u00e9spectateurs. Cela \u00e9quivaut \u00e0 <strong>16,0%<\/strong> des individus \u00e2g\u00e9s de 4 ans et plus et <strong>1,5%<\/strong> des FRDA-50, cible non privil\u00e9gi\u00e9e par la Trois. La semaine derni\u00e8re, \u00ab\u00a0Crimes dans l&rsquo;H\u00e9rault\u00a0\u00bb, avec la m\u00eame distribution, avait r\u00e9uni 2,68 millions de t\u00e9l\u00e9spectateurs, soit 15,4% et 1,0% des FRDA-50.<\/p>\n<p>M6 est 3e avec un num\u00e9ro in\u00e9dit de \u00ab\u00a0Cauchemar en cuisine\u00a0\u00bb. L&rsquo;\u00e9mission dans laquelle Philippe Etchebest est venu en aide \u00e0 Amina, restauratrice \u00e0 Brive-la-Gaillarde (Corr\u00e8ze), a diverti en premi\u00e8re partie de soir\u00e9e <strong>1,66 million <\/strong>de t\u00e9l\u00e9spectateurs, ce qui repr\u00e9sente<strong> 8,9%<\/strong> du public \u00e2g\u00e9 de 4 ans et plus et <strong>15,1%<\/strong> des FRDA-50. Le d\u00e9nouement de l&rsquo;\u00e9pisode a \u00e9t\u00e9 suivi par <strong>1,32 million <\/strong>d&rsquo;aficionados, soit <strong>9,3%<\/strong> du public et <strong>15,8%<\/strong> des FRDA-50. Le 23 juillet dernier, le dernier num\u00e9ro in\u00e9dit avait d&rsquo;abord f\u00e9d\u00e9r\u00e9 <a href=\"https:\/\/www.ozap.com\/actu\/audiences-meme-en-rediffusion-les-invisibles-sur-france-2-surclasse-leuro-feminin-sur-tf1-cauchemar-en-cuisine-avec-philippe-etchebest-tutoie-les-2-millions-sur-m6\/650918\" rel=\"nofollow noopener\" target=\"_blank\">1,95 million<\/a> de t\u00e9l\u00e9spectateurs, soit 11,6% du public et 25,4% des FRDA-50, et la suite avait conserv\u00e9 l&rsquo;attention de 1,74 million de t\u00e9l\u00e9spectateurs (11,9% du public et 26,1% des FRDA-50).<\/p>\n<p>\u00ab\u00a0Laura est partie juste apr\u00e8s le tournage\u00a0\u00bb : Un mois apr\u00e8s le passage de Philippe Etchebest et \u00ab\u00a0Cauchemar en cuisine\u00a0\u00bb, Amina donne des nouvelles de son restaurant \u00e0 Brive-la-Gaillarde<\/p>\n<p>De son c\u00f4t\u00e9, France 2 a programm\u00e9 en derni\u00e8re minute un nouveau num\u00e9ro de \u00ab\u00a0L&rsquo;\u00e9v\u00e9nement\u00a0\u00bb, en raison du contexte politique tr\u00e8s mouvement\u00e9. Au lendemain du mouvement \u00ab\u00a0Bloquons tout\u00a0\u00bb et 48 heures apr\u00e8s la nomination de S\u00e9bastien Lecornu \u00e0 Matignon, Caroline Roux a pr\u00e9sent\u00e9 un d\u00e9bat sur le th\u00e8me : \u00ab\u00a0Instabilit\u00e9 politique, crise budg\u00e9taire, blocages : comment sortir de cette impasse et r\u00e9pondre \u00e0 la fatigue d\u00e9mocratique ?\u00a0\u00bb. La soir\u00e9e durant laquelle elle a re\u00e7u Jordan Bardella, Carole Delga, Jean-Luc M\u00e9lenchon et Am\u00e9lie de Montchalin a int\u00e9ress\u00e9<strong> 1,36 million<\/strong> de t\u00e9l\u00e9spectateurs entre 20h51 et 22h44. Cela \u00e9quivaut \u00e0 <strong>7,6%<\/strong> du public pr\u00e9sent devant sa t\u00e9l\u00e9vision et<strong> 3,2%<\/strong> des FRDA-50. Le 13 mars dernier, l&rsquo;\u00e9mission politique avait r\u00e9uni <a href=\"https:\/\/www.ozap.com\/actu\/audiences-joseph-avec-lucien-jean-baptiste-a-t-il-confirme-son-bon-lancement-sur-tf1-face-a-levenement-avec-caroline-roux-sur-france-2\/649103\" rel=\"nofollow noopener\" target=\"_blank\">1,86 million<\/a> de t\u00e9l\u00e9spectateurs entre 20h43 et 21h31, soit 9,3% du public \u00e2g\u00e9 de quatre ans et plus et 5,7% des FRDA-50, puis 1,25 million de t\u00e9l\u00e9spectateurs avaient suivi la 2e partie du programme entre 21h31 et 22h47 (7,3% du public et 5,9% des FRDA-50).<\/p>\n<p>                            <img decoding=\"async\" class=\"article-audience-img\" src=\"https:\/\/www.europesays.com\/fr\/wp-content\/uploads\/2025\/04\/13.jpg\" alt=\"TMC\"\/><\/p>\n<p>\n                    READY PLAYER ONE<br \/>\n                    FILM\n                <\/p>\n<p>\n                    500 000 t\u00e9l\u00e9spectateurs\n                <\/p>\n<p>                            <img decoding=\"async\" class=\"article-audience-img\" src=\"https:\/\/www.europesays.com\/fr\/wp-content\/uploads\/2025\/04\/336.jpg\" alt=\"W9\"\/><\/p>\n<p>\n                    Y&rsquo;A QUE LA VERITE QUI COMPTE<br \/>\n                    MAGAZINE\n                <\/p>\n<p>\n                    656 000 t\u00e9l\u00e9spectateurs\n                <\/p>\n<p>                            <img decoding=\"async\" class=\"article-audience-img\" src=\"https:\/\/www.europesays.com\/fr\/wp-content\/uploads\/2025\/04\/727.jpg\" alt=\"RMC D\u00e9couverte\"\/><\/p>\n<p>\n                    LES 10 ROUTES LES PLUS DANGEREUSES DE LA PLANETE<br \/>\n                    DOCUMENTAIRE\n                <\/p>\n<p>\n                    330 000 t\u00e9l\u00e9spectateurs\n                <\/p>\n<p>                            <img decoding=\"async\" class=\"article-audience-img\" src=\"https:\/\/www.europesays.com\/fr\/wp-content\/uploads\/2025\/04\/728.jpg\" alt=\"Ch\u00e9rie 25\"\/><\/p>\n<p>\n                    WELCOME BACK<br \/>\n                    TELEFILM\n                <\/p>\n<p>\n                    261 000 t\u00e9l\u00e9spectateurs\n                <\/p>\n<p>                            <img decoding=\"async\" class=\"article-audience-img\" src=\"https:\/\/www.europesays.com\/fr\/wp-content\/uploads\/2025\/04\/723.jpg\" alt=\"TF1 Series Film\"\/><\/p>\n<p>\n                    NEW-YORK, SECTION CRIMINELLE \\ LUTTES ARMEES<br \/>\n                    SERIE\n                <\/p>\n<p>\n                    265 000 t\u00e9l\u00e9spectateurs\n                <\/p>\n<p>                            <img decoding=\"async\" class=\"article-audience-img\" src=\"https:\/\/www.europesays.com\/fr\/wp-content\/uploads\/2025\/04\/499.jpg\" alt=\"CSTAR\"\/><\/p>\n<p>\n                    AU COEUR DE L&rsquo;ENQUETE \\ 100 JOURS AVEC DES GENDARMES DE NIMES<br \/>\n                    DOCUMENTAIRE\n                <\/p>\n<p>\n                    209 000 t\u00e9l\u00e9spectateurs\n                <\/p>\n<p>                            <img decoding=\"async\" class=\"article-audience-img\" src=\"https:\/\/www.europesays.com\/fr\/wp-content\/uploads\/2025\/04\/725.jpg\" alt=\"6ter\"\/><\/p>\n<p>\n                    LES REINES DE LA ROUTE<br \/>\n                    DOCUMENTAIRE\n                <\/p>\n<p>\n                    227 000 t\u00e9l\u00e9spectateurs\n                <\/p>\n<p>                            <img decoding=\"async\" class=\"article-audience-img\" src=\"https:\/\/www.europesays.com\/fr\/wp-content\/uploads\/2025\/04\/726.jpg\" alt=\"RMC Story\"\/><\/p>\n<p>\n                    100 JOURS AVEC LES SECOURS \\ ACCIDENTS, CHUTES ET COCAINE<br \/>\n                    DOCUMENTAIRE\n                <\/p>\n<p>\n                    195 000 t\u00e9l\u00e9spectateurs\n                <\/p>\n<p>                            <img decoding=\"async\" class=\"article-audience-img\" src=\"https:\/\/www.europesays.com\/fr\/wp-content\/uploads\/2025\/04\/533.jpg\" alt=\"Arte\"\/><\/p>\n<p>\n                    WOLF HALL : LE MIROIR ET LA LUMIERE<br \/>\n                    SERIE\n                <\/p>\n<p>\n                    217 000 t\u00e9l\u00e9spectateurs\n                <\/p>\n<p>                            <img decoding=\"async\" class=\"article-audience-img\" src=\"https:\/\/www.europesays.com\/fr\/wp-content\/uploads\/2025\/04\/532.jpg\" alt=\"Gulli\"\/><\/p>\n<p>\n                    THE MIDDLE \\ SEANCE DE RATTRAPAGE<br \/>\n                    SERIE\n                <\/p>\n<p>\n                    186 000 t\u00e9l\u00e9spectateurs\n                <\/p>\n<p>                            <img decoding=\"async\" class=\"article-audience-img\" src=\"https:\/\/www.europesays.com\/fr\/wp-content\/uploads\/2025\/04\/4.jpg\" alt=\"Canal+\"\/><\/p>\n<p>\n                    EMISSIONS CRYPTEES<br \/>\n                    AUTRES\n                <\/p>\n<p>\n                    70 000 t\u00e9l\u00e9spectateurs\n                <\/p>\n<p>                            <img decoding=\"async\" class=\"article-audience-img\" src=\"https:\/\/www.europesays.com\/fr\/wp-content\/uploads\/2025\/04\/43.jpg\" alt=\"TFX\"\/><\/p>\n<p>\n                    TATTOO COVER : SAUVEURS DE TATOUAGES<br \/>\n                    DOCUMENTAIRE\n                <\/p>\n<p>\n                    129 000 t\u00e9l\u00e9spectateurs\n                <\/p>\n<p>    M\u00e9diam\u00e9trie &#8211; M\u00e9diamat ; reproduction interdite, tous droits r\u00e9serv\u00e9s par M\u00e9diam\u00e9trie<\/p>\n<p>Dans le reste de l&rsquo;offre en prime, c&rsquo;est France 5 qui arrive en suivant, avec \u00ab\u00a0Herculanum, les papyrus d\u00e9cod\u00e9s\u00a0\u00bb, un documentaire en rediffusion sign\u00e9 Adam Luria. Le programme a int\u00e9ress\u00e9 <strong>718.000 <\/strong>t\u00e9l\u00e9spectateurs, soit <strong>3,8%<\/strong> du public pr\u00e9sent devant sa t\u00e9l\u00e9vision.<\/p>\n","protected":false},"excerpt":{"rendered":"Par L\u00e9a Stassinet | Journaliste Venue du royaume d&rsquo;\u00a0\u00bbIntervilles\u00a0\u00bb (Mont-de-Marsan), L\u00e9a Stassinet a \u00e9t\u00e9 berc\u00e9e par la \u00ab\u00a0Nouvelle&hellip;\n","protected":false},"author":2,"featured_media":384902,"comment_status":"","ping_status":"","sticky":false,"template":"","format":"standard","meta":{"footnotes":""},"categories":[1356],"tags":[58,59,1011,27,252,1364],"class_list":{"0":"post-384901","1":"post","2":"type-post","3":"status-publish","4":"format-standard","5":"has-post-thumbnail","7":"category-television","8":"tag-divertissement","9":"tag-entertainment","10":"tag-fr","11":"tag-france","12":"tag-television","13":"tag-tv"},"share_on_mastodon":{"url":"https:\/\/pubeurope.com\/@fr\/115190510390373105","error":""},"_links":{"self":[{"href":"https:\/\/www.europesays.com\/fr\/wp-json\/wp\/v2\/posts\/384901","targetHints":{"allow":["GET"]}}],"collection":[{"href":"https:\/\/www.europesays.com\/fr\/wp-json\/wp\/v2\/posts"}],"about":[{"href":"https:\/\/www.europesays.com\/fr\/wp-json\/wp\/v2\/types\/post"}],"author":[{"embeddable":true,"href":"https:\/\/www.europesays.com\/fr\/wp-json\/wp\/v2\/users\/2"}],"replies":[{"embeddable":true,"href":"https:\/\/www.europesays.com\/fr\/wp-json\/wp\/v2\/comments?post=384901"}],"version-history":[{"count":0,"href":"https:\/\/www.europesays.com\/fr\/wp-json\/wp\/v2\/posts\/384901\/revisions"}],"wp:featuredmedia":[{"embeddable":true,"href":"https:\/\/www.europesays.com\/fr\/wp-json\/wp\/v2\/media\/384902"}],"wp:attachment":[{"href":"https:\/\/www.europesays.com\/fr\/wp-json\/wp\/v2\/media?parent=384901"}],"wp:term":[{"taxonomy":"category","embeddable":true,"href":"https:\/\/www.europesays.com\/fr\/wp-json\/wp\/v2\/categories?post=384901"},{"taxonomy":"post_tag","embeddable":true,"href":"https:\/\/www.europesays.com\/fr\/wp-json\/wp\/v2\/tags?post=384901"}],"curies":[{"name":"wp","href":"https:\/\/api.w.org\/{rel}","templated":true}]}}