{"id":384903,"date":"2025-09-12T08:59:12","date_gmt":"2025-09-12T08:59:12","guid":{"rendered":"https:\/\/www.europesays.com\/fr\/384903\/"},"modified":"2025-09-12T08:59:12","modified_gmt":"2025-09-12T08:59:12","slug":"sur-rtl-florent-pagny-se-dit-hostile-a-une-plus-forte-contribution-des-plus-fortunes","status":"publish","type":"post","link":"https:\/\/www.europesays.com\/fr\/384903\/","title":{"rendered":"sur RTL, Florent Pagny se dit hostile \u00e0 une plus forte contribution des plus fortun\u00e9s"},"content":{"rendered":"<p class=\"article-p mdl\">Faut-il taxer davantage les riches ? En plein d\u00e9bat sur l&rsquo;orientation politique du\u00a0<a class=\"link\" href=\"https:\/\/www.rtl.fr\/actu\/politique\/sebastien-lecornu-nomme-premier-ministre-quels-sont-les-chantiers-qui-l-attendent-7900539619\" title=\"S\u00e9bastien Lecornu nomm\u00e9 Premier ministre : quels sont les chantiers qui l&#039;attendent ?\" target=\"_blank\" rel=\"noopener\">nouveau gouvernement de S\u00e9bastien Lecornu<\/a>, Florent Pagny, un temps f\u00e2ch\u00e9 avec le fisc, a un avis tranch\u00e9 sur la question. \u00ab\u00a0C&rsquo;est une mauvaise direction\u00a0\u00bb, estime l&rsquo;artiste, invit\u00e9 ce vendredi 12 septembre de RTL \u00e0\u00a0<a class=\"link\" href=\"https:\/\/www.rtl.fr\/culture\/musique\/l-envie-a-mis-du-temps-a-revenir-sur-rtl-florent-pagny-revient-sur-son-cancer-et-ses-annees-d-absence-7900540526\" title=\"&quot;L&#039;envie a mis du temps \u00e0 revenir&quot; : sur RTL, Florent Pagny revient sur son cancer et ses ann\u00e9es d&#039;absence\" target=\"_blank\" rel=\"noopener\">l&rsquo;occasion de la sortie de son nouvel album Grandeur nature<\/a>. <strong>\u00ab\u00a0Le riche quand on vient le taxer il s&rsquo;en va.\u00a0\u00bb<\/strong><\/p>\n<p class=\"article-p mdl\">\u00ab\u00a0La chasse aux riches, c&rsquo;est des conneries\u00a0\u00bb, poursuit l&rsquo;interpr\u00e8te de Ma libert\u00e9 de penser, titre d\u00e9sormais culte dans lequel il revenait sur ses d\u00e9boires avec l&rsquo;administration fiscale. \u00ab\u00a0J&rsquo;peux vider mes poches sur la table, \u00e7a fait longtemps qu&rsquo;elles sont trou\u00e9es\u00a0\u00bb, chantait-il \u00e0 l&rsquo;\u00e9poque.<\/p>\n<p>            \u00ab\u00a0Ils font vivre beaucoup de monde\u00a0\u00bb<\/p>\n<p class=\"article-p mdl\"><strong>Florent Pagny appelle plut\u00f4t \u00e0 \u00ab\u00a0laisser tranquille\u00a0\u00bb les plus fortun\u00e9s<\/strong>, parce qu&rsquo;ils \u00ab\u00a0font vivre beaucoup de monde\u00a0\u00bb. Car \u00ab\u00a0le truc du riche, c&rsquo;est qu&rsquo;il consomme, il d\u00e9pense, il entretient beaucoup de gens et il fait vivre beaucoup de monde\u00a0\u00bb, estime le chanteur. \u00ab\u00a0Et des gens qui ont r\u00e9ussi, qui ont des moyens, et qui d&rsquo;un seul coup sont dans un pays \u00e0 les utiliser, on ne les fait pas fuir.\u00a0\u00bb<\/p>\n<p class=\"article-p mdl\">Lui plaide aujourd&rsquo;hui plut\u00f4t pour \u00ab\u00a0des am\u00e9nagements\u00a0\u00bb. \u00ab\u00a0Si on r\u00e9duisait pas mal de choses, peut-\u00eatre qu&rsquo;on gagnerait beaucoup plus que ce qui est en train de se passer\u00a0\u00bb, explique-t-il.<\/p>\n<p>            \u00c0 l&rsquo;inverse, Pierre Arditi pr\u00eat \u00e0 payer plus<\/p>\n<p class=\"article-p mdl\">Invit\u00e9 jeudi soir d&rsquo;Anne-Sophie Lapix, le com\u00e9dien\u00a0<a class=\"link\" href=\"https:\/\/www.rtl.fr\/culture\/arts-spectacles\/faire-contribuer-plus-les-riches-sur-rtl-pierre-arditi-se-dit-d-accord-pour-payer-plus-d-impots-7900540380\" title=\"Faire contribuer plus les riches ? Sur RTL, Pierre Arditi se dit &quot;d&#039;accord&quot; pour payer plus d&#039;imp\u00f4ts\" target=\"_blank\" rel=\"noopener\">Pierre Arditi d\u00e9fendait lui une ligne radicalement oppos\u00e9e<\/a>. <strong>\u00ab\u00a0Si on me demande de payer un peu plus d\u2019imp\u00f4ts, je serai \u00e9videmment d\u2019accord\u00a0\u00bb<\/strong>, a confi\u00e9 l&rsquo;acteur qui \u00ab\u00a0fait confiance\u00a0\u00bb au nouveau Premier ministre S\u00e9bastien Lecornu\u00a0\u00ab\u00a0pour l&rsquo;instant\u00a0\u00bb.\u00a0<\/p>\n<p class=\"article-p mdl\">\u00ab\u00a0C&rsquo;est la moindre des choses\u00a0\u00bb, a-t-il affirm\u00e9. \u00ab\u00a0<strong>On le fait pour le pays.<\/strong> C&rsquo;est important, le pays, vous savez. Je ne pensais pas tout \u00e0 fait comme \u00e7a quand j&rsquo;\u00e9tais beaucoup plus jeune. Maintenant, \u00e9tant beaucoup plus \u00e2g\u00e9, je le crois. Je crois \u00e0 notre pays, donc je n&rsquo;ai pas envie de lui tourner le dos.\u00a0\u00bb<\/p>\n<p>    La r\u00e9daction vous recommande<\/p>\n<p class=\"s-newsletter__title\">\n                L\u2019actualit\u00e9 par la r\u00e9daction de RTL dans votre bo\u00eete mail.\n            <\/p>\n<p class=\"s-newsletter__subtitle\">\n                Gr\u00e2ce \u00e0 votre compte RTL abonnez-vous \u00e0 la newsletter RTL info pour suivre toute l&rsquo;actualit\u00e9 au quotidien\n            <\/p>\n<p>\n                                    Lire la suite\n                                <\/p>\n","protected":false},"excerpt":{"rendered":"Faut-il taxer davantage les riches ? En plein d\u00e9bat sur l&rsquo;orientation politique du\u00a0nouveau gouvernement de S\u00e9bastien Lecornu, Florent&hellip;\n","protected":false},"author":2,"featured_media":384904,"comment_status":"","ping_status":"","sticky":false,"template":"","format":"standard","meta":{"footnotes":""},"categories":[1355],"tags":[58,59,107,3109,1011,27,342,1361,873],"class_list":{"0":"post-384903","1":"post","2":"type-post","3":"status-publish","4":"format-standard","5":"has-post-thumbnail","7":"category-musique","8":"tag-divertissement","9":"tag-entertainment","10":"tag-fil-info","11":"tag-florent-pagny","12":"tag-fr","13":"tag-france","14":"tag-impots","15":"tag-music","16":"tag-musique"},"share_on_mastodon":{"url":"https:\/\/pubeurope.com\/@fr\/115190510449024819","error":""},"_links":{"self":[{"href":"https:\/\/www.europesays.com\/fr\/wp-json\/wp\/v2\/posts\/384903","targetHints":{"allow":["GET"]}}],"collection":[{"href":"https:\/\/www.europesays.com\/fr\/wp-json\/wp\/v2\/posts"}],"about":[{"href":"https:\/\/www.europesays.com\/fr\/wp-json\/wp\/v2\/types\/post"}],"author":[{"embeddable":true,"href":"https:\/\/www.europesays.com\/fr\/wp-json\/wp\/v2\/users\/2"}],"replies":[{"embeddable":true,"href":"https:\/\/www.europesays.com\/fr\/wp-json\/wp\/v2\/comments?post=384903"}],"version-history":[{"count":0,"href":"https:\/\/www.europesays.com\/fr\/wp-json\/wp\/v2\/posts\/384903\/revisions"}],"wp:featuredmedia":[{"embeddable":true,"href":"https:\/\/www.europesays.com\/fr\/wp-json\/wp\/v2\/media\/384904"}],"wp:attachment":[{"href":"https:\/\/www.europesays.com\/fr\/wp-json\/wp\/v2\/media?parent=384903"}],"wp:term":[{"taxonomy":"category","embeddable":true,"href":"https:\/\/www.europesays.com\/fr\/wp-json\/wp\/v2\/categories?post=384903"},{"taxonomy":"post_tag","embeddable":true,"href":"https:\/\/www.europesays.com\/fr\/wp-json\/wp\/v2\/tags?post=384903"}],"curies":[{"name":"wp","href":"https:\/\/api.w.org\/{rel}","templated":true}]}}