{"id":384909,"date":"2025-09-12T09:02:13","date_gmt":"2025-09-12T09:02:13","guid":{"rendered":"https:\/\/www.europesays.com\/fr\/384909\/"},"modified":"2025-09-12T09:02:13","modified_gmt":"2025-09-12T09:02:13","slug":"luis-enrique-sera-finalement-sur-le-banc-contre-lens","status":"publish","type":"post","link":"https:\/\/www.europesays.com\/fr\/384909\/","title":{"rendered":"Luis Enrique sera finalement sur le banc contre Lens"},"content":{"rendered":"<p><a href=\"https:\/\/www.footmercato.net\/a5695827781833260239-psg-luis-enrique-a-ete-opere-avec-succes\" rel=\"nofollow noopener\" target=\"_blank\">Cette tr\u00eave internationale n\u2019a pas \u00e9pargn\u00e9 le PSG<\/a>. D\u00e9j\u00e0 priv\u00e9 d\u2019Ousmane Demb\u00e9l\u00e9 et de D\u00e9sir\u00e9 Dou\u00e9, tous deux bless\u00e9s avec l\u2019\u00e9quipe de France, le club de la capitale a \u00e9galement vu son entra\u00eeneur <a href=\"https:\/\/www.footmercato.net\/entraineur\/luis-enrique-martinez-garcia\" rel=\"nofollow noopener\" target=\"_blank\">Luis Enrique<\/a> victime d\u2019une chute \u00e0 v\u00e9lo le 5 septembre dernier. Le technicien espagnol a \u00e9t\u00e9 pris en charge par les secours et a subi mercredi une op\u00e9ration de la clavicule en Espagne. Une m\u00e9saventure qui aurait pu le priver du retour de son \u00e9quipe au Parc des Princes, ce dimanche, face \u00e0 Lens.<\/p>\n<p>            La suite apr\u00e8s cette publicit\u00e9<\/p>\n<p>Finalement, sauf contre-ordre m\u00e9dical, l\u2019ancien s\u00e9lectionneur de la Roja devrait bel et bien retrouver sa place sur le banc du <a href=\"https:\/\/www.footmercato.net\/club\/psg\/\" rel=\"nofollow noopener\" target=\"_blank\">PSG<\/a> selon le journal <a href=\"https:\/\/www.leparisien.fr\/sports\/football\/psg\/psg-opere-apres-sa-chute-a-velo-luis-enrique-devrait-bien-etre-sur-le-banc-contre-lens-dimanche-11-09-2025-WQLTTUOYYZHBRALIMEJKH55UJU.php\" rel=\"nofollow noopener\" target=\"_blank\">le Parisien<\/a>. Son op\u00e9ration s\u2019est d\u00e9roul\u00e9e avec succ\u00e8s, et l\u2019entra\u00eeneur a profit\u00e9 de la tr\u00eave internationale pour g\u00e9rer au mieux sa r\u00e9cup\u00e9ration. En cas d\u2019absence, son adjoint Rafel Pol \u00e9tait pressenti pour le suppl\u00e9er, lui qui avait d\u00e9j\u00e0 dirig\u00e9 l\u2019entra\u00eenement de mercredi et devait assurer la conf\u00e9rence de presse d\u2019avant-match. Mais la pr\u00e9sence annonc\u00e9e de Luis Enrique vient rassurer le PSG, d\u00e9j\u00e0 amoindri par les blessures de plusieurs cadres.<\/p>\n<p>\n    Pub. le 12\/09\/2025 08:21<br \/>\n            &#8211; MAJ le 12\/09\/2025 10:43\n    <\/p>\n","protected":false},"excerpt":{"rendered":"Cette tr\u00eave internationale n\u2019a pas \u00e9pargn\u00e9 le PSG. D\u00e9j\u00e0 priv\u00e9 d\u2019Ousmane Demb\u00e9l\u00e9 et de D\u00e9sir\u00e9 Dou\u00e9, tous deux&hellip;\n","protected":false},"author":2,"featured_media":384910,"comment_status":"","ping_status":"","sticky":false,"template":"","format":"standard","meta":{"footnotes":""},"categories":[9],"tags":[1011,27,60],"class_list":{"0":"post-384909","1":"post","2":"type-post","3":"status-publish","4":"format-standard","5":"has-post-thumbnail","7":"category-sports","8":"tag-fr","9":"tag-france","10":"tag-sports"},"share_on_mastodon":{"url":"https:\/\/pubeurope.com\/@fr\/115190519910219513","error":""},"_links":{"self":[{"href":"https:\/\/www.europesays.com\/fr\/wp-json\/wp\/v2\/posts\/384909","targetHints":{"allow":["GET"]}}],"collection":[{"href":"https:\/\/www.europesays.com\/fr\/wp-json\/wp\/v2\/posts"}],"about":[{"href":"https:\/\/www.europesays.com\/fr\/wp-json\/wp\/v2\/types\/post"}],"author":[{"embeddable":true,"href":"https:\/\/www.europesays.com\/fr\/wp-json\/wp\/v2\/users\/2"}],"replies":[{"embeddable":true,"href":"https:\/\/www.europesays.com\/fr\/wp-json\/wp\/v2\/comments?post=384909"}],"version-history":[{"count":0,"href":"https:\/\/www.europesays.com\/fr\/wp-json\/wp\/v2\/posts\/384909\/revisions"}],"wp:featuredmedia":[{"embeddable":true,"href":"https:\/\/www.europesays.com\/fr\/wp-json\/wp\/v2\/media\/384910"}],"wp:attachment":[{"href":"https:\/\/www.europesays.com\/fr\/wp-json\/wp\/v2\/media?parent=384909"}],"wp:term":[{"taxonomy":"category","embeddable":true,"href":"https:\/\/www.europesays.com\/fr\/wp-json\/wp\/v2\/categories?post=384909"},{"taxonomy":"post_tag","embeddable":true,"href":"https:\/\/www.europesays.com\/fr\/wp-json\/wp\/v2\/tags?post=384909"}],"curies":[{"name":"wp","href":"https:\/\/api.w.org\/{rel}","templated":true}]}}