{"id":384911,"date":"2025-09-12T09:03:28","date_gmt":"2025-09-12T09:03:28","guid":{"rendered":"https:\/\/www.europesays.com\/fr\/384911\/"},"modified":"2025-09-12T09:03:28","modified_gmt":"2025-09-12T09:03:28","slug":"bateau-a-voile-gastronomie-adriana-karembeu-et-marc-lavoine-passent-du-bon-temps-a-monaco-photos","status":"publish","type":"post","link":"https:\/\/www.europesays.com\/fr\/384911\/","title":{"rendered":"Bateau \u00e0 voile, gastronomie\u2026 Adriana Karembeu et Marc Lavoine passent du bon temps \u00e0 Monaco (Photos)"},"content":{"rendered":"<p data-start=\"60\" data-end=\"408\">Adriana Karembeu et <a href=\"https:\/\/www.closermag.fr\/people\/exclu-marc-lavoine-sa-rencontre-avec-lex-mari-dadriana-karembeu-a-tourne-court-3573969\" rel=\"nofollow noopener\" target=\"_blank\"><br \/>\nMarc Lavoine<\/a> ne se quittent plus. Depuis qu&rsquo;ils ont officialis\u00e9<br \/>\nleur relation, les deux tourtereaux passent leur temps libre<br \/>\nensemble. Et lorsqu&rsquo;ils ne peuvent pas se voir, ils s&rsquo;appellent<br \/>\npendant des heures enti\u00e8res. Ce jeudi 11 septembre, le couple s&rsquo;est<br \/>\nrendu au Yacht Club de Monaco pour assister \u00e0 la <strong>Monaco<br \/>\nClassic Week.<\/strong><\/p>\n<p data-start=\"410\" data-end=\"840\">Durant leur s\u00e9jour, Bernard<br \/>\nd\u2019Alessandri, le secr\u00e9taire et directeur g\u00e9n\u00e9ral, a fait d\u00e9couvrir<br \/>\n\u00e0 Adriana plusieurs unit\u00e9s, dont Le Cr\u00e9ole, 1926, qui appartient \u00e0 Allegra Gucci,<br \/>\nl&rsquo;arri\u00e8re-petite-fille de Guccio Gucci, fondateur de la c\u00e9l\u00e8bre<br \/>\nmaison italienne. Ensuite, l&rsquo;actrice de 53 ans est mont\u00e9e \u00e0 bord du<br \/>\nWiki avant de participer<br \/>\nen tant que jur\u00e9e au Concours des Chefs pr\u00e9sid\u00e9 par <strong>Tom<br \/>\nMeyer<\/strong>, Meilleur Ouvrier de France.<\/p>\n<p>Marc Lavoine et Adriana<br \/>\nKarembeu \u00e0 la Monaco Classic Week<\/p>\n<p data-start=\"907\" data-end=\"1228\">Elle \u00e9tait accompagn\u00e9e de son<br \/>\ncompagnon Marc Lavoine, qui n&rsquo;avait jamais assist\u00e9 \u00e0 une telle<br \/>\ncomp\u00e9tition auparavant. Pour l&rsquo;occasion, les amoureux ont tous les<br \/>\ndeux arbor\u00e9 des tenues assorties. <a href=\"https:\/\/www.closermag.fr\/people\/adriana-karembeu-sa-fille-scolarisee-a-marrakech-et-son-ecole-lui-coute-une-fortune-3575688\" rel=\"nofollow noopener\" target=\"_blank\"><br \/>\nAdriana Karembeu<\/a> a opt\u00e9 pour un tee-shirt simple et ample au<br \/>\nd\u00e9collet\u00e9 en V, associ\u00e9 \u00e0 un pantalon ballon de la m\u00eame<br \/>\ncouleur.<\/p>\n<p data-start=\"1230\" data-end=\"1487\">Elle a accessoiris\u00e9 le tout<br \/>\navec une ceinture noire, des baskets blanches et quelques bijoux<br \/>\ndiscrets. Un look d\u00e9contract\u00e9 ! De son c\u00f4t\u00e9, le chanteur de 63 ans<br \/>\na mis\u00e9 sur un pantalon slim blanc, un tee-shirt noir, un blazer<br \/>\nouvert et des baskets blanches.<\/p>\n<p>Marc<br \/>\nLavoine : \u00ab\u00a0je vis un grand amour\u00a0\u00bb<\/p>\n<p data-start=\"1535\" data-end=\"1878\">Une chose est s\u00fbre : Marc<br \/>\nLavoine est plus amoureux que jamais. \u00ab\u00a0<strong>J\u2019aime une femme<br \/>\nextraordinaire<\/strong>, j\u2019en ai les larmes aux yeux quand j\u2019en<br \/>\nparle. Je vis un grand amour, je ne vais pas me g\u00eaner pour y aller<br \/>\nsous pr\u00e9texte que je suis connu\u00a0\u00bb, avait-il confi\u00e9 en octobre<br \/>\ndernier, dans l&rsquo;\u00e9mission Le<br \/>\nFigaro, la nuit, sur sa relation avec Adriana.<\/p>\n<p data-start=\"1880\" data-end=\"2239\">Un amour r\u00e9ciproque. En mai<br \/>\ndernier, <a href=\"https:\/\/www.closermag.fr\/people\/adriana-karembeu-ces-relations-toxiques-quelle-a-eliminees-de-sa-vie-3571546\" rel=\"nofollow noopener\" target=\"_blank\"><br \/>\nl&rsquo;animatrice slovaque<\/a> avait expliqu\u00e9 avoir \u00ab\u00a0un caract\u00e8re<br \/>\nconditionn\u00e9 par l\u2019amour\u00a0\u00bb. \u00ab\u00a0Je peux tout faire par amour, c\u2019est m\u00eame<br \/>\ndangereux. Je peux tout quitter, je peux partir. Et je l\u2019ai fait \u00e0<br \/>\nplusieurs reprises\u00a0\u00bb, a-t-elle d\u00e9clar\u00e9 dans une interview pour<br \/>\nParis Match. Pour Marc<br \/>\nLavoine, elle serait donc pr\u00eate \u00e0 tout&#8230;<\/p>\n<p>Diaporama<br \/>\n<img decoding=\"async\" class=\"diapo_img img-responsive lazy-load\" loading=\"lazy\" src=\"https:\/\/www.europesays.com\/fr\/wp-content\/uploads\/2025\/09\/bestimage_00722716_000041.jpg\"\/><\/p>\n<p>Bruno Bebert \/ Bestimage<\/p>\n<p>1\/6 Adriana Karembeu et Marc Lavoine,<br \/>\nins\u00e9parables\u00a0<\/p>\n<p>Adriana Karembeu et Marc Lavoine ne se quittent plus. Depuis<br \/>\nqu&rsquo;ils ont officialis\u00e9 leur relation, les deux tourtereaux passent<br \/>\nleur temps libre ensemble.<\/p>\n<p><img decoding=\"async\" class=\"diapo_img img-responsive lazy-load\" loading=\"lazy\" src=\"https:\/\/www.europesays.com\/fr\/wp-content\/uploads\/2025\/09\/bestimage_00722716_000001.jpg\"\/><\/p>\n<p>Bruno Bebert \/ Bestimage<\/p>\n<p>2\/6 Adriana Karembeu et son compagnon Marc<br \/>\nLavoine \u00e0 Monaco\u00a0<\/p>\n<p data-start=\"60\" data-end=\"408\">Ce jeudi 11 septembre, le couple<br \/>\ns&rsquo;est rendu au Yacht Club de Monaco pour assister \u00e0 la Monaco<br \/>\nClassic Week.<\/p>\n<p><img decoding=\"async\" class=\"diapo_img img-responsive lazy-load\" loading=\"lazy\" src=\"https:\/\/www.europesays.com\/fr\/wp-content\/uploads\/2025\/09\/bestimage_00722716_000013.jpg\"\/><\/p>\n<p>Bruno Bebert \/ Bestimage<\/p>\n<p>3\/6 Adriana Karembeu a embarqu\u00e9 sur Le Cr\u00e9ole<br \/>\n1926<\/p>\n<p>Durant leur s\u00e9jour, Bernard d\u2019Alessandri, le secr\u00e9taire et<br \/>\ndirecteur g\u00e9n\u00e9ral, a fait d\u00e9couvrir \u00e0 Adriana plusieurs unit\u00e9s,<br \/>\ndont Le Cr\u00e9ole, 1926, qui<br \/>\nappartient \u00e0 Allegra Gucci, l&rsquo;arri\u00e8re-petite-fille de Guccio Gucci,<br \/>\nfondateur de la c\u00e9l\u00e8bre maison italienne.<\/p>\n<p><img decoding=\"async\" class=\"diapo_img img-responsive lazy-load\" loading=\"lazy\" src=\"https:\/\/www.europesays.com\/fr\/wp-content\/uploads\/2025\/09\/bestimage_00722716_000022.jpg\"\/><\/p>\n<p>Bruno Bebert \/ Bestimage<\/p>\n<p>4\/6 Adriana Karembeu et Marc Lavoine au<br \/>\nClassic Week organis\u00e9e par le Yacht Club<\/p>\n<p>Ensuite, l&rsquo;actrice de 53 ans est mont\u00e9e \u00e0 bord du<br \/>\nWiki.<\/p>\n<p><img decoding=\"async\" class=\"diapo_img img-responsive lazy-load\" loading=\"lazy\" src=\"https:\/\/www.europesays.com\/fr\/wp-content\/uploads\/2025\/09\/bestimage_00722716_000040.jpg\"\/><\/p>\n<p>Bruno Bebert \/ Bestimage<\/p>\n<p>5\/6 Le Concours des Chefs<\/p>\n<p>Le couple a particip\u00e9 au Concours des Chefs pr\u00e9sid\u00e9 par<br \/>\n<strong>Tom Meyer<\/strong>, Meilleur Ouvrier de France, en tant que<br \/>\njury.\u00a0<\/p>\n<p><img decoding=\"async\" class=\"diapo_img img-responsive lazy-load\" loading=\"lazy\" src=\"https:\/\/www.europesays.com\/fr\/wp-content\/uploads\/2025\/09\/bestimage_00722716_000002.jpg\"\/><\/p>\n<p>Bruno Bebert \/ Bestimage<\/p>\n<p>6\/6 Une premi\u00e8re pour Marc Lavoine<\/p>\n<p>Elle \u00e9tait accompagn\u00e9e de son compagnon Marc Lavoine, qui<br \/>\nn&rsquo;avait jamais assist\u00e9 \u00e0 une telle comp\u00e9tition auparavant.<\/p>\n","protected":false},"excerpt":{"rendered":"Adriana Karembeu et Marc Lavoine ne se quittent plus. Depuis qu&rsquo;ils ont officialis\u00e9 leur relation, les deux tourtereaux&hellip;\n","protected":false},"author":2,"featured_media":384912,"comment_status":"","ping_status":"","sticky":false,"template":"","format":"standard","meta":{"footnotes":""},"categories":[8],"tags":[6382,58,59,1011,27,1638,7593],"class_list":{"0":"post-384911","1":"post","2":"type-post","3":"status-publish","4":"format-standard","5":"has-post-thumbnail","7":"category-divertissement","8":"tag-adriana-karembeu","9":"tag-divertissement","10":"tag-entertainment","11":"tag-fr","12":"tag-france","13":"tag-has_diapo","14":"tag-marc-lavoine"},"share_on_mastodon":{"url":"https:\/\/pubeurope.com\/@fr\/115190524265323845","error":""},"_links":{"self":[{"href":"https:\/\/www.europesays.com\/fr\/wp-json\/wp\/v2\/posts\/384911","targetHints":{"allow":["GET"]}}],"collection":[{"href":"https:\/\/www.europesays.com\/fr\/wp-json\/wp\/v2\/posts"}],"about":[{"href":"https:\/\/www.europesays.com\/fr\/wp-json\/wp\/v2\/types\/post"}],"author":[{"embeddable":true,"href":"https:\/\/www.europesays.com\/fr\/wp-json\/wp\/v2\/users\/2"}],"replies":[{"embeddable":true,"href":"https:\/\/www.europesays.com\/fr\/wp-json\/wp\/v2\/comments?post=384911"}],"version-history":[{"count":0,"href":"https:\/\/www.europesays.com\/fr\/wp-json\/wp\/v2\/posts\/384911\/revisions"}],"wp:featuredmedia":[{"embeddable":true,"href":"https:\/\/www.europesays.com\/fr\/wp-json\/wp\/v2\/media\/384912"}],"wp:attachment":[{"href":"https:\/\/www.europesays.com\/fr\/wp-json\/wp\/v2\/media?parent=384911"}],"wp:term":[{"taxonomy":"category","embeddable":true,"href":"https:\/\/www.europesays.com\/fr\/wp-json\/wp\/v2\/categories?post=384911"},{"taxonomy":"post_tag","embeddable":true,"href":"https:\/\/www.europesays.com\/fr\/wp-json\/wp\/v2\/tags?post=384911"}],"curies":[{"name":"wp","href":"https:\/\/api.w.org\/{rel}","templated":true}]}}