{"id":384913,"date":"2025-09-12T09:04:12","date_gmt":"2025-09-12T09:04:12","guid":{"rendered":"https:\/\/www.europesays.com\/fr\/384913\/"},"modified":"2025-09-12T09:04:12","modified_gmt":"2025-09-12T09:04:12","slug":"la-bague-connectee-francaise-avec-un-ecg-mais-sans-abonnement","status":"publish","type":"post","link":"https:\/\/www.europesays.com\/fr\/384913\/","title":{"rendered":"la bague connect\u00e9e fran\u00e7aise avec un ECG, mais sans abonnement"},"content":{"rendered":"<p>Les montres et les bracelets connect\u00e9s qui proposent de suivre la sant\u00e9 de l\u2019utilisateur sont l\u00e9gion. Tous ceux qui ne veulent pas encombrer leur poignet ont la possibilit\u00e9 de porter une bague, un march\u00e9 qui devient de plus en plus mature avec des produits toujours plus performants. Le fran\u00e7ais Circular, pionnier dans le secteur, a lanc\u00e9 la commercialisation de la Ring 2 qui int\u00e8gre un \u00e9lectrocardiogramme\u2026 le tout sans abonnement.<\/p>\n<p><a href=\"https:\/\/www.01net.com\/actualites\/la-circular-ring-2-parvient-a-ajouter-un-ecg-sans-sacrifier-son-elegance.html\" rel=\"nofollow noopener\" target=\"_blank\">Annonc\u00e9 d\u00e9but janvier \u00e0 l\u2019occasion du CES<\/a>, la <strong>Ring 2<\/strong> est d\u00e9sormais disponible \u00e0 l\u2019achat, apr\u00e8s une p\u00e9riode de financement participatif sur Kickstarter. Cette deuxi\u00e8me g\u00e9n\u00e9ration a ceci de tr\u00e8s int\u00e9ressant qu\u2019elle int\u00e8gre un \u00e9lectrocardiogramme (ECG) \u2014 une premi\u00e8re pour une bague connect\u00e9e.<\/p>\n<p> La Ring 2 veut remplacer la montre connect\u00e9e <\/p>\n<p>Cet ECG a re\u00e7u le feu vert de la FDA, les autorit\u00e9s sanitaires am\u00e9ricaines. Au bout de 30 secondes, l\u2019examen peut d\u00e9terminer des arythmies comme la fibrillation auriculaire, la tachycardie ou la bradycardie. Les utilisateurs peuvent aussi recevoir des alertes en cas d\u2019irr\u00e9gularit\u00e9s du rythme cardiaque ou du taux d\u2019oxyg\u00e8ne dans le sang.<\/p>\n<p> <img loading=\"lazy\" decoding=\"async\" class=\"size-full wp-image-1293338\" src=\"https:\/\/www.europesays.com\/fr\/wp-content\/uploads\/2025\/09\/circular-ring-2.jpg\" alt=\"Circular Ring 2\" width=\"1920\" height=\"1280\"  \/>\u00a9 Circular <\/p>\n<p>La bague contient \u00e9galement un capteur optique qui mesure les variations du flux sanguin sous la peau gr\u00e2ce \u00e0 la lumi\u00e8re (rouge, vert, infrarouge), un capteur de temp\u00e9rature, un cardiofr\u00e9quencem\u00e8tre et un acc\u00e9l\u00e9rom\u00e8tre. En tout, elle mesure 8 signaux vitaux (ECG donc, mais aussi sommeil, stress, pression sanguine\u2026) et 140 marqueurs biom\u00e9triques qui sont ensuite interpr\u00e9t\u00e9s par l\u2019application compagnon. Circular annonce m\u00eame le suivi du glucose de mani\u00e8re non-invasive pour le d\u00e9but de l\u2019ann\u00e9e prochaine\u00a0! Voil\u00e0 qui serait un sacr\u00e9 exploit, tous les constructeurs se cassant les dents sur ce Graal.<\/p>\n<p>Ensuite, c\u2019est le coach Kira qui prend les choses en main. Cet assistant IA apprend le profil de l\u2019utilisateur pendant 14 jours, puis propose et adapte ses conseils en fonction. Circular promet de guider le porteur de la Ring avec des recommandations quotidiennes et surtout, bas\u00e9es sur la science.<\/p>\n<p>La Ring 2 assure jusqu\u2019\u00e0 8 jours d\u2019autonomie sur une charge, et se recharge sans fil sur son support d\u00e9di\u00e9. La bague est \u00e9tanche, con\u00e7ue en titane et d\u00e9clin\u00e9e en quatre coloris\u00a0: noir, argent, or et or rose. Les prix d\u00e9butent \u00e0 349\u00a0$ et la bonne nouvelle, c\u2019est qu\u2019il n\u2019y a aucun abonnement attach\u00e9. La premi\u00e8re g\u00e9n\u00e9ration de la Ring ne nous avait <a href=\"https:\/\/www.01net.com\/tests\/circular-ring-slim-avis-bague-connectee-francaise.html\" rel=\"nofollow noopener\" target=\"_blank\">pas sp\u00e9cialement convaincu<\/a>. Cette nouvelle tentative s\u2019annonce plus int\u00e9ressante.<\/p>\n<blockquote>\n<p class=\"text-base text-neutral-700 dark:text-neutral-300\">\ud83d\udd34 Pour ne manquer aucune actualit\u00e9 de 01net, suivez-nous sur <a href=\"https:\/\/news.google.com\/publications\/CAAqBwgKMJPsvAswoIfUAw?hl=fr&amp;gl=FR&amp;ceid=FR%3Afr\" target=\"_blank\" rel=\"nofollow noopener\">Google Actualit\u00e9s<\/a> et <a href=\"https:\/\/whatsapp.com\/channel\/0029VaH5gKg6xCSG9nQQhQ1Z\" target=\"_blank\" rel=\"nofollow noopener\">WhatsApp<\/a>.<\/p>\n<\/blockquote>\n<p class=\"post-source\">\n            Source :<br \/>\n            <a href=\"https:\/\/fr.circular.xyz\" target=\"_blank\" rel=\"nofollow noopener\"><br \/>\n              Circular<br \/>\n            <\/a>\n          <\/p>\n","protected":false},"excerpt":{"rendered":"Les montres et les bracelets connect\u00e9s qui proposent de suivre la sant\u00e9 de l\u2019utilisateur sont l\u00e9gion. Tous ceux&hellip;\n","protected":false},"author":2,"featured_media":384914,"comment_status":"","ping_status":"","sticky":false,"template":"","format":"standard","meta":{"footnotes":""},"categories":[7],"tags":[51768,51769,1011,27,43,40,41,39,42,44],"class_list":{"0":"post-384913","1":"post","2":"type-post","3":"status-publish","4":"format-standard","5":"has-post-thumbnail","7":"category-sciences-et-technologies","8":"tag-circular","9":"tag-circular-ring-2","10":"tag-fr","11":"tag-france","12":"tag-science","13":"tag-science-and-technology","14":"tag-sciences","15":"tag-sciences-et-technologies","16":"tag-technologies","17":"tag-technology"},"share_on_mastodon":{"url":"https:\/\/pubeurope.com\/@fr\/115190527777205643","error":""},"_links":{"self":[{"href":"https:\/\/www.europesays.com\/fr\/wp-json\/wp\/v2\/posts\/384913","targetHints":{"allow":["GET"]}}],"collection":[{"href":"https:\/\/www.europesays.com\/fr\/wp-json\/wp\/v2\/posts"}],"about":[{"href":"https:\/\/www.europesays.com\/fr\/wp-json\/wp\/v2\/types\/post"}],"author":[{"embeddable":true,"href":"https:\/\/www.europesays.com\/fr\/wp-json\/wp\/v2\/users\/2"}],"replies":[{"embeddable":true,"href":"https:\/\/www.europesays.com\/fr\/wp-json\/wp\/v2\/comments?post=384913"}],"version-history":[{"count":0,"href":"https:\/\/www.europesays.com\/fr\/wp-json\/wp\/v2\/posts\/384913\/revisions"}],"wp:featuredmedia":[{"embeddable":true,"href":"https:\/\/www.europesays.com\/fr\/wp-json\/wp\/v2\/media\/384914"}],"wp:attachment":[{"href":"https:\/\/www.europesays.com\/fr\/wp-json\/wp\/v2\/media?parent=384913"}],"wp:term":[{"taxonomy":"category","embeddable":true,"href":"https:\/\/www.europesays.com\/fr\/wp-json\/wp\/v2\/categories?post=384913"},{"taxonomy":"post_tag","embeddable":true,"href":"https:\/\/www.europesays.com\/fr\/wp-json\/wp\/v2\/tags?post=384913"}],"curies":[{"name":"wp","href":"https:\/\/api.w.org\/{rel}","templated":true}]}}