{"id":384917,"date":"2025-09-12T09:06:12","date_gmt":"2025-09-12T09:06:12","guid":{"rendered":"https:\/\/www.europesays.com\/fr\/384917\/"},"modified":"2025-09-12T09:06:12","modified_gmt":"2025-09-12T09:06:12","slug":"manifestations-et-emeutes-au-nepal-au-moins-51-morts-12-500-detenus-evades-toujours-en-cavale-ouest-france","status":"publish","type":"post","link":"https:\/\/www.europesays.com\/fr\/384917\/","title":{"rendered":"Manifestations et \u00e9meutes au N\u00e9pal : au moins 51 morts, 12 500 d\u00e9tenus \u00e9vad\u00e9s toujours en cavale &#8211; Ouest-France"},"content":{"rendered":"<ol>\n<li><a href=\"https:\/\/news.google.com\/rss\/articles\/CBMi_wFBVV95cUxNdHV0THBlc1owdE5XMFhHbk9rWC15QXRuNFYzZEo1RzV0bE9KcXhvWFkxcFN3QlRsRzRicEJ4N002eVM3QlJsSEExTkpzUC1WbjJGRHoyQ1FEWmtKNURDSFFkcDRUVVdraXlQczVVOE4yMzZhazlTRjluN1kwZXpNVVFLdHNmck5XS2JrbV9Xd2hnc1lUY0ZLRl90djNCM3N6ZUdlbUZndmZuUVJfUzN1LTdFX2hNS3lMeU5NN1FiVXVleU1EYVNLcUV0SWNBRFFyZEpCaWU3YzFjVmpJal9KckFRNWk5dzVxUUotSEcxdTc0OVlRVFdqNU83azNrbGM?oc=5\" target=\"_blank\" rel=\"nofollow noopener\">Manifestations et \u00e9meutes au N\u00e9pal : au moins 51 morts, 12 500 d\u00e9tenus \u00e9vad\u00e9s toujours en cavale<\/a>&nbsp;&nbsp;Ouest-France<\/li>\n<li><a href=\"https:\/\/news.google.com\/rss\/articles\/CBMiwAJBVV95cUxQSVNDOURNX2dNYmVaeGVSSjkxME02bERDMHJoNmkwR1BhVHMyUkVDWWI1S2ttZy1yN2FneWVWcWo2UUhxWS1BVURJUWJFUVZsRVVCbThCbUItbGpFNGJJSk9teUo2SUExU091YXNDVXlSWGo1ZDYxaWVEaVBadjBHVDRadXdTMFNnc1pZeHA4LUJ3NFF6YVRSVmNNcDJ4bkluNjRrQ0pGOF8tSllLZC1rQU9hVlBER0xyd3pkakJGMjNDTl9GSkMweEtLQTdOcUptSDZPeDZYNWxkT0xzOUM5eG5KY0l3MGQ2LUJxTEtYaWFsb0FzQWFFaUI4bWVpZ0hhampCeWNqZUZIQ3prT19McEpVUTUwZVNVallQdnhRcC10dy1LaFRtbXoyUWFTM0twYllqY29ZQ0JkMzBiQTdsMA?oc=5\" target=\"_blank\" rel=\"nofollow noopener\">Au N\u00e9pal, dans Katmandou d\u00e9vast\u00e9e, les jeunes redoutent le retour au pouvoir des vieux dirigeants qu\u2019ils ont chass\u00e9s : \u00ab Tout le monde se dit de la g\u00e9n\u00e9ration Z \u00bb<\/a>&nbsp;&nbsp;Le Monde.fr<\/li>\n<li><a href=\"https:\/\/news.google.com\/rss\/articles\/CBMisgFBVV95cUxNWVdsbzVObmtuZG9FYWFmSHZlUExtdXZrQkhkYXFyRjd6VUJ1Z2FHS2ZTTTcyend4SWF0M0N0QlljOTFvQkZ6ZkxyYTIxeWlKUXEtd2xTLUxUaFBXZi13OFBWWXROVk1ERnFITFRuYWVIenp3b2praHlydFBXTDQ2VEtXWGJRMXA0am8zY0FIaUMzckZQU1lBQ2hPNWNtZTUyMkhfRkozaVlkaDAycHRERklR?oc=5\" target=\"_blank\" rel=\"nofollow noopener\">Plus de 12.000 d\u00e9tenus se sont \u00e9chapp\u00e9s pendant les manifestations au N\u00e9pal<\/a>&nbsp;&nbsp;20 Minutes<\/li>\n<li><a href=\"https:\/\/news.google.com\/rss\/articles\/CBMiuwFBVV95cUxPNV96c0swOHhXZnRpLUZoSDg2X0ZjRkhhNVAyNTFjQjgtbG80N3Z6M2FhTE9RM1JrbklLNlYtMVMwd3VpTnV3cDZwUm05RDF1YkVYdmo4N2ZTOHJkNlhRZG1ydjhuakYtdmJ1cktSbFNMUFFMMnlqeEVLdUQwbFkzanFJa1QxRDRVVk0xVXllNk9Zbmw0b1ZEWGNxTmhSQjBPaXRUc1ZtNmZPc1NBM2ttdGsxYnhKOXJXbi1B?oc=5\" target=\"_blank\" rel=\"nofollow noopener\">N\u00e9pal : ces deux jours de r\u00e9volution qui ont plong\u00e9 le pays dans l\u2019inconnu<\/a>&nbsp;&nbsp;Le Figaro<\/li>\n<li><a href=\"https:\/\/news.google.com\/rss\/articles\/CBMi4wFBVV95cUxNMVdRMHp6VEF1QV9DdDhnWkN4UTJPdFFBWno1TzZGYTFPOUd5U2NkbFd3b183TmtWcmdETmlNMmtaOWNnbGh1MFE2WnI3ZG0xZkNqRzBOXzRSMzJSeTBLRUdZZ3lRNjZieWt5Z25tSFFFdXFjazBWUkdQRzM1VXhDcEZlUHFodURHYlpqdE1EVW1LZ01LY3dRakN5QkpRUkZ0Wi1kemZYMlR6dGJMYVdCZmlRMkhrSU04WmZCdFVMSHZJZnZFSnhFblR2OGZySk1sNjdVSW03dGNHMlpldk1UTThLWQ?oc=5\" target=\"_blank\" rel=\"nofollow noopener\">N\u00e9pal: le pr\u00e9sident promet une issue \u00e0 la crise \u00ab\u00a0aussi vite que possible\u00a0\u00bb<\/a>&nbsp;&nbsp;Courrier international<\/li>\n<\/ol>\n","protected":false},"excerpt":{"rendered":"Manifestations et \u00e9meutes au N\u00e9pal : au moins 51 morts, 12 500 d\u00e9tenus \u00e9vad\u00e9s toujours en cavale&nbsp;&nbsp;Ouest-France Au&hellip;\n","protected":false},"author":2,"featured_media":1445,"comment_status":"","ping_status":"","sticky":false,"template":"","format":"standard","meta":{"footnotes":""},"categories":[5],"tags":[11,1011,27,14,12,28],"class_list":{"0":"post-384917","1":"post","2":"type-post","3":"status-publish","4":"format-standard","5":"has-post-thumbnail","7":"category-international","8":"tag-actualites","9":"tag-fr","10":"tag-france","11":"tag-international","12":"tag-news","13":"tag-world"},"share_on_mastodon":{"url":"https:\/\/pubeurope.com\/@fr\/115190535551354291","error":""},"_links":{"self":[{"href":"https:\/\/www.europesays.com\/fr\/wp-json\/wp\/v2\/posts\/384917","targetHints":{"allow":["GET"]}}],"collection":[{"href":"https:\/\/www.europesays.com\/fr\/wp-json\/wp\/v2\/posts"}],"about":[{"href":"https:\/\/www.europesays.com\/fr\/wp-json\/wp\/v2\/types\/post"}],"author":[{"embeddable":true,"href":"https:\/\/www.europesays.com\/fr\/wp-json\/wp\/v2\/users\/2"}],"replies":[{"embeddable":true,"href":"https:\/\/www.europesays.com\/fr\/wp-json\/wp\/v2\/comments?post=384917"}],"version-history":[{"count":0,"href":"https:\/\/www.europesays.com\/fr\/wp-json\/wp\/v2\/posts\/384917\/revisions"}],"wp:featuredmedia":[{"embeddable":true,"href":"https:\/\/www.europesays.com\/fr\/wp-json\/wp\/v2\/media\/1445"}],"wp:attachment":[{"href":"https:\/\/www.europesays.com\/fr\/wp-json\/wp\/v2\/media?parent=384917"}],"wp:term":[{"taxonomy":"category","embeddable":true,"href":"https:\/\/www.europesays.com\/fr\/wp-json\/wp\/v2\/categories?post=384917"},{"taxonomy":"post_tag","embeddable":true,"href":"https:\/\/www.europesays.com\/fr\/wp-json\/wp\/v2\/tags?post=384917"}],"curies":[{"name":"wp","href":"https:\/\/api.w.org\/{rel}","templated":true}]}}