{"id":384920,"date":"2025-09-12T09:08:10","date_gmt":"2025-09-12T09:08:10","guid":{"rendered":"https:\/\/www.europesays.com\/fr\/384920\/"},"modified":"2025-09-12T09:08:10","modified_gmt":"2025-09-12T09:08:10","slug":"le-suspect-interpelle-va-etre-presente-a-un-juge-en-vue-de-sa-mise-en-examen-pour-meurtre","status":"publish","type":"post","link":"https:\/\/www.europesays.com\/fr\/384920\/","title":{"rendered":"Le suspect interpell\u00e9 va \u00eatre pr\u00e9sent\u00e9 \u00e0 un juge en vue de sa mise en examen pour \u00ab\u00a0meurtre\u00a0\u00bb"},"content":{"rendered":"<p>Vers le d\u00e9nouement de l\u2019enqu\u00eate sur la mort de la jeune joggeuse. Le suspect interpell\u00e9 jeudi, plus de quatre mois apr\u00e8s la mort d\u2019<a href=\"https:\/\/www.20minutes.fr\/societe\/4172442-20250911-mort-agathe-hilairet-trois-hommes-interpelles-vienne\" class=\"c-link c-link--is-underlined\" rel=\"nofollow noopener\" target=\"_blank\">Agathe Hilairet<\/a>, \u00e0 Vivonne pr\u00e8s de <a href=\"https:\/\/www.20minutes.fr\/dossier\/poitiers\" class=\"c-link c-link--is-underlined\" rel=\"nofollow noopener\" target=\"_blank\">Poitiers<\/a>, va \u00eatre pr\u00e9sent\u00e9 ce vendredi au magistrat instructeur en charge de l\u2019information judiciaire, \u00ab\u00a0en vue de sa mise en examen du chef de <a href=\"https:\/\/www.20minutes.fr\/dossier\/meurtre\" class=\"c-link c-link--is-underlined\" rel=\"nofollow noopener\" target=\"_blank\">meurtre<\/a> pr\u00e9c\u00e9d\u00e9 d\u2019enl\u00e8vement et s\u00e9questration\u00a0\u00bb, indique le parquet de Poitiers, qui \u00ab\u00a0sollicite son placement en d\u00e9tention provisoire\u00a0\u00bb.<\/p>\n<\/p>\n<p>Le v\u00e9hicule de cet homme n\u00e9 en\u00a01965 a \u00e9t\u00e9 \u00ab\u00a0imm\u00e9diatement plac\u00e9 sous scell\u00e9 en vue de son exploitation\u00a0\u00bb. \u00ab\u00a0Les expertises r\u00e9alis\u00e9es dans le temps de la garde \u00e0 vue ont permis de mat\u00e9rialiser la pr\u00e9sence de l\u2019ADN de la victime dans le v\u00e9hicule. A ce stade, il reconna\u00eet sa pr\u00e9sence sur les lieux et avoir \u00e9t\u00e9 en contact avec Agathe Hilairet.\u00a0\u00bb<\/p>\n<p>Le corps de la jeune femme avait \u00e9t\u00e9 d\u00e9plac\u00e9<\/p>\n<p>Le 4 mai dernier, un promeneur avait d\u00e9couvert le cadavre d\u2019Agathe Hilairet, une adepte du trail de fr\u00eale corpulence (1,65 m pour 35\u00a0kg) partie courir le 10\u00a0avril au matin depuis le domicile de ses parents \u00e0 Vivonne, \u00e0 20\u00a0km au sud de Poitiers. Depuis, l\u2019enqu\u00eate avait d\u00e9termin\u00e9 que le corps de la jeune femme de 28 ans avait \u00e9t\u00e9 d\u00e9plac\u00e9 post mortem, ce qui accr\u00e9ditait la piste criminelle.<\/p>\n<p>Un important travail d\u2019<a href=\"https:\/\/www.20minutes.fr\/dossier\/enquete\" class=\"c-link c-link--is-underlined\" rel=\"nofollow noopener\" target=\"_blank\">investigations<\/a> a \u00e9t\u00e9 r\u00e9alis\u00e9 durant quatre mois. Il a permis d\u2019\u00e9tablir \u00ab\u00a0une convergence d\u2019\u00e9l\u00e9ments\u00a0\u00bb pour \u00ab\u00a0concentrer les recherches sur un homme n\u00e9 en\u00a01965, demeurant \u00e0 Vivonne et inscrit au fichier des auteurs d\u2019infractions sexuelles ou violentes (FIJAIS)\u00a0\u00bb d\u00e9taille la procureure de la R\u00e9publique de Poitiers, Rachel Bray.<\/p>\n<p>D\u00e9j\u00e0 condamn\u00e9 \u00e0 deux reprises pour viol sous la menace d\u2019une arme<\/p>\n<p>Le casier judiciaire de cet individu \u00ab\u00a0porte mention de deux condamnations criminelles prononc\u00e9es, le 9\u00a0f\u00e9vrier 1994 par la cour d\u2019assises du Puy-de-D\u00f4me \u00e0 la peine de 12 ans de r\u00e9clusion criminelle pour des faits de <a href=\"https:\/\/www.20minutes.fr\/dossier\/viol\" class=\"c-link c-link--is-underlined\" rel=\"nofollow noopener\" target=\"_blank\">viol<\/a> commis sous la menace d\u2019une arme, puis le 27\u00a0f\u00e9vrier 2004 par la cour d\u2019assises de la Haute-Loire \u00e0 la peine de 30 ans de r\u00e9clusion criminelle avec une p\u00e9riode de s\u00fbret\u00e9 fix\u00e9e \u00e0 20 ans pour des faits de viol commis sous la menace d\u2019une arme en r\u00e9cidive et <a href=\"https:\/\/www.20minutes.fr\/dossier\/agression_sexuelle\" class=\"c-link c-link--is-underlined\" rel=\"nofollow noopener\" target=\"_blank\">agression sexuelle<\/a> en r\u00e9cidive.\u00a0\u00bb<\/p>\n<p>Apr\u00e8s une incarc\u00e9ration en Corse, \u00ab\u00a0l\u2019int\u00e9ress\u00e9 b\u00e9n\u00e9ficiait d\u2019un am\u00e9nagement de peine sous la forme d\u2019un placement ext\u00e9rieur sur le d\u00e9partement de la <a href=\"https:\/\/www.20minutes.fr\/dossier\/vienne-france\" class=\"c-link c-link--is-underlined\" rel=\"nofollow noopener\" target=\"_blank\">Vienne<\/a> \u00e0 compter du mois d\u2019avril\u00a02024 sur d\u00e9cision du tribunal d\u2019application des peines de Bastia en date du 29\u00a0mars 2024.\u00a0\u00bb<\/p>\n<p><a href=\"https:\/\/www.20minutes.fr\/dossier\/homicide\" class=\"c-link c-btn c-btn--primary\" rel=\"nofollow noopener\" target=\"_blank\">Notre dossier sur les homicides<\/a><\/p>\n<p>Dans le cadre de la m\u00eame d\u00e9cision, il \u00e9tait plac\u00e9 sous surveillance judiciaire depuis le 5\u00a0octobre 2024 \u00ab\u00a0avec injonction de soins, r\u00e9sidence dans un lieu d\u00e9termin\u00e9, interdiction de contact avec les victimes, interdiction de d\u00e9tenir une arme et obligation de travail.\u00a0\u00bb<\/p>\n<p>L\u2019enqu\u00eate sur la mort d\u2019Agathe Hilairet, a amen\u00e9 \u00e0 la v\u00e9rification de 7.000 appels de t\u00e9moins, \u00ab\u00a0dont une centaine ont fait l\u2019objet d\u2019une audition et de rapprochements\u00a0\u00bb, tandis que 750 \u00ab\u00a0signalements provenant de l\u2019ensemble du territoire\u00a0\u00bb ont aussi d\u00fb \u00eatre v\u00e9rifi\u00e9s.<\/p>\n","protected":false},"excerpt":{"rendered":"Vers le d\u00e9nouement de l\u2019enqu\u00eate sur la mort de la jeune joggeuse. Le suspect interpell\u00e9 jeudi, plus de&hellip;\n","protected":false},"author":2,"featured_media":384921,"comment_status":"","ping_status":"","sticky":false,"template":"","format":"standard","meta":{"footnotes":""},"categories":[2],"tags":[47,11,11818,1067,1011,27,2683,777,12,2219,1653,2220,104,8320],"class_list":{"0":"post-384920","1":"post","2":"type-post","3":"status-publish","4":"format-standard","5":"has-post-thumbnail","7":"category-actualites","8":"tag-actualite","9":"tag-actualites","10":"tag-agathe-hilairet","11":"tag-enquete","12":"tag-fr","13":"tag-france","14":"tag-homicide","15":"tag-meurtre","16":"tag-news","17":"tag-nouvelle-aquitaine","18":"tag-poitiers","19":"tag-poitou-charentes","20":"tag-societe","21":"tag-vienne-departement"},"share_on_mastodon":{"url":"https:\/\/pubeurope.com\/@fr\/115190543364334084","error":""},"_links":{"self":[{"href":"https:\/\/www.europesays.com\/fr\/wp-json\/wp\/v2\/posts\/384920","targetHints":{"allow":["GET"]}}],"collection":[{"href":"https:\/\/www.europesays.com\/fr\/wp-json\/wp\/v2\/posts"}],"about":[{"href":"https:\/\/www.europesays.com\/fr\/wp-json\/wp\/v2\/types\/post"}],"author":[{"embeddable":true,"href":"https:\/\/www.europesays.com\/fr\/wp-json\/wp\/v2\/users\/2"}],"replies":[{"embeddable":true,"href":"https:\/\/www.europesays.com\/fr\/wp-json\/wp\/v2\/comments?post=384920"}],"version-history":[{"count":0,"href":"https:\/\/www.europesays.com\/fr\/wp-json\/wp\/v2\/posts\/384920\/revisions"}],"wp:featuredmedia":[{"embeddable":true,"href":"https:\/\/www.europesays.com\/fr\/wp-json\/wp\/v2\/media\/384921"}],"wp:attachment":[{"href":"https:\/\/www.europesays.com\/fr\/wp-json\/wp\/v2\/media?parent=384920"}],"wp:term":[{"taxonomy":"category","embeddable":true,"href":"https:\/\/www.europesays.com\/fr\/wp-json\/wp\/v2\/categories?post=384920"},{"taxonomy":"post_tag","embeddable":true,"href":"https:\/\/www.europesays.com\/fr\/wp-json\/wp\/v2\/tags?post=384920"}],"curies":[{"name":"wp","href":"https:\/\/api.w.org\/{rel}","templated":true}]}}