{"id":384924,"date":"2025-09-12T09:10:12","date_gmt":"2025-09-12T09:10:12","guid":{"rendered":"https:\/\/www.europesays.com\/fr\/384924\/"},"modified":"2025-09-12T09:10:12","modified_gmt":"2025-09-12T09:10:12","slug":"notre-numero-special-pour-comprendre","status":"publish","type":"post","link":"https:\/\/www.europesays.com\/fr\/384924\/","title":{"rendered":"notre num\u00e9ro sp\u00e9cial pour comprendre"},"content":{"rendered":"<p>Trois ans qu\u2019on vous en parle. Que vous en parlez. Entre r\u00e9v\u00e9lations, nouveaux rebondissements, coups d\u2019\u00e9clat en conseil municipal ou conseil m\u00e9tropolitain, l\u2019affaire n\u2019en finit pas de nourrir les conversations.<\/p>\n<p>  Impensable<\/p>\n<p>Affaire Perdriau, affaire du chantage \u00e0 la vid\u00e9o intime, affaire du chantage \u00e0 la mairie de Saint-Etienne, affaire de la sextape \u00e0 Saint-Etienne\u2026 Tous ces intitul\u00e9s m\u00e8nent \u00e0 la m\u00eame histoire. Incroyable. Impensable. Qui a fait l\u2019effet d\u2019une terrible explosion, le 26\u00a0ao\u00fbt 2022, lorsqu\u2019elle a \u00e9t\u00e9 r\u00e9v\u00e9l\u00e9e par Mediapart, t\u00e9moignages et enregistrements \u00e0 l\u2019appui.<\/p>\n<p>L\u2019entourage de <a href=\"https:\/\/www.leprogres.fr\/p\/gael-perdriau\" target=\"_blank\" rel=\"noopener\">Ga\u00ebl Perdriau<\/a>, maire LR de Saint-Etienne depuis 2014, aurait pi\u00e9g\u00e9 son premier adjoint centriste en janvier\u00a02015. Le fervent catholique <a href=\"https:\/\/www.leprogres.fr\/p\/gilles-artigues\" target=\"_blank\" rel=\"noopener\">Gilles Artigues<\/a>, consid\u00e9r\u00e9 comme un rival de premier plan, aurait \u00e9t\u00e9 film\u00e9 \u00e0 son insu, en train de se faire masser par un escort boy dans un h\u00f4tel parisien.<\/p>\n<p><a href=\"https:\/\/www.leprogres.fr\/p\/samy-kefi-jerome\" target=\"_blank\" rel=\"noopener\">Samy K\u00e9fi-J\u00e9r\u00f4me<\/a>, alors adjoint \u00e0 l\u2019\u00c9ducation, aurait organis\u00e9 la rencontre et aid\u00e9 \u00e0 tourner cette vid\u00e9o. C\u2019est <a href=\"https:\/\/www.leprogres.fr\/p\/gilles-rossary-lenglet\" target=\"_blank\" rel=\"noopener\">Gilles Rossary-Lenglet<\/a>, ex-compagnon de Samy K\u00e9fi-J\u00e9r\u00f4me, qui aurait \u00e9t\u00e9 missionn\u00e9 pour pr\u00e9parer le kompromat et organiser l\u2019op\u00e9ration.<\/p>\n<p>  Huit pr\u00e9venus sur le banc des accus\u00e9s<\/p>\n<p>Et le \u00ab\u00a0barbouzeur\u00a0\u00bb, comme il se d\u00e9finit lui-m\u00eame, l\u2019affirme\u00a0: l\u2019id\u00e9e du pi\u00e8ge viendrait directement du maire, Ga\u00ebl Perdriau et de son directeur de cabinet, <a href=\"https:\/\/www.leprogres.fr\/p\/pierre-gauttieri\" target=\"_blank\" rel=\"noopener\">Pierre Gauttieri<\/a>.<\/p>\n<p>Toujours selon Gilles Rossary-Lenglet, une somme d\u2019au moins 40\u00a0000\u00a0\u20ac aurait \u00e9t\u00e9 vers\u00e9e aux organisateurs de la sextape. L\u2019argent proviendrait de d\u00e9tournements de fonds publics, via des subventions \u00e0 deux associations en \u00e9change de prestations fictives.<\/p>\n<p>Depuis le d\u00e9but de l\u2019affaire, le maire de Saint-\u00c9tienne, exclu des R\u00e9publicains et vilipend\u00e9 par ses opposants, clame son innocence, se disant victime d\u2019un lynchage \u00e0 la fois m\u00e9diatique et politique. Et s\u2019il a souvent tangu\u00e9, il n\u2019est jamais tomb\u00e9 et a toujours dit attendre avec impatience son proc\u00e8s pour dire \u00ab\u00a0sa\u00a0\u00bb v\u00e9rit\u00e9.<\/p>\n<p>Sept autres pr\u00e9venus seront avec lui sur le banc des accus\u00e9s, du 22 au 26\u00a0septembre, devant la 13e chambre du tribunal correctionnel de Lyon. Chantage, association de malfaiteurs, d\u00e9tournement de fonds publics\u2026 Que risquent-ils\u00a0? Dans un hors-s\u00e9rie en kiosque \u00e0 partir de ce vendredi, nous revenons sur le scandale qui \u00e9branle Saint-Etienne depuis trois ans. Et sur les enjeux d\u2019un proc\u00e8s hors-norme, \u00e0 moins de six mois des \u00e9lections municipales.<\/p>\n","protected":false},"excerpt":{"rendered":"Trois ans qu\u2019on vous en parle. Que vous en parlez. Entre r\u00e9v\u00e9lations, nouveaux rebondissements, coups d\u2019\u00e9clat en conseil&hellip;\n","protected":false},"author":2,"featured_media":384925,"comment_status":"","ping_status":"","sticky":false,"template":"","format":"standard","meta":{"footnotes":""},"categories":[9653],"tags":[1111,11,42797,2430,271,272,7539,1777,674,274,1011,27,3367,12,316,25,4001,7538,10806],"class_list":{"0":"post-384924","1":"post","2":"type-post","3":"status-publish","4":"format-standard","5":"has-post-thumbnail","7":"category-saint-etienne","8":"tag-actu","9":"tag-actualites","10":"tag-affaire-perdriau","11":"tag-auvergne-rhone-alpes","12":"tag-crime","13":"tag-delit-et-contravention","14":"tag-edition-loire-sud","15":"tag-eu","16":"tag-europe","17":"tag-faits-divers-justice","18":"tag-fr","19":"tag-france","20":"tag-loire","21":"tag-news","22":"tag-politique","23":"tag-republique-francaise","24":"tag-saint-etienne","25":"tag-saint-etienne-ville","26":"tag-selection-de-la-redaction-42"},"share_on_mastodon":{"url":"https:\/\/pubeurope.com\/@fr\/115190551264335761","error":""},"_links":{"self":[{"href":"https:\/\/www.europesays.com\/fr\/wp-json\/wp\/v2\/posts\/384924","targetHints":{"allow":["GET"]}}],"collection":[{"href":"https:\/\/www.europesays.com\/fr\/wp-json\/wp\/v2\/posts"}],"about":[{"href":"https:\/\/www.europesays.com\/fr\/wp-json\/wp\/v2\/types\/post"}],"author":[{"embeddable":true,"href":"https:\/\/www.europesays.com\/fr\/wp-json\/wp\/v2\/users\/2"}],"replies":[{"embeddable":true,"href":"https:\/\/www.europesays.com\/fr\/wp-json\/wp\/v2\/comments?post=384924"}],"version-history":[{"count":0,"href":"https:\/\/www.europesays.com\/fr\/wp-json\/wp\/v2\/posts\/384924\/revisions"}],"wp:featuredmedia":[{"embeddable":true,"href":"https:\/\/www.europesays.com\/fr\/wp-json\/wp\/v2\/media\/384925"}],"wp:attachment":[{"href":"https:\/\/www.europesays.com\/fr\/wp-json\/wp\/v2\/media?parent=384924"}],"wp:term":[{"taxonomy":"category","embeddable":true,"href":"https:\/\/www.europesays.com\/fr\/wp-json\/wp\/v2\/categories?post=384924"},{"taxonomy":"post_tag","embeddable":true,"href":"https:\/\/www.europesays.com\/fr\/wp-json\/wp\/v2\/tags?post=384924"}],"curies":[{"name":"wp","href":"https:\/\/api.w.org\/{rel}","templated":true}]}}