{"id":384926,"date":"2025-09-12T09:11:18","date_gmt":"2025-09-12T09:11:18","guid":{"rendered":"https:\/\/www.europesays.com\/fr\/384926\/"},"modified":"2025-09-12T09:11:18","modified_gmt":"2025-09-12T09:11:18","slug":"le-chru-de-nancy-sensibilise-aux-cancers-du-sang","status":"publish","type":"post","link":"https:\/\/www.europesays.com\/fr\/384926\/","title":{"rendered":"Le CHRU de Nancy sensibilise aux cancers du sang"},"content":{"rendered":"<p><strong>Pr\u00e8s de 40 000 nouveaux cas de cancers du sang sont diagnostiqu\u00e9s chaque ann\u00e9e en France. Leuc\u00e9mies, lymphomes, my\u00e9lomes\u2026 Ces pathologies, souvent silencieuses, n\u00e9cessitent une prise en charge sp\u00e9cialis\u00e9e, mobilisant des traitements innovants et un accompagnement pluridisciplinaire. Le CHRU de Nancy, acteur de r\u00e9f\u00e9rence en h\u00e9matologie adulte, s\u2019engage activement dans le cadre de Septembre Rouge, mois de sensibilisation, avec une s\u00e9rie d\u2019actions \u00e0 destination des patients, des proches, du personnel soignant et du grand public.<\/strong><\/p>\n<p><img loading=\"lazy\" decoding=\"async\" class=\"wp-image-81909 \" src=\"https:\/\/www.europesays.com\/fr\/wp-content\/uploads\/2025\/09\/septembre-rouge-CHRU-Nancy-858x1024.jpg\" alt=\"Septembre Rouge (CHRU Nancy)\" width=\"396\" height=\"472\"  \/>Septembre Rouge (CHRU Nancy)<br \/>\nUn programme ouvert et riche<br \/>\nJeudi 19 septembre de 10h \u00e0 15h \u2013 Hall de Brabois Adultes<\/p>\n<p>Un village \u00ab <strong>cancers du sang<\/strong> \u00bb r\u00e9unira les \u00e9quipes hospitali\u00e8res (infirmiers en pratique avanc\u00e9e, di\u00e9t\u00e9ticiens, socio-esth\u00e9ticiennes), les associations de patients (APELHH, AF3M, ELLYE, Leuc\u00e9mie Espoir 57, Ligue contre le cancer 54) ainsi que les laboratoires partenaires (Abbvie, GSK, AstraZeneca, Janssen).<br \/><strong>Un studio mobile de podcast<\/strong> \u00ab Cancers du sang, nos vies \u00bb sera pr\u00e9sent toute la journ\u00e9e pour enregistrer un \u00e9pisode en direct d\u00e9di\u00e9 au dispositif d\u2019annonce, mettant en avant plusieurs professionnels du CHRU de Nancy, en partenariat avec le laboratoire Abbvie.<br \/>En parall\u00e8le, <strong>une collecte de sang<\/strong>, pour les professionnels de l\u2019\u00e9tablissement uniquement, est organis\u00e9e en lien avec l\u2019\u00c9tablissement Fran\u00e7ais du Sang.<\/p>\n<p>Dimanche 21 septembre \u2013 Ludres<\/p>\n<p><strong>Une marche solidaire est organis\u00e9e avec le partenariat de Ludres Marche<\/strong>, au profit de l\u2019association Am\u00e9lioration des Prestations, de l\u2019Environnement et des Loisirs des Hospitalis\u00e9s en H\u00e9matologie (APELHH). Trois parcours sont propos\u00e9s (2,5 km, 5 et 10 km), avec un d\u00e9part libre entre 14h et 15 h 30.<br \/><strong>Participation<\/strong> : 5 \u20ac revers\u00e9s \u00e0 l\u2019association. Un stand d\u2019accueil, une buvette et une vente solidaire seront install\u00e9s sur place.<\/p>\n<p>Du 1er au 30 septembre \u2013 Salle d\u2019attente des consultations d\u2019h\u00e9matologie \u2013 Brabois Adultes<\/p>\n<p>Une borne interactive \u00ab <strong>Mon parcours LLC<\/strong> \u00bb sera accessible \u00e0 tous les patients atteints de leuc\u00e9mie lympho\u00efde chronique afin de mieux comprendre les \u00e9tapes de leur prise en charge.<\/p>\n<p>H\u00e9matologie : une offre de soins compl\u00e8te au CHRU de Nancy<\/p>\n<p>Le service d\u2019h\u00e9matologie du CHRU prend en charge les principales h\u00e9mopathies malignes (leuc\u00e9mies aigu\u00ebs et chroniques, lymphomes, my\u00e9lomes, syndromes my\u00e9lodysplasiques), \u00e0 travers plusieurs unit\u00e9s :<\/p>\n<ul>\n<li>Hospitalisation conventionnelle (24 lits, soins de consolidation, autogreffes),<\/li>\n<li>Soins intensifs (20 lits, allogreffes, th\u00e9rapies CAR-T cells),<\/li>\n<li>Hospitalisation de jour et consultations (traitements ambulatoires, transfusions, h\u00e9maph\u00e9r\u00e8ses).<\/li>\n<\/ul>\n<p>Les soins sont assur\u00e9s par <strong>une \u00e9quipe pluridisciplinaire<\/strong> : m\u00e9decins, infirmiers sp\u00e9cialis\u00e9s, Infirmiers de Pratiques Avanc\u00e9es (IPA), di\u00e9t\u00e9ticiens, psychologues, assistantes sociales, masseurs kin\u00e9sith\u00e9rapeutes. Le dispositif d\u2019annonce, pr\u00e9vu d\u00e8s le diagnostic, permet un accompagnement personnalis\u00e9 et structur\u00e9.<br \/>L\u2019association APELHH, port\u00e9e par des soignants, agit quotidiennement pour am\u00e9liorer le confort des patients : pr\u00eat de tablettes, acc\u00e8s gratuit \u00e0 la t\u00e9l\u00e9vision et au wifi, mat\u00e9riel d\u2019activit\u00e9 physique, s\u00e9ances de relaxation, soins socioesth\u00e9tiques.<\/p>\n<p>Mieux conna\u00eetre les sympt\u00f4mes pour favoriser le diagnostic<\/p>\n<p>Les cancers du sang peuvent provoquer<strong> des signes discrets, parfois banalis\u00e9s<\/strong> : fatigue persistante, sueurs nocturnes abondantes, fi\u00e8vre prolong\u00e9e sans cause identifi\u00e9e, douleurs osseuses, ganglions gonfl\u00e9s, perte de poids inexpliqu\u00e9e, saignements fr\u00e9quents ou h\u00e9matomes, infections r\u00e9p\u00e9t\u00e9es, etc.<br \/>Une meilleure connaissance de ces sympt\u00f4mes permet de r\u00e9duire les d\u00e9lais de diagnostic et d\u2019initier plus t\u00f4t une prise en charge adapt\u00e9e.<\/p>\n","protected":false},"excerpt":{"rendered":"Pr\u00e8s de 40 000 nouveaux cas de cancers du sang sont diagnostiqu\u00e9s chaque ann\u00e9e en France. Leuc\u00e9mies, lymphomes,&hellip;\n","protected":false},"author":2,"featured_media":384927,"comment_status":"","ping_status":"","sticky":false,"template":"","format":"standard","meta":{"footnotes":""},"categories":[9635],"tags":[1111,11,6520,12123,15931,1777,674,1011,27,775,1702,12,25],"class_list":{"0":"post-384926","1":"post","2":"type-post","3":"status-publish","4":"format-standard","5":"has-post-thumbnail","7":"category-nancy","8":"tag-actu","9":"tag-actualites","10":"tag-cancers","11":"tag-chru-nancy","12":"tag-don-du-sang","13":"tag-eu","14":"tag-europe","15":"tag-fr","16":"tag-france","17":"tag-grand-est","18":"tag-nancy","19":"tag-news","20":"tag-republique-francaise"},"share_on_mastodon":{"url":"https:\/\/pubeurope.com\/@fr\/115190555615762063","error":""},"_links":{"self":[{"href":"https:\/\/www.europesays.com\/fr\/wp-json\/wp\/v2\/posts\/384926","targetHints":{"allow":["GET"]}}],"collection":[{"href":"https:\/\/www.europesays.com\/fr\/wp-json\/wp\/v2\/posts"}],"about":[{"href":"https:\/\/www.europesays.com\/fr\/wp-json\/wp\/v2\/types\/post"}],"author":[{"embeddable":true,"href":"https:\/\/www.europesays.com\/fr\/wp-json\/wp\/v2\/users\/2"}],"replies":[{"embeddable":true,"href":"https:\/\/www.europesays.com\/fr\/wp-json\/wp\/v2\/comments?post=384926"}],"version-history":[{"count":0,"href":"https:\/\/www.europesays.com\/fr\/wp-json\/wp\/v2\/posts\/384926\/revisions"}],"wp:featuredmedia":[{"embeddable":true,"href":"https:\/\/www.europesays.com\/fr\/wp-json\/wp\/v2\/media\/384927"}],"wp:attachment":[{"href":"https:\/\/www.europesays.com\/fr\/wp-json\/wp\/v2\/media?parent=384926"}],"wp:term":[{"taxonomy":"category","embeddable":true,"href":"https:\/\/www.europesays.com\/fr\/wp-json\/wp\/v2\/categories?post=384926"},{"taxonomy":"post_tag","embeddable":true,"href":"https:\/\/www.europesays.com\/fr\/wp-json\/wp\/v2\/tags?post=384926"}],"curies":[{"name":"wp","href":"https:\/\/api.w.org\/{rel}","templated":true}]}}