{"id":384930,"date":"2025-09-12T09:13:11","date_gmt":"2025-09-12T09:13:11","guid":{"rendered":"https:\/\/www.europesays.com\/fr\/384930\/"},"modified":"2025-09-12T09:13:11","modified_gmt":"2025-09-12T09:13:11","slug":"a-la-seyne-quid-des-travaux-a-venir-au-fort-napoleon","status":"publish","type":"post","link":"https:\/\/www.europesays.com\/fr\/384930\/","title":{"rendered":"A La Seyne, quid des travaux \u00e0 venir au fort Napol\u00e9on ?"},"content":{"rendered":"<p>Depuis le 28 avril dernier, le chemin des douves du fort Napol\u00e9on est ferm\u00e9 \u00e0 toute d\u00e9ambulation. Et ce, en raison du risque d\u2019effondrement d\u2019un mur constat\u00e9 le long de ce chemin qui fait le tour des remparts. L\u2019interdiction d\u2019acc\u00e8s ne sera lev\u00e9e, avait annonc\u00e9 la Ville au printemps, qu\u2019apr\u00e8s la r\u00e9alisation de travaux de confortement du mur fragilis\u00e9. Six mois plus tard, la situation n\u2019a gu\u00e8re \u00e9volu\u00e9 puisque, pour le moment, aucune intervention n\u2019est encore programm\u00e9e. Et pour cause: le chemin des douves \u00e9tant partag\u00e9 entre le b\u00e2ti (propri\u00e9t\u00e9 de la Ville) et l\u2019espace bois\u00e9 (qui appartient au D\u00e9partement), il reste \u00e0 d\u00e9terminer \u00e0 qui incombe la r\u00e9paration.<\/p>\n<p>Pour y parvenir, indique le D\u00e9partement, \u00ab\u00a0une prestation de bornage a \u00e9t\u00e9 command\u00e9e. Le g\u00e9om\u00e8tre est en train de finaliser son rapport et devrait proposer une rencontre sur site prochainement (pour un bornage contradictoire). Ce n&rsquo;est qu&rsquo;\u00e0 l&rsquo;issue seulement de ce rendez-vous que la responsabilit\u00e9 de r\u00e9aliser ces travaux sera d\u00e9finie \u00ab\u00a0.<\/p>\n<p><strong>Des parcours th\u00e9matiques dans la for\u00eat<\/strong><\/p>\n<p>Dans cette attente, un renforcement de la s\u00e9curisation sur place a \u00e9t\u00e9 requis. Le D\u00e9partement va ainsi consolider le barri\u00e9rage permettant de condamner l&rsquo;acc\u00e8s vers la zone impact\u00e9e. Et il a \u00e9t\u00e9 demand\u00e9 \u00e0 la commune de condamner l&rsquo;acc\u00e8s au foss\u00e9 sec.<\/p>\n<p>Outre la r\u00e9paration du mur effondr\u00e9, le D\u00e9partement se dit pr\u00eat \u00e0 mettre en \u0153uvre le projet de valorisation de l\u2019espace bois\u00e9 du fort, class\u00e9 espace naturel sensible (ENS). \u00ab\u00a0Les diff\u00e9rentes r\u00e9flexions men\u00e9es sur ce site ont permis d&rsquo;aboutir \u00e0 une phase op\u00e9rationnelle avec de premiers travaux d\u00e8s d\u00e9but octobre de cette ann\u00e9e\u00a0\u00bb, indique la collectivit\u00e9 concern\u00e9e.<\/p>\n<p>De quoi s\u2019agit-il? Le projet, explique-t-on \u00e0 l\u2019h\u00f4tel d\u00e9partemental, consiste \u00e0 am\u00e9nager \u00ab\u00a0des parcours de d\u00e9couverte illustr\u00e9s sous forme d\u2019un mus\u00e9e \u00e0 ciel ouvert, permettant la mise en avant et les explications autour des richesses historiques du site et de la fameuse bataille remport\u00e9e sur les Anglais en 1793\u00a0\u00bb par les troupes de Bonaparte, alors jeune capitaine d\u2019artillerie.<\/p>\n<p>Au-del\u00e0 de ce fort contexte historique, est-il \u00e9galement pr\u00e9cis\u00e9, \u00ab\u00a0les richesses naturelles du site seront aussi expos\u00e9es, au m\u00eame titre que les nombreux points de vue offrant une lecture privil\u00e9gi\u00e9e de l\u2019histoire de la rade\u00a0\u00bb. Le montant de ces am\u00e9nagements s\u2019\u00e9l\u00e8ve \u00e0 environ 470.000 euros TTC. Leur livraison est pr\u00e9vue dans le courant du 1er trimestre 2026.<\/p>\n","protected":false},"excerpt":{"rendered":"Depuis le 28 avril dernier, le chemin des douves du fort Napol\u00e9on est ferm\u00e9 \u00e0 toute d\u00e9ambulation. Et&hellip;\n","protected":false},"author":2,"featured_media":384931,"comment_status":"","ping_status":"","sticky":false,"template":"","format":"standard","meta":{"footnotes":""},"categories":[9619],"tags":[1111,11,1777,674,1011,27,12,882,25,2310,3366],"class_list":{"0":"post-384930","1":"post","2":"type-post","3":"status-publish","4":"format-standard","5":"has-post-thumbnail","7":"category-toulon","8":"tag-actu","9":"tag-actualites","10":"tag-eu","11":"tag-europe","12":"tag-fr","13":"tag-france","14":"tag-news","15":"tag-provence-alpes-cote-dazur","16":"tag-republique-francaise","17":"tag-toulon","18":"tag-vie-locale"},"share_on_mastodon":{"url":"https:\/\/pubeurope.com\/@fr\/115190563398360799","error":""},"_links":{"self":[{"href":"https:\/\/www.europesays.com\/fr\/wp-json\/wp\/v2\/posts\/384930","targetHints":{"allow":["GET"]}}],"collection":[{"href":"https:\/\/www.europesays.com\/fr\/wp-json\/wp\/v2\/posts"}],"about":[{"href":"https:\/\/www.europesays.com\/fr\/wp-json\/wp\/v2\/types\/post"}],"author":[{"embeddable":true,"href":"https:\/\/www.europesays.com\/fr\/wp-json\/wp\/v2\/users\/2"}],"replies":[{"embeddable":true,"href":"https:\/\/www.europesays.com\/fr\/wp-json\/wp\/v2\/comments?post=384930"}],"version-history":[{"count":0,"href":"https:\/\/www.europesays.com\/fr\/wp-json\/wp\/v2\/posts\/384930\/revisions"}],"wp:featuredmedia":[{"embeddable":true,"href":"https:\/\/www.europesays.com\/fr\/wp-json\/wp\/v2\/media\/384931"}],"wp:attachment":[{"href":"https:\/\/www.europesays.com\/fr\/wp-json\/wp\/v2\/media?parent=384930"}],"wp:term":[{"taxonomy":"category","embeddable":true,"href":"https:\/\/www.europesays.com\/fr\/wp-json\/wp\/v2\/categories?post=384930"},{"taxonomy":"post_tag","embeddable":true,"href":"https:\/\/www.europesays.com\/fr\/wp-json\/wp\/v2\/tags?post=384930"}],"curies":[{"name":"wp","href":"https:\/\/api.w.org\/{rel}","templated":true}]}}