{"id":384946,"date":"2025-09-12T09:23:12","date_gmt":"2025-09-12T09:23:12","guid":{"rendered":"https:\/\/www.europesays.com\/fr\/384946\/"},"modified":"2025-09-12T09:23:12","modified_gmt":"2025-09-12T09:23:12","slug":"a-rennes-lincendie-du-bus-aurait-ete-cause-par-les-manifestants","status":"publish","type":"post","link":"https:\/\/www.europesays.com\/fr\/384946\/","title":{"rendered":"A Rennes, l\u2019incendie du bus aurait \u00e9t\u00e9 caus\u00e9 par les manifestants"},"content":{"rendered":"<p>Depuis mercredi et <a href=\"https:\/\/www.20minutes.fr\/societe\/4172250-20250910-bloquons-tout-entres-tout-saccage-sait-bus-brule-rennes\" class=\"c-link c-link--is-underlined\" rel=\"nofollow noopener\" target=\"_blank\">l\u2019incendie du bus sur la rocade de Rennes<\/a>, la rumeur allait bon train. Le feu qui a tant fait causer aurait \u00e9t\u00e9 caus\u00e9 par les forces de l\u2019ordre. Une rh\u00e9torique habituelle de la part des manifestants les plus radicaux mais contredite par toutes les sources officielles. Jeudi soir, le procureur de la R\u00e9publique de Rennes a confirm\u00e9 que le v\u00e9hicule a bien \u00e9t\u00e9 incendi\u00e9 volontairement par une personne qui se trouvait sur la rocade. \u00ab\u00a0Les premiers \u00e9l\u00e9ments de l\u2019enqu\u00eate permettent de confirmer qu\u2019il s\u2019agit d\u2019un incendie volontaire par un manifestant\u00a0\u00bb, a fait savoir Fr\u00e9d\u00e9ric Teillet <a href=\"https:\/\/www.ouest-france.fr\/faits-divers\/incendie\/bloquons-tout-a-rennes-le-bus-aurait-ete-incendie-par-lun-des-manifestants-de-la-rocade-b1884530-8f24-11f0-b721-b06ecd26fbd1\" rel=\"nofollow noopener\" target=\"_blank\" class=\"c-link c-link--is-underlined\">\u00e0 nos confr\u00e8res de Ouest-France<\/a>.<\/p>\n<p>D\u00e8s mercredi, la direction de Keolis avait d\u00e9taill\u00e9 le contexte de cet incendie, \u00e9l\u00e9ment marquant de cette journ\u00e9e \u00ab\u00a0Bloquons tout\u00a0\u00bb du 10\u00a0septembre. Le chauffeur, choqu\u00e9, avait t\u00e9moign\u00e9 de la sc\u00e8ne. \u00ab\u00a0Des manifestants sont entr\u00e9s dans le bus et lui ont demand\u00e9 de sortir, ce qu\u2019il a fait. Ils ont tout saccag\u00e9 le bus et l\u2019ont caillass\u00e9\u00a0\u00bb, expliquait la direction de Keolis.<\/p>\n<\/p>\n<p>Le bus s\u2019\u00e9tait embras\u00e9, entra\u00eenant d\u2019impressionnantes flammes qui sont venues fragiliser le pont de l\u2019Alma situ\u00e9 juste au-dessus. Un \u00e9pais nuage de fum\u00e9e \u00e9tait visible au-dessus de Rennes, obligeant les pompiers \u00e0 intervenir en urgence. Il avait fallu plusieurs heures aux forces de l\u2019ordre pour \u00e9vacuer la rocade et <a href=\"https:\/\/www.20minutes.fr\/societe\/4172222-20250910-bloquons-tout-30-secondes-pres-passais-naufrages-route-bloques-rocade-rennes\" class=\"c-link c-link--is-underlined\" rel=\"nofollow noopener\" target=\"_blank\">permettre aux personnes bloqu\u00e9es de reprendre la route<\/a>. \u00ab\u00a0Des d\u00e9bordements inadmissibles\u00a0\u00bb, condamn\u00e9s par la maire de Rennes Nathalie App\u00e9r\u00e9 (PS) mais aussi par le pr\u00e9fet qui \u00e9voquait \u00ab\u00a0des actes inacceptables\u00a0\u00bb.<\/p>\n<p>Depuis cet incendie, <a href=\"https:\/\/www.20minutes.fr\/rennes\/4172425-20250911-bloquons-tout-rennes-restrictions-circulation-apres-incendie-bus\" class=\"c-link c-link--is-underlined\" rel=\"nofollow noopener\" target=\"_blank\">la circulation sur le pont de l\u2019Alma est interdite<\/a> dans le sens Nantes vers Rennes. Les automobilistes venant de la RN137 et souhaitant se rendre vers l\u2019avenue Henri-Fr\u00e9ville et le centre-ville doivent emprunter la rocade.<\/p>\n","protected":false},"excerpt":{"rendered":"Depuis mercredi et l\u2019incendie du bus sur la rocade de Rennes, la rumeur allait bon train. Le feu&hellip;\n","protected":false},"author":2,"featured_media":384947,"comment_status":"","ping_status":"","sticky":false,"template":"","format":"standard","meta":{"footnotes":""},"categories":[2821],"tags":[1111,47,11,829,7048,1777,674,118,7641,1312,1011,27,848,1310,23559,4999,1272,12771,10736,12,584,25,4797],"class_list":{"0":"post-384946","1":"post","2":"type-post","3":"status-publish","4":"format-standard","5":"has-post-thumbnail","7":"category-rennes","8":"tag-actu","9":"tag-actualite","10":"tag-actualites","11":"tag-bretagne","12":"tag-bus","13":"tag-eu","14":"tag-europe","15":"tag-faits-divers","16":"tag-faits-divers-rennes","17":"tag-feu","18":"tag-fr","19":"tag-france","20":"tag-ille-et-vilaine","21":"tag-incendie","22":"tag-incendie-criminel","23":"tag-keolis","24":"tag-manifestations","25":"tag-mouvements-sociaux","26":"tag-nathalie-appere","27":"tag-news","28":"tag-rennes","29":"tag-republique-francaise","30":"tag-rocade"},"share_on_mastodon":{"url":"https:\/\/pubeurope.com\/@fr\/115190602361101361","error":""},"_links":{"self":[{"href":"https:\/\/www.europesays.com\/fr\/wp-json\/wp\/v2\/posts\/384946","targetHints":{"allow":["GET"]}}],"collection":[{"href":"https:\/\/www.europesays.com\/fr\/wp-json\/wp\/v2\/posts"}],"about":[{"href":"https:\/\/www.europesays.com\/fr\/wp-json\/wp\/v2\/types\/post"}],"author":[{"embeddable":true,"href":"https:\/\/www.europesays.com\/fr\/wp-json\/wp\/v2\/users\/2"}],"replies":[{"embeddable":true,"href":"https:\/\/www.europesays.com\/fr\/wp-json\/wp\/v2\/comments?post=384946"}],"version-history":[{"count":0,"href":"https:\/\/www.europesays.com\/fr\/wp-json\/wp\/v2\/posts\/384946\/revisions"}],"wp:featuredmedia":[{"embeddable":true,"href":"https:\/\/www.europesays.com\/fr\/wp-json\/wp\/v2\/media\/384947"}],"wp:attachment":[{"href":"https:\/\/www.europesays.com\/fr\/wp-json\/wp\/v2\/media?parent=384946"}],"wp:term":[{"taxonomy":"category","embeddable":true,"href":"https:\/\/www.europesays.com\/fr\/wp-json\/wp\/v2\/categories?post=384946"},{"taxonomy":"post_tag","embeddable":true,"href":"https:\/\/www.europesays.com\/fr\/wp-json\/wp\/v2\/tags?post=384946"}],"curies":[{"name":"wp","href":"https:\/\/api.w.org\/{rel}","templated":true}]}}