{"id":384948,"date":"2025-09-12T09:24:35","date_gmt":"2025-09-12T09:24:35","guid":{"rendered":"https:\/\/www.europesays.com\/fr\/384948\/"},"modified":"2025-09-12T09:24:35","modified_gmt":"2025-09-12T09:24:35","slug":"rentree-de-lenseignement-catholique-dalsace","status":"publish","type":"post","link":"https:\/\/www.europesays.com\/fr\/384948\/","title":{"rendered":"Rentr\u00e9e de l&rsquo;Enseignement Catholique d&rsquo;Alsace"},"content":{"rendered":"<p><img fetchpriority=\"high\" decoding=\"async\" class=\"size-medium wp-image-462163\" src=\"data:image\/svg+xml,%3Csvg%20xmlns=\" http:=\"\" data-watermark=\"\u00a92025 Jean THOMAS\" alt=\"\" width=\"289\" height=\"300\" data-lazy- data-lazy- data-lazy-src=\"https:\/\/www.europesays.com\/fr\/wp-content\/uploads\/2025\/09\/ddec-20250826-rentree-ce-wittenheim-289x300.jpeg\"\/>Sophie Cacheux, directrice du 1er degr\u00e9 \u00e0 Ste Clotilde<\/p>\n<p style=\"font-weight: 400;\">L\u2019enseignement catholique d\u2019Alsace fait sa rentr\u00e9e avec 29115 \u00e9l\u00e8ves r\u00e9partis dans les 32 \u00e9tablissements catholiques d\u2019Enseignement. La rentr\u00e9e est marqu\u00e9e par de nouvelles orientations dioc\u00e9saines qui seront promulgu\u00e9es le samedi 4 octobre \u00e0 10h \u00e0 la cath\u00e9drale par l\u2019archev\u00eaque de Strasbourg, Mgr Pascal Delannoy.<\/p>\n<p style=\"font-weight: 400;\">Mgr Delannoy disait lors de la rentr\u00e9e des chefs d\u2019\u00e9tablissement \u00e0 Wittenheim, le 26 ao\u00fbt dernier\u00a0: \u00ab Proclamer les orientations dioc\u00e9saines de l\u2019enseignement catholique dans cette p\u00e9riode de turbulence, est particuli\u00e8rement important. Il est essentiel que nous puissions tenir le cap ensemble. Il est important \u00e9galement de nous soutenir mutuellement.\u00a0\u00bb<\/p>\n<p style=\"font-weight: 400;\">Patrick Wolff, Directeur dioc\u00e9sain de l\u2019enseignement catholique d\u2019Alsace a pr\u00e9sent\u00e9 les personnes nouvellement nomm\u00e9es\u00a0: \u00a0Sophie Cacheux, directrice du premier degr\u00e9 \u00e0 Ste Clothilde Strasbourg et ses deux adjointes C\u00e9cile Eug\u00e9nie Clot et Laure Margan.<\/p>\n<p style=\"font-weight: 400;\">C\u00e9cile Eug\u00e9nie Clot et Patrick Wolff donnent ensuite le contexte et l\u2019esprit des orientations dioc\u00e9saines.<\/p>\n<blockquote>\n<p style=\"font-weight: 400;\">Une nouvelle \u00e8re s\u2019ouvre pour l\u2019Enseignement catholique. Nous sommes dans un contexte qui nous oblige et r\u00e9clame une r\u00e9ponse clarifiante, une r\u00e9ponse forte \u00e0 la hauteur des enjeux, une r\u00e9ponse collective, n\u00e9cessitant l\u2019adh\u00e9sion de tous, une r\u00e9ponse concert\u00e9e.<\/p>\n<\/blockquote>\n<p style=\"font-weight: 400;\">Ils partage ensuite les piliers des orientations, ce qui fait le caract\u00e8re propre de l\u2019Enseignement catholique : La personne est au centre de l\u2019\u00e9ducation et cette derni\u00e8re se veut \u00e9ducation int\u00e9grale. L\u2019invitation \u00e0 la rencontre avec le Christ est une part essentielle de la mission \u00e9ducative.\u00a0 La diff\u00e9rence est richesse. L\u2019enseignement apporte une contribution \u00e0 la libert\u00e9 religieuse.\u00a0 Les orientations invitent \u00e0 l\u2019engagement de tous et \u00e0 la responsabilit\u00e9 de chacun. Avec des \u00e9l\u00e9ments essentiels dont l\u2019EARS (\u00c9ducation Affective Relationnelle et Sexuelle), le Codiel (COmit\u00e9 DIoc\u00e9sain des EL\u00e8ves) l\u2019enseignement catholique a pour objectif la formation de citoyens engag\u00e9s et responsables. Le 4 octobre prochain, ce projet dioc\u00e9sain, retravaill\u00e9 avec une large \u00e9quipe depuis 2 ans, sera diffus\u00e9 avec toutes les autres probl\u00e9matiques qui seront list\u00e9es, dont la continuit\u00e9 \u00e9ducative.<\/p>\n<p style=\"font-weight: 400;\">Toute l\u2019\u00e9quipe de la DDEC (Direction Dioc\u00e9saine de l\u2019Enseignement Catholique) accompagnera les \u00e9tablissements qui font la rentr\u00e9e avec 8017 \u00e9l\u00e8ves au premier degr\u00e9, 12793 au coll\u00e8ge, 1993 dans les lyc\u00e9es professionnels et 6312 \u00e9l\u00e8ves en lyc\u00e9e (LEG et LEGT).<\/p>\n<p><img loading=\"lazy\" decoding=\"async\" class=\"size-medium wp-image-462162\" src=\"data:image\/svg+xml,%3Csvg%20xmlns=\" http:=\"\" data-watermark=\"\u00a92025 Jean THOMAS\" alt=\"\" width=\"243\" height=\"300\" data-lazy- data-lazy- data-lazy-src=\"https:\/\/www.europesays.com\/fr\/wp-content\/uploads\/2025\/09\/ddec-20250826-rentree-ce-wittenheim-45-243x300.jpeg\"\/>Patrick Wolff, directeur dioc\u00e9sain avec ses deux nouvelles adjointes: Laura Margan \u00e0 gauche et C\u00e9cile Eug\u00e9nie Clot<br \/>\n<strong>Deux nouvelles adjointes \u00e0 la DDEC<\/strong><\/p>\n<p style=\"font-weight: 400;\">C\u00e9cile-Eug\u00e9nie Clot\u00a0apr\u00e8s un doctorat d\u2019\u00c9tudes germaniques \u00e0 l\u2019universit\u00e9 Paris IV-Sorbonne, d\u00e9bute sa carri\u00e8re en Allemagne en tant que directrice d\u2019\u00e9tudes\u00a0dans un institut de sociologie appliqu\u00e9e au marketing, avant de faire le choix l\u2019enseignement et de l\u2019acad\u00e9mie de Strasbourg qu\u2019elle rejoint par les concours. Apr\u00e8s avoir enseign\u00e9 en lyc\u00e9e g\u00e9n\u00e9ral et technologique, puis en classes pr\u00e9paratoires, \u00e0 l\u2019IEP (Institut des \u00c9tudes Politiques) de Strasbourg et \u00e0 l\u2019ENA, elle int\u00e8gre en 2021 le corps des inspecteurs d\u2019acad\u00e9mie \u2013 inspecteurs\u00a0p\u00e9dagogiques r\u00e9gionaux, sp\u00e9cialit\u00e9 langues vivantes, et s\u2019engage dans la prise en charge des vuln\u00e9rabilit\u00e9s au travers des dossiers transversaux de la lutte contre les discriminations li\u00e9es au genre et de l\u2019enseignement en milieu p\u00e9nitentiaire.\u00a0Depuis la rentr\u00e9e, C\u00e9cile Eug\u00e9nie Clot est adjointe au directeur dioc\u00e9sain, en charge du champ p\u00e9dagogique et \u00e9ducatif<\/p>\n<p style=\"font-weight: 400;\">Laure Margan d\u00e9bute dans l\u2019enseignement catholique en 1993 comme enseignante du 1er\u00a0degr\u00e9 dans le Vaucluse. En 2000, elle prend les fonctions de chef d\u2019\u00e9tablissement. Elle garde la double \u00ab\u00a0casquette enseignante et cheffe d\u2019\u00e9tablissement\u00a0\u00bb jusqu\u2019\u00e0 la fin de l\u2019ann\u00e9e scolaire 2024-2025. Tr\u00e8s engag\u00e9e dans l\u2019enseignement catholique, elle est aussi Pr\u00e9sidente de l\u2019UGSEL Grand Est (Union G\u00e9n\u00e9rale Sportive en Enseignement Libre) et membre du Bureau National de l\u2019UGSEL Nationale \u00e0 Paris. Depuis le 1er septembre, Laure Margan adjointe \u00e0 la direction dioc\u00e9saine d\u2019Alsace pour le 1erdegr\u00e9.<\/p>\n<p>\u00a0<\/p>\n<p>\u00a0<\/p>\n<p><img loading=\"lazy\" decoding=\"async\" class=\"size-full wp-image-462166\" src=\"data:image\/svg+xml,%3Csvg%20xmlns=\" http:=\"\" data-watermark=\"\u00a92025 Jean THOMAS\" alt=\"\" width=\"1280\" height=\"586\" data-lazy- data-lazy- data-lazy-src=\"https:\/\/www.europesays.com\/fr\/wp-content\/uploads\/2025\/09\/ddec-20250826-rentree-ce-wittenheim-1.jpeg\"\/>les chefs d\u2019\u00e9tablissement de l\u2019enseignement catholique d\u2019Alsace avec les membres de la DDEC et les \u00e9v\u00eaques<\/p>\n","protected":false},"excerpt":{"rendered":"Sophie Cacheux, directrice du 1er degr\u00e9 \u00e0 Ste Clotilde L\u2019enseignement catholique d\u2019Alsace fait sa rentr\u00e9e avec 29115 \u00e9l\u00e8ves&hellip;\n","protected":false},"author":2,"featured_media":384949,"comment_status":"","ping_status":"","sticky":false,"template":"","format":"standard","meta":{"footnotes":""},"categories":[2820],"tags":[1111,11,48639,51771,51772,1777,674,1011,27,775,12,25,38080,640],"class_list":{"0":"post-384948","1":"post","2":"type-post","3":"status-publish","4":"format-standard","5":"has-post-thumbnail","7":"category-strasbourg","8":"tag-actu","9":"tag-actualites","10":"tag-actudio","11":"tag-ddec","12":"tag-enseignement-catholique-dalsace","13":"tag-eu","14":"tag-europe","15":"tag-fr","16":"tag-france","17":"tag-grand-est","18":"tag-news","19":"tag-republique-francaise","20":"tag-slider","21":"tag-strasbourg"},"share_on_mastodon":{"url":"https:\/\/pubeurope.com\/@fr\/115190606374160915","error":""},"_links":{"self":[{"href":"https:\/\/www.europesays.com\/fr\/wp-json\/wp\/v2\/posts\/384948","targetHints":{"allow":["GET"]}}],"collection":[{"href":"https:\/\/www.europesays.com\/fr\/wp-json\/wp\/v2\/posts"}],"about":[{"href":"https:\/\/www.europesays.com\/fr\/wp-json\/wp\/v2\/types\/post"}],"author":[{"embeddable":true,"href":"https:\/\/www.europesays.com\/fr\/wp-json\/wp\/v2\/users\/2"}],"replies":[{"embeddable":true,"href":"https:\/\/www.europesays.com\/fr\/wp-json\/wp\/v2\/comments?post=384948"}],"version-history":[{"count":0,"href":"https:\/\/www.europesays.com\/fr\/wp-json\/wp\/v2\/posts\/384948\/revisions"}],"wp:featuredmedia":[{"embeddable":true,"href":"https:\/\/www.europesays.com\/fr\/wp-json\/wp\/v2\/media\/384949"}],"wp:attachment":[{"href":"https:\/\/www.europesays.com\/fr\/wp-json\/wp\/v2\/media?parent=384948"}],"wp:term":[{"taxonomy":"category","embeddable":true,"href":"https:\/\/www.europesays.com\/fr\/wp-json\/wp\/v2\/categories?post=384948"},{"taxonomy":"post_tag","embeddable":true,"href":"https:\/\/www.europesays.com\/fr\/wp-json\/wp\/v2\/tags?post=384948"}],"curies":[{"name":"wp","href":"https:\/\/api.w.org\/{rel}","templated":true}]}}