{"id":384954,"date":"2025-09-12T09:27:11","date_gmt":"2025-09-12T09:27:11","guid":{"rendered":"https:\/\/www.europesays.com\/fr\/384954\/"},"modified":"2025-09-12T09:27:11","modified_gmt":"2025-09-12T09:27:11","slug":"la-billetterie-ouvre-avec-une-grosse-surprise","status":"publish","type":"post","link":"https:\/\/www.europesays.com\/fr\/384954\/","title":{"rendered":"la billetterie ouvre avec une grosse surprise"},"content":{"rendered":"<p>            Par<br \/>\n        <strong><br \/>\n            <a href=\"https:\/\/actu.fr\/auteur\/ugo-maillard\" title=\"Consulter tous les articles de Ugo Maillard\" rel=\"nofollow noopener\" target=\"_blank\">Ugo Maillard<\/a><br \/>\n        <\/strong><\/p>\n<p>        Publi\u00e9 le<\/p>\n<p>            12 sept. 2025 \u00e0 11h02        <\/p>\n<p>Le jour J est arriv\u00e9 pour les fans. La billetterie du concert de The Weeknd \u00e0 <a href=\"https:\/\/actu.fr\/nice\/\" rel=\"nofollow noopener\" target=\"_blank\">Nice<\/a> (Alpes-Maritimes) ouvre ce vendredi 12\u00a0septembre 2025 <strong>\u00e0 12h<\/strong>. Les places pour le show du chanteur canadien devraient partir tr\u00e8s vite.<\/p>\n<p class=\" wall-content\">La star internationale se produira \u00e0<a href=\"https:\/\/actu.fr\/provence-alpes-cote-d-azur\/nice_06088\/the-weeknd-a-nice-pour-un-concert-date-billetterie-prix-ce-qu-il-faut-savoir_63117942.html\" rel=\"nofollow noopener\" target=\"_blank\"> l\u2019Allianz Riviera de Nice le mardi 21\u00a0juillet<\/a> 2026. Pour profiter du concert, des places sont en vente <strong>entre 63 et 510\u00a0euros<\/strong>.<\/p>\n<p class=\" wall-content\">Pour rappel, The Weeknd s\u2019\u00e9tait d\u00e9j\u00e0 <a href=\"https:\/\/actu.fr\/provence-alpes-cote-d-azur\/nice_06088\/the-weeknd-en-concert-a-nice-voici-comment-acheter-les-dernieres-places_58854106.html\" rel=\"nofollow noopener\" target=\"_blank\">produit \u00e0 Nice en 2023<\/a> pour deux concerts exceptionnels.<\/p>\n<p>Une seconde date annonc\u00e9e<\/p>\n<p class=\" wall-content\">Face au succ\u00e8s rencontr\u00e9 des pr\u00e9ventes de sa tourn\u00e9e \u00ab\u2009After Hours Til Dawn Tour\u2009\u00bb, des dates suppl\u00e9mentaires ont \u00e9t\u00e9 annonc\u00e9es dont une \u00e0 Nice.<\/p>\n<p class=\" wall-content\">The Weeknd donnera un deuxi\u00e8me concert \u00e0 Nice, le <strong>mercredi 22\u00a0juillet<\/strong>. Une nouvelle qui devrait ravir les fans du chanteur canadien.<\/p>\n<p class=\" wall-content\">\u00c0 noter que des dates suppl\u00e9mentaires ont \u00e9galement \u00e9t\u00e9 annonc\u00e9es \u00e0 Paris, pour le Stade de France.<\/p>\n<p class=\" wall-content\">Personnalisez votre actualit\u00e9 en ajoutant vos villes et m\u00e9dias en favori avec <a href=\"https:\/\/moncompte.actu.fr\" title=\"D\u00e9couvez Mon Actu\" rel=\"nofollow noopener\" data-trk=\"{&quot;cta&quot;:{&quot;action&quot;:&quot;https:\\\/\\\/moncompte.actu.fr&quot;,&quot;category&quot;:&quot;mon compte&quot;,&quot;from&quot;:&quot;article footer&quot;,&quot;name&quot;:&quot;Mon actu&quot;,&quot;type&quot;:&quot;cta&quot;}}\" target=\"_blank\">Mon Actu<\/a>.<\/p>\n","protected":false},"excerpt":{"rendered":"Par Ugo Maillard Publi\u00e9 le 12 sept. 2025 \u00e0 11h02 Le jour J est arriv\u00e9 pour les fans.&hellip;\n","protected":false},"author":2,"featured_media":384955,"comment_status":"","ping_status":"","sticky":false,"template":"","format":"standard","meta":{"footnotes":""},"categories":[2819],"tags":[1111,11,1697,1777,674,1011,27,1652,12,2401,882,25],"class_list":{"0":"post-384954","1":"post","2":"type-post","3":"status-publish","4":"format-standard","5":"has-post-thumbnail","7":"category-nice","8":"tag-actu","9":"tag-actualites","10":"tag-concert","11":"tag-eu","12":"tag-europe","13":"tag-fr","14":"tag-france","15":"tag-loisirs-culture","16":"tag-news","17":"tag-nice","18":"tag-provence-alpes-cote-dazur","19":"tag-republique-francaise"},"share_on_mastodon":{"url":"https:\/\/pubeurope.com\/@fr\/115190618075083825","error":""},"_links":{"self":[{"href":"https:\/\/www.europesays.com\/fr\/wp-json\/wp\/v2\/posts\/384954","targetHints":{"allow":["GET"]}}],"collection":[{"href":"https:\/\/www.europesays.com\/fr\/wp-json\/wp\/v2\/posts"}],"about":[{"href":"https:\/\/www.europesays.com\/fr\/wp-json\/wp\/v2\/types\/post"}],"author":[{"embeddable":true,"href":"https:\/\/www.europesays.com\/fr\/wp-json\/wp\/v2\/users\/2"}],"replies":[{"embeddable":true,"href":"https:\/\/www.europesays.com\/fr\/wp-json\/wp\/v2\/comments?post=384954"}],"version-history":[{"count":0,"href":"https:\/\/www.europesays.com\/fr\/wp-json\/wp\/v2\/posts\/384954\/revisions"}],"wp:featuredmedia":[{"embeddable":true,"href":"https:\/\/www.europesays.com\/fr\/wp-json\/wp\/v2\/media\/384955"}],"wp:attachment":[{"href":"https:\/\/www.europesays.com\/fr\/wp-json\/wp\/v2\/media?parent=384954"}],"wp:term":[{"taxonomy":"category","embeddable":true,"href":"https:\/\/www.europesays.com\/fr\/wp-json\/wp\/v2\/categories?post=384954"},{"taxonomy":"post_tag","embeddable":true,"href":"https:\/\/www.europesays.com\/fr\/wp-json\/wp\/v2\/tags?post=384954"}],"curies":[{"name":"wp","href":"https:\/\/api.w.org\/{rel}","templated":true}]}}