{"id":384956,"date":"2025-09-12T09:28:28","date_gmt":"2025-09-12T09:28:28","guid":{"rendered":"https:\/\/www.europesays.com\/fr\/384956\/"},"modified":"2025-09-12T09:28:28","modified_gmt":"2025-09-12T09:28:28","slug":"damgan-lydie-allaire-expose-sa-vision-de-la-nature","status":"publish","type":"post","link":"https:\/\/www.europesays.com\/fr\/384956\/","title":{"rendered":"Damgan. Lydie Allaire expose sa vision de la nature"},"content":{"rendered":"<p><strong>\u00ab\u00a0Cela fait 38\u00a0ans que j\u2019expose mes peintures \u00e0 l\u2019huile auquel j\u2019ajoute une technique mixte<\/strong> (collage, poudre de marbre)\u00a0<strong>\u00bb<\/strong>, d\u00e9clare Lydie Allaire originaire de Nantes (Loire-Atlantique), qui expose ses \u0153uvres \u00e0 l\u2019office du tourisme. <strong>\u00ab\u00a0Je donne des cours en Loire-Atlantique, mais aussi \u00e0 domicile dans tout l\u2019ouest, j\u2019organise aussi des stages\u00a0\u00bb<\/strong>, ajoute l\u2019artiste qui est aussi coloriste.<\/p>\n<p>Ses inspirations viennent de ses souvenirs. <strong>\u00ab\u00a0Le cerveau humain est extraordinaire, inconsciemment j\u2019imprime des images de lieux que j\u2019aime et \u00e7a vient tout seul.\u00a0\u00bb<\/strong><\/p>\n<p>Lydie Allaire dispense \u00e9galement des cours d\u2019arts plastiques au sein d\u2019associations aupr\u00e8s de personnes en situation de handicap. Elle est \u00e0 l\u2019origine du collectif Artistes femmes\u00a0avec une autre artiste peintre. Elle expose en France et \u00e0 l\u2019\u00e9tranger et a obtenu de nombreux prix et r\u00e9compenses.<\/p>\n<p>Jusqu\u2019au 16\u00a0septembre, de 10\u00a0h\u00a030 \u00e0 18\u00a0h, \u00e0 l\u2019office du tourisme, en pr\u00e9sence permanente de l\u2019artiste.<\/p>\n<p>\u00a0<\/p>\n","protected":false},"excerpt":{"rendered":"\u00ab\u00a0Cela fait 38\u00a0ans que j\u2019expose mes peintures \u00e0 l\u2019huile auquel j\u2019ajoute une technique mixte (collage, poudre de marbre)\u00a0\u00bb,&hellip;\n","protected":false},"author":2,"featured_media":384957,"comment_status":"","ping_status":"","sticky":false,"template":"","format":"standard","meta":{"footnotes":""},"categories":[2818],"tags":[1111,11,51774,9330,1777,674,8110,1011,27,1781,51773,766,2742,12,2636,25,24208],"class_list":{"0":"post-384956","1":"post","2":"type-post","3":"status-publish","4":"format-standard","5":"has-post-thumbnail","7":"category-nantes","8":"tag-actu","9":"tag-actualites","10":"tag-allaire","11":"tag-damgan","12":"tag-eu","13":"tag-europe","14":"tag-expose","15":"tag-fr","16":"tag-france","17":"tag-lorient","18":"tag-lydie","19":"tag-nantes","20":"tag-nature","21":"tag-news","22":"tag-pays-de-la-loire","23":"tag-republique-francaise","24":"tag-vision"},"share_on_mastodon":{"url":"https:\/\/pubeurope.com\/@fr\/115190622077536386","error":""},"_links":{"self":[{"href":"https:\/\/www.europesays.com\/fr\/wp-json\/wp\/v2\/posts\/384956","targetHints":{"allow":["GET"]}}],"collection":[{"href":"https:\/\/www.europesays.com\/fr\/wp-json\/wp\/v2\/posts"}],"about":[{"href":"https:\/\/www.europesays.com\/fr\/wp-json\/wp\/v2\/types\/post"}],"author":[{"embeddable":true,"href":"https:\/\/www.europesays.com\/fr\/wp-json\/wp\/v2\/users\/2"}],"replies":[{"embeddable":true,"href":"https:\/\/www.europesays.com\/fr\/wp-json\/wp\/v2\/comments?post=384956"}],"version-history":[{"count":0,"href":"https:\/\/www.europesays.com\/fr\/wp-json\/wp\/v2\/posts\/384956\/revisions"}],"wp:featuredmedia":[{"embeddable":true,"href":"https:\/\/www.europesays.com\/fr\/wp-json\/wp\/v2\/media\/384957"}],"wp:attachment":[{"href":"https:\/\/www.europesays.com\/fr\/wp-json\/wp\/v2\/media?parent=384956"}],"wp:term":[{"taxonomy":"category","embeddable":true,"href":"https:\/\/www.europesays.com\/fr\/wp-json\/wp\/v2\/categories?post=384956"},{"taxonomy":"post_tag","embeddable":true,"href":"https:\/\/www.europesays.com\/fr\/wp-json\/wp\/v2\/tags?post=384956"}],"curies":[{"name":"wp","href":"https:\/\/api.w.org\/{rel}","templated":true}]}}