{"id":384966,"date":"2025-09-12T09:33:09","date_gmt":"2025-09-12T09:33:09","guid":{"rendered":"https:\/\/www.europesays.com\/fr\/384966\/"},"modified":"2025-09-12T09:33:09","modified_gmt":"2025-09-12T09:33:09","slug":"voici-toutes-les-infos-a-avoir-2","status":"publish","type":"post","link":"https:\/\/www.europesays.com\/fr\/384966\/","title":{"rendered":"voici toutes les infos \u00e0 avoir"},"content":{"rendered":"<p>            Par<br \/>\n        <strong><br \/>\n            <a href=\"https:\/\/actu.fr\/auteur\/lea-afonso\" title=\"Consulter tous les articles de L\u00e9a Afonso\" target=\"_blank\" rel=\"noopener\">L\u00e9a Afonso<\/a><br \/>\n        <\/strong><\/p>\n<p>        Publi\u00e9 le<\/p>\n<p>            12 sept. 2025 \u00e0 11h04        <\/p>\n<p>Enfilez gants, \u00e9charpe et manteau, chaussez vos plus beaux patins et ressentez la glace\u2026 La saison 2025-2026 est lanc\u00e9e\u2009! La<strong> patinoire Jacques Raynaud<\/strong> situ\u00e9e \u00e0 <a href=\"https:\/\/actu.fr\/occitanie\/blagnac_31069\" target=\"_blank\" rel=\"noopener\">Blagnac,<\/a> pr\u00e8s de <a href=\"https:\/\/actu.fr\/toulouse\/\" target=\"_blank\" rel=\"noopener\">Toulouse<\/a> <strong>rouvre<\/strong> ses portes tr\u00e8s bient\u00f4t en ce mois de septembre\u00a02025, apr\u00e8s une pause estivale en bonne et due forme. Les infos \u00e0 conna\u00eetre.<\/p>\n<p>R\u00e9ouverture le 13\u00a0septembre<\/p>\n<p class=\" wall-content\">Les passionn\u00e9s l\u2019ont attendue, les friands de l\u2019hiver l\u2019ont esp\u00e9r\u00e9e\u2009: la r\u00e9ouverture de la patinoire. Alors<strong> rendez-vous d\u00e8s ce samedi 13\u00a0septembre<\/strong> \u00e0 la patinoire de Blagnac pour rechausser ses patins et parcourir la glace pendant des heures.<\/p>\n<p class=\" wall-content\">Apr\u00e8s une petite pause durant quelques semaines cet \u00e9t\u00e9, les lieux accueillent officiellement du public pour une nouvelle saison.<\/p>\n<p>Les infos \u00e0 avoir<\/p>\n<p class=\" wall-content\">Voici les horaires de la patinoire\u2009:<\/p>\n<p class=\" wall-content\"><strong>Horaires (hors vacances)<\/strong>\u2009: \u2013 mercredi 9h-12h et 13\u2009h\u200930-17\u2009h\u200930<br \/>\u2013 jeudi\u2009: 20\u2009h\u200930-23\u2009h\u200930<br \/>\u2013 vendredi\u2009: 20\u2009h\u200930-23\u2009h\u200930<br \/>\u2013 samedi\u2009: 10\u2009h\u200930-18h<br \/>\u2013 dimanche\u2009: 10h-18\u2009h\u200930<\/p>\n<p>Vid\u00e9os : en ce moment sur Actu<\/p>\n<p class=\" wall-content\"><strong>Horaires (vacances scolaires)<\/strong>\u2009: \u2013 lundi, mardi\u2009: 10h-18\u2009h\u200930<br \/>\u2013 mercredi\u2009: 10h-18h<br \/>\u2013 jeudi, vendredi\u2009: 10h-18\u2009h\u200930 &amp; 20\u2009h\u200930-23\u2009h\u200930<br \/>\u2013 samedi\u2009: 10\u2009h\u200930-18h<br \/>\u2013 dimanche\u2009: 10h-18\u2009h\u200930<\/p>\n<p class=\" wall-content\"><strong>Les tarifs\u2009:<\/strong><\/p>\n<ul class=\" wall-content\">\n<li>5\u00a0\u20ac l\u2019entr\u00e9e<\/li>\n<li>abonnement 10 entr\u00e9es\u2009: 41\u00a0\u20ac<\/li>\n<li>abonnement 10 entr\u00e9es +\u00a0location patins\u2009: 66\u00a0\u20ac<\/li>\n<li>jardin de glace\u2009: 4,20\u00a0\u20ac (pour les -12\u00a0ans, pour 1 entr\u00e9e adulte achet\u00e9e \u2013 uniquement le samedi et le dimanche matin)<\/li>\n<li>location patins\u2009: 3,20\u00a0\u20ac<\/li>\n<li>anniversaire\u2009: 16\u20ac<\/li>\n<li>entr\u00e9e \u00e9tudiante\u2009: 4,20\u00a0\u20ac<\/li>\n<li>location patins \u00e9tudiants\u2009: 1,60\u00a0\u20ac<\/li>\n<\/ul>\n<p>Votre r\u00e9gion, votre actu !<\/p>\n<p>Recevez chaque jour les infos qui comptent pour vous.<\/p>\n<p>\t<a href=\"https:\/\/actu.fr\/newsletter\" class=\"ac-btn ac-btn--corner ac-btn--medium ac-btn--blue800\" target=\"_blank\" rel=\"noopener\">S&rsquo;incrire<\/a><br \/>\nDes clubs de sport<\/p>\n<p class=\" wall-content\">La patinoire de Blagnac regroupe par ailleurs club de sport dont le<strong> Toulouse-Blagnac Hockey Club,<\/strong> cr\u00e9\u00e9 en 1989, avec son \u00e9quipe \u00ab\u2009Les B\u00e9lougas\u2009\u00bb. \u00ab\u2009Le TBHC propose une \u00e9cole de hockey pour les enfants de 4 \u00e0 10\u00a0ans avec plusieurs sections de Hockey Mineur pour assurer la rel\u00e8ve\u2009\u00bb, rappelle la patinoire.<\/p>\n<p class=\" wall-content\">Il existe aussi une section<strong> loisir patinage artistique<\/strong> et une section <strong>comp\u00e9tition<\/strong> pour les plus motiv\u00e9s.<\/p>\n<p>Infos pratiques\u2009:<br \/>Adresse\u2009: Avenue du G\u00e9n\u00e9ral de Gaulle, 31700 Blagnac<br \/>Tram ligne T1, arr\u00eat Patinoire Barradels<\/p>\n<p class=\" wall-content\">Personnalisez votre actualit\u00e9 en ajoutant vos villes et m\u00e9dias en favori avec <a href=\"https:\/\/moncompte.actu.fr\" title=\"D\u00e9couvez Mon Actu\" rel=\"nofollow noopener\" data-trk=\"{&quot;cta&quot;:{&quot;action&quot;:&quot;https:\\\/\\\/moncompte.actu.fr&quot;,&quot;category&quot;:&quot;mon compte&quot;,&quot;from&quot;:&quot;article footer&quot;,&quot;name&quot;:&quot;Mon actu&quot;,&quot;type&quot;:&quot;cta&quot;}}\" target=\"_blank\">Mon Actu<\/a>.<\/p>\n","protected":false},"excerpt":{"rendered":"Par L\u00e9a Afonso Publi\u00e9 le 12 sept. 2025 \u00e0 11h04 Enfilez gants, \u00e9charpe et manteau, chaussez vos plus&hellip;\n","protected":false},"author":2,"featured_media":384967,"comment_status":"","ping_status":"","sticky":false,"template":"","format":"standard","meta":{"footnotes":""},"categories":[2816],"tags":[1111,11,1777,674,1011,27,1652,12,2680,25,1341,2312],"class_list":{"0":"post-384966","1":"post","2":"type-post","3":"status-publish","4":"format-standard","5":"has-post-thumbnail","7":"category-toulouse","8":"tag-actu","9":"tag-actualites","10":"tag-eu","11":"tag-europe","12":"tag-fr","13":"tag-france","14":"tag-loisirs-culture","15":"tag-news","16":"tag-occitanie","17":"tag-republique-francaise","18":"tag-sortir-a-toulouse","19":"tag-toulouse"},"share_on_mastodon":{"url":"https:\/\/pubeurope.com\/@fr\/115190641599538613","error":""},"_links":{"self":[{"href":"https:\/\/www.europesays.com\/fr\/wp-json\/wp\/v2\/posts\/384966","targetHints":{"allow":["GET"]}}],"collection":[{"href":"https:\/\/www.europesays.com\/fr\/wp-json\/wp\/v2\/posts"}],"about":[{"href":"https:\/\/www.europesays.com\/fr\/wp-json\/wp\/v2\/types\/post"}],"author":[{"embeddable":true,"href":"https:\/\/www.europesays.com\/fr\/wp-json\/wp\/v2\/users\/2"}],"replies":[{"embeddable":true,"href":"https:\/\/www.europesays.com\/fr\/wp-json\/wp\/v2\/comments?post=384966"}],"version-history":[{"count":0,"href":"https:\/\/www.europesays.com\/fr\/wp-json\/wp\/v2\/posts\/384966\/revisions"}],"wp:featuredmedia":[{"embeddable":true,"href":"https:\/\/www.europesays.com\/fr\/wp-json\/wp\/v2\/media\/384967"}],"wp:attachment":[{"href":"https:\/\/www.europesays.com\/fr\/wp-json\/wp\/v2\/media?parent=384966"}],"wp:term":[{"taxonomy":"category","embeddable":true,"href":"https:\/\/www.europesays.com\/fr\/wp-json\/wp\/v2\/categories?post=384966"},{"taxonomy":"post_tag","embeddable":true,"href":"https:\/\/www.europesays.com\/fr\/wp-json\/wp\/v2\/tags?post=384966"}],"curies":[{"name":"wp","href":"https:\/\/api.w.org\/{rel}","templated":true}]}}