{"id":384968,"date":"2025-09-12T09:35:12","date_gmt":"2025-09-12T09:35:12","guid":{"rendered":"https:\/\/www.europesays.com\/fr\/384968\/"},"modified":"2025-09-12T09:35:12","modified_gmt":"2025-09-12T09:35:12","slug":"a-lille-les-trophees-rev3-du-batiment-durable-envoient-du-bois","status":"publish","type":"post","link":"https:\/\/www.europesays.com\/fr\/384968\/","title":{"rendered":"A Lille, les troph\u00e9es Rev3 du b\u00e2timent durable envoient du bois"},"content":{"rendered":"<p class=\"c-paragraph\">\u00ab Les projets ont suivi les pr\u00e9conisations du <b>r\u00e9f\u00e9rentiel Rev3 (troisi\u00e8me r\u00e9volution industrielle)<\/b> pour le b\u00e2timent. Leurs co\u00fbts de r\u00e9novation ou de construction au m\u00e8tre carr\u00e9 se situent dans la fourchette du march\u00e9 \u00bb, souligne en pr\u00e9ambule Beno\u00eet Loison, pr\u00e9sident du CD2E (P\u00f4le d\u2019excellence r\u00e9gional de l\u2019\u00e9co-transition) et de la FFB Hauts-de-France. Autre point commun, <b>tous les laur\u00e9ats ont pari\u00e9 sur le bois pour la construction et\/ou le chauffage<\/b>.<\/p>\n<p>Du sol au plafond<\/p>\n<p class=\"c-paragraph\">Ainsi le <b>prix de la r\u00e9novation tertiaire<\/b>, attribu\u00e9 au si\u00e8ge social du bureau d\u2019\u00e9tude Auddic\u00e9 \u00e0 Roost-Warendin (Nord) a utilis\u00e9 ce mat\u00e9riau du sol au plafond. L\u2019agence d\u2019architecte ATW a en effet d\u00e9ploy\u00e9 de mat\u00e9riau stockeur de carbone aussi bien pour les charpentes, que les murs, le bardage, le sol et les menuiseries int\u00e9rieures et ext\u00e9rieures. Il est aussi utilis\u00e9 pour chauffer le projet qui est revenu \u00e0 2 116 euros du m\u00e8tre carr\u00e9 de surface de plancher pour environ 500 m\u00b2 de r\u00e9habilitation et 500 m\u00b2 d\u2019extension. Livr\u00e9 \u00e0 l\u2019\u00e9t\u00e9 2024, le site carbure aussi au photovolta\u00efque et \u00e0 la g\u00e9othermie.<\/p>\n<p class=\"c-paragraph\">\u00ab Nous avons voulu faire de notre si\u00e8ge un v\u00e9ritable d\u00e9monstrateur en poussant partout les curseurs et en en int\u00e9grant les \u00ab clauses vertes \u00bb directement au cahier des charges \u00bb, souligne Louis-Philippe Blervacque, pr\u00e9sident d\u2019Auddic\u00e9. Il ajoute qu\u2019une attention syst\u00e9mique a \u00e9t\u00e9 port\u00e9e \u00e0 la biodiversit\u00e9 : \u00ab Nous avons cr\u00e9\u00e9 une s\u00e9rie de milieux \u00e9cologiques diff\u00e9rents qui forment un parcours p\u00e9dagogique \u00bb.<\/p>\n<p class=\"c-paragraph\">Pour le <b>prix de la r\u00e9novation de logements<\/b>, attribu\u00e9 au projet de r\u00e9habilitation de 318 \u00ab Camus bas \u00bb pour le bailleur Maisons &amp; Cit\u00e9s dans le Pas-de-Calais dans le cadre du programme Massir\u00e9no, le biosourc\u00e9 est aussi un \u00e9l\u00e9ment clef du projet.<\/p>\n<p>Panneaux ossature bois industrialis\u00e9s<\/p>\n<p class=\"c-paragraph\">Livr\u00e9 en d\u00e9cembre 2024, la r\u00e9habilitation a en effet \u00e9t\u00e9 men\u00e9e via un proc\u00e9d\u00e9 de panneaux en ossature bois produits hors site. Avec isolation en coton. Le projet qui est revenu \u00e0 1 286 euros du m\u00e8tre carr\u00e9 a \u00e9t\u00e9 men\u00e9 en march\u00e9 globale de performance garanti sur 30 ans par un groupement pilot\u00e9 par Bouygues B\u00e2timent Nord-Est, avec les architectes de Blau et Red Cat Architecture et les BET Symoe et Nortec.<\/p>\n<p class=\"c-paragraph\">M\u00eame le projet r\u00e9alis\u00e9 en pierre de taille locale, <b>laur\u00e9at or dans partie construction neuve<\/b>, utilise du biosourc\u00e9. La maison de pays de Licques (Pas-de-Calais), r\u00e9alis\u00e9e pour la communaut\u00e9 de communes Pays d\u2019Opale par Tandem + avec les BET TW Ing\u00e9nierie et Kietudes, a ainsi mis\u00e9 sur le bois pour la charpente et pour le chauffage. L\u2019\u00e9quipement public labellis\u00e9 Passivhaus a \u00e9t\u00e9 livr\u00e9 en juin 2024 pour un co\u00fbt de 3 234 euros du m\u00e8tre carr\u00e9.<\/p>\n<p class=\"c-paragraph\">Et le laur\u00e9at du projet qui a d\u00e9croch\u00e9 la <b>m\u00e9daille d\u2019argent en neuf pour le tertiaire<\/b>, La Loco \u00e0 Lille, tiers lieu \u00e9thique de 2 400 m\u00b2 SP qui atteint le niveau E3C2 du label E+C-, qui n\u2019a pourtant pas mis\u00e9 sur ce mat\u00e9riau pour la construction, est tout de m\u00eame raccord\u00e9 \u00e0 un mini r\u00e9seau de chaleur chauff\u00e9 \u00e0 la biomasse. R\u00e9alis\u00e9 pour la SCI Etic \u00e0 Lille par les agences d\u2019architecte Atelier 204 et Oph\u00e9lie Chassin, le b\u00e2timent de 2 400 m\u00b2 est revenu \u00e0 2 917 euros du m\u00e8tre carr\u00e9.<\/p>\n<p class=\"c-paragraph\"><b>Le bronze<\/b> a \u00e9t\u00e9 rafl\u00e9 par un projet pariant de nouveau sur le bois, sur plusieurs tableaux. La Maison de la transition \u00e9cologique de la Ville de Marcq-en-Bar\u0153ul (Nord) l\u2019a en effet utilis\u00e9 pour sa structure, via 12 portiques d\u2019environ 5 m de port\u00e9e, son isolation et son chauffage. Les 82 m\u00b2 SP sont revenus \u00e0 3 122 euros du m\u00e8tre carr\u00e9.<\/p>\n<p class=\"c-paragraph\">\u00ab Nous avons utilis\u00e9 des panneaux standardis\u00e9s pour minimiser les chutes de bois. La pr\u00e9fabrication hors site a \u00e9t\u00e9 r\u00e9alis\u00e9e en atelier \u00e0 5 km. Ce mode constructif a r\u00e9duit les nuisances pour le voisinage. En plus d\u2019\u00eatre chaleureux et d\u2019offrir une bonne qualit\u00e9 de l\u2019air, le bois est facilement d\u00e9montable et offre donc de la flexibilit\u00e9 \u00bb, souligne l\u2019architecte du projet Emma Weiss.<\/p>\n<p>Chaufferie biomasse<\/p>\n<p class=\"c-paragraph\">Le <b>laur\u00e9at dans la cat\u00e9gorie b\u00e2timent scolaire<\/b>, le restaurant scolaire de Mouchin (Nord), table aussi sur le bois pour son b\u00e2ti et pour ses calories. La chaufferie biomasse cr\u00e9\u00e9e alimente aussi d\u2019autres structures municipales. Livr\u00e9 en mars 2024, la cantine de 418 m\u00b2 SP passive en bois, terre et paille offre notamment une tr\u00e8s bonne isolation phonique, particuli\u00e8rement importante pour cet usage. Le jury a \u00e9t\u00e9 s\u00e9duit par les solutions d\u00e9ploy\u00e9es par Damien Schietse de la Scop Kontext Architectes pour r\u00e9ussir une int\u00e9gration urbaine compliqu\u00e9e de l\u2019ouvrage qui est revenu \u00e0 3 780 euros du m\u00e8tre carr\u00e9.<\/p>\n<p class=\"c-paragraph\">La R\u00e9serve, \u00e9co-lieu b\u00e2ti sur une friche commerciale \u00e0 N\u0153ux-les-Mines (Pas-de-Calais) et <b>coup de c\u0153ur du jury<\/b>, a elle aussi opt\u00e9 pour un double usage du bois. La chaufferie biomasse est compl\u00e9t\u00e9e par des panneaux photovolta\u00efques qui fourniront 24 MWh au site qui sera par ailleurs rafra\u00eechi par un puits canadien. Livr\u00e9 en juin, le projet, qui a eu recours \u00e0 une ossature bois et \u00e0 100 % d\u2019isolants biosourc\u00e9s, aura permis de r\u00e9habiliter 2 200 m\u00b2 pour un co\u00fbt de 2050 euros du m\u00e8tre carr\u00e9.<\/p>\n<p class=\"c-paragraph\">Enfin, le <b>coup de c\u0153ur promotion immobili\u00e8re<\/b> a \u00e9t\u00e9 attribu\u00e9 \u00e0 Howell, le tr\u00e8s beau si\u00e8ge d\u2019Aventim \u00e0 Wasquehal (Nord), en raison notamment du recours \u00e0 du bois r\u00e9gional issu de la for\u00eat de Chantilly. Dessin\u00e9 par Coldefy et livr\u00e9 en juin 2023, les 1 320 m\u00b2 de r\u00e9habilitation coupl\u00e9s \u00e0 1 858 m\u00b2 de neuf pour un co\u00fbt de 2 328 euros du m\u00e8tre carr\u00e9 ont innov\u00e9s avec des poteaux r\u00e9alis\u00e9s en ch\u00eane de Chantilly. \u00ab Nous avons remont\u00e9 toute la fili\u00e8re pour ce projet et sommes all\u00e9s voir sur place les arbres qui souffrent de la s\u00e9cheresse \u00bb, souligne Beno\u00eet Haddag, le directeur technique du promoteur. En plus de la structure en bois, le parement de fa\u00e7ade est en bois br\u00fbl\u00e9 local et l\u2019isolation ext\u00e9rieur en en panneaux de fibre de bois.<\/p>\n<p>Pacte bois biosourc\u00e9<\/p>\n<p class=\"c-paragraph\">Engag\u00e9 sur le niveau or du pacte bois-biosourc\u00e9s en Hauts-de-France en avril 2023, Aventim va d\u00e9passer son objectif de 40 % des surfaces construites avec du biosourc\u00e9 sur cinq ans. Il ne sera pas le seul \u00e0 d\u00e9passer ses objectifs puisque qu\u2019au global les signataires ont r\u00e9alis\u00e9, en 2024, 2,5 fois plus de surface que la tendance envisag\u00e9e au d\u00e9part. Les objectifs du pacte \u00e0 cinq ans en r\u00e9gion seront d\u00e9pass\u00e9s avec 656 000 m\u00b2 d\u00e9j\u00e0 identifi\u00e9s pour un montant de travaux estim\u00e9 \u00e0 717 millions d\u2019euros HT.<\/p>\n","protected":false},"excerpt":{"rendered":"\u00ab Les projets ont suivi les pr\u00e9conisations du r\u00e9f\u00e9rentiel Rev3 (troisi\u00e8me r\u00e9volution industrielle) pour le b\u00e2timent. Leurs co\u00fbts&hellip;\n","protected":false},"author":2,"featured_media":384969,"comment_status":"","ping_status":"","sticky":false,"template":"","format":"standard","meta":{"footnotes":""},"categories":[2815],"tags":[1111,11,51775,23527,1777,674,1011,27,811,1307,12,25],"class_list":{"0":"post-384968","1":"post","2":"type-post","3":"status-publish","4":"format-standard","5":"has-post-thumbnail","7":"category-lille","8":"tag-actu","9":"tag-actualites","10":"tag-construction-bois","11":"tag-developpement-durable","12":"tag-eu","13":"tag-europe","14":"tag-fr","15":"tag-france","16":"tag-hauts-de-france","17":"tag-lille","18":"tag-news","19":"tag-republique-francaise"},"share_on_mastodon":{"url":"https:\/\/pubeurope.com\/@fr\/115190649626474139","error":""},"_links":{"self":[{"href":"https:\/\/www.europesays.com\/fr\/wp-json\/wp\/v2\/posts\/384968","targetHints":{"allow":["GET"]}}],"collection":[{"href":"https:\/\/www.europesays.com\/fr\/wp-json\/wp\/v2\/posts"}],"about":[{"href":"https:\/\/www.europesays.com\/fr\/wp-json\/wp\/v2\/types\/post"}],"author":[{"embeddable":true,"href":"https:\/\/www.europesays.com\/fr\/wp-json\/wp\/v2\/users\/2"}],"replies":[{"embeddable":true,"href":"https:\/\/www.europesays.com\/fr\/wp-json\/wp\/v2\/comments?post=384968"}],"version-history":[{"count":0,"href":"https:\/\/www.europesays.com\/fr\/wp-json\/wp\/v2\/posts\/384968\/revisions"}],"wp:featuredmedia":[{"embeddable":true,"href":"https:\/\/www.europesays.com\/fr\/wp-json\/wp\/v2\/media\/384969"}],"wp:attachment":[{"href":"https:\/\/www.europesays.com\/fr\/wp-json\/wp\/v2\/media?parent=384968"}],"wp:term":[{"taxonomy":"category","embeddable":true,"href":"https:\/\/www.europesays.com\/fr\/wp-json\/wp\/v2\/categories?post=384968"},{"taxonomy":"post_tag","embeddable":true,"href":"https:\/\/www.europesays.com\/fr\/wp-json\/wp\/v2\/tags?post=384968"}],"curies":[{"name":"wp","href":"https:\/\/api.w.org\/{rel}","templated":true}]}}