{"id":384972,"date":"2025-09-12T09:37:14","date_gmt":"2025-09-12T09:37:14","guid":{"rendered":"https:\/\/www.europesays.com\/fr\/384972\/"},"modified":"2025-09-12T09:37:14","modified_gmt":"2025-09-12T09:37:14","slug":"sur-le-plateau-de-marseille-politiques-un-debat-caradec-barles-a-fleurets-mouchetes","status":"publish","type":"post","link":"https:\/\/www.europesays.com\/fr\/384972\/","title":{"rendered":"Sur le plateau de Marseille Politiques, un d\u00e9bat Caradec-Barles \u00e0 fleurets mouchet\u00e9s"},"content":{"rendered":"<p>Difficile de faire plus oppos\u00e9s, Laure-Agn\u00e8s Caradec (LR) et S\u00e9bastien Barles (EELV) ne sont pas d\u2019accord sur grand-chose. Ce jeudi 11\u00a0septembre, ils \u00e9taient les invit\u00e9s de l\u2019\u00e9mission Marseille Politiques, le rendez-vous hebdomadaire de BFM Marseille, en partenariat avec La Provence.<\/p>\n<p>La vice-pr\u00e9sidente de la M\u00e9tropole et pr\u00e9sidente de la f\u00e9d\u00e9ration Les R\u00e9publicains 13 a assez peu go\u00fbt\u00e9 les rassemblements <a href=\"https:\/\/www.laprovence.com\/article\/region\/2333922137974314\/bloquons-tout-de-nouvelles-actions-prevues-ce-samedi-13-septembre-a-marseille\" target=\"_blank\" rel=\"noopener\">\u00ab\u00a0Bloquons tout\u00a0\u00bb<\/a> du 10\u00a0septembre. \u00ab\u00a0Le droit de manifester existe, mais lorsque l\u2019on veut tout bloquer, casser m\u00eame, et emp\u00eacher les gens de travailler, ce n\u2019est pas possible, je ne peux pas accepter \u00e7a.\u00a0\u00bb Un point de vue balay\u00e9 par l\u2019adjoint au maire de Marseille en charge de la transition \u00e9cologique. \u00ab\u00a0Il y a une col\u00e8re qui s\u2019exprime, et une forte exasp\u00e9ration. Le dialogue social est en panne, le seul moyen pour les jeunes de se faire entendre est de descendre dans la rue.\u00a0\u00bb<\/p>\n<p>\u00ab\u00a0Je le pr\u00e9f\u00e8re \u00e0 un socialiste\u00a0\u00bb<\/p>\n<p>Les deux \u00e9lus partagent malgr\u00e9 tout la conviction qu\u2019il est fondamental d\u00e9sormais de \u00ab\u00a0tout remettre \u00e0 plat\u00a0\u00bb et de \u00ab\u00a0faire avancer le pays\u00a0\u00bb. Aux yeux de S\u00e9bastien Barles, \u00ab\u00a0il faut r\u00e9pondre \u00e0 la demande de justice sociale et fiscale, la taxation des ultra-riches reste la meilleure option\u00a0\u00bb&#8230;<\/p>\n","protected":false},"excerpt":{"rendered":"Difficile de faire plus oppos\u00e9s, Laure-Agn\u00e8s Caradec (LR) et S\u00e9bastien Barles (EELV) ne sont pas d\u2019accord sur grand-chose.&hellip;\n","protected":false},"author":2,"featured_media":384973,"comment_status":"","ping_status":"","sticky":false,"template":"","format":"standard","meta":{"footnotes":""},"categories":[2814],"tags":[17,1111,11,51776,1292,5949,1777,674,51777,1011,27,884,12,7498,11480,882,25,3356],"class_list":{"0":"post-384972","1":"post","2":"type-post","3":"status-publish","4":"format-standard","5":"has-post-thumbnail","7":"category-marseille","8":"tag-17","9":"tag-actu","10":"tag-actualites","11":"tag-caradec-barles","12":"tag-debat","13":"tag-elections","14":"tag-eu","15":"tag-europe","16":"tag-fleurets","17":"tag-fr","18":"tag-france","19":"tag-marseille","20":"tag-news","21":"tag-plateau","22":"tag-politiques","23":"tag-provence-alpes-cote-dazur","24":"tag-republique-francaise","25":"tag-sur"},"share_on_mastodon":{"url":"https:\/\/pubeurope.com\/@fr\/115190657459387439","error":""},"_links":{"self":[{"href":"https:\/\/www.europesays.com\/fr\/wp-json\/wp\/v2\/posts\/384972","targetHints":{"allow":["GET"]}}],"collection":[{"href":"https:\/\/www.europesays.com\/fr\/wp-json\/wp\/v2\/posts"}],"about":[{"href":"https:\/\/www.europesays.com\/fr\/wp-json\/wp\/v2\/types\/post"}],"author":[{"embeddable":true,"href":"https:\/\/www.europesays.com\/fr\/wp-json\/wp\/v2\/users\/2"}],"replies":[{"embeddable":true,"href":"https:\/\/www.europesays.com\/fr\/wp-json\/wp\/v2\/comments?post=384972"}],"version-history":[{"count":0,"href":"https:\/\/www.europesays.com\/fr\/wp-json\/wp\/v2\/posts\/384972\/revisions"}],"wp:featuredmedia":[{"embeddable":true,"href":"https:\/\/www.europesays.com\/fr\/wp-json\/wp\/v2\/media\/384973"}],"wp:attachment":[{"href":"https:\/\/www.europesays.com\/fr\/wp-json\/wp\/v2\/media?parent=384972"}],"wp:term":[{"taxonomy":"category","embeddable":true,"href":"https:\/\/www.europesays.com\/fr\/wp-json\/wp\/v2\/categories?post=384972"},{"taxonomy":"post_tag","embeddable":true,"href":"https:\/\/www.europesays.com\/fr\/wp-json\/wp\/v2\/tags?post=384972"}],"curies":[{"name":"wp","href":"https:\/\/api.w.org\/{rel}","templated":true}]}}