{"id":384974,"date":"2025-09-12T09:38:11","date_gmt":"2025-09-12T09:38:11","guid":{"rendered":"https:\/\/www.europesays.com\/fr\/384974\/"},"modified":"2025-09-12T09:38:11","modified_gmt":"2025-09-12T09:38:11","slug":"lyon-le-controle-dhygiene-du-supermarche-asiatique-se-solde-par-une-fermeture-en-urgence","status":"publish","type":"post","link":"https:\/\/www.europesays.com\/fr\/384974\/","title":{"rendered":"Lyon. Le contr\u00f4le d&rsquo;hygi\u00e8ne du supermarch\u00e9 asiatique se solde par une fermeture en urgence"},"content":{"rendered":"<p>            Par<br \/>\n        <strong><br \/>\n            <a href=\"https:\/\/actu.fr\/auteur\/nicolas-zaugra\" title=\"Consulter tous les articles de Nicolas Zaugra\" target=\"_blank\" rel=\"noopener\">Nicolas Zaugra<\/a><br \/>\n        <\/strong><\/p>\n<p>        Publi\u00e9 le<\/p>\n<p>            12 sept. 2025 \u00e0 9h39        <\/p>\n<p>Le supermarch\u00e9 asiatique est bien connu des habitants de <a href=\"https:\/\/actu.fr\/auvergne-rhone-alpes\/venissieux_69259\" target=\"_blank\" rel=\"noopener\">V\u00e9nissieux<\/a> et du 8e arrondissement de <a href=\"https:\/\/actu.fr\/auvergne-rhone-alpes\/lyon_69123\" target=\"_blank\" rel=\"noopener\">Lyon<\/a> tout proche. \u00ab\u00a0Paris Store\u00a0\u00bb, <strong>un \u00ab\u00a0hyper-asiatique\u00a0\u00bb<\/strong> ouvert de 1977 sur le boulevard Joliot-Curie a d\u00fb <strong>fermer un rayon en urgence \u00e0 la suite d\u2019un contr\u00f4le d\u2019hygi\u00e8ne<\/strong> des services de la pr\u00e9fecture du Rh\u00f4ne r\u00e9alis\u00e9 le mercredi 10 septembre 2025.<\/p>\n<p>Le rayon boucherie-traiteur ferm\u00e9 par la pr\u00e9fecture<\/p>\n<p class=\" wall-content\">\u00ab\u00a0Suite \u00e0 un contr\u00f4le, la <a href=\"https:\/\/actu.fr\/tag\/prefecture-du-rhone\" target=\"_blank\" rel=\"noopener\">pr\u00e9f\u00e8te du Rh\u00f4ne<\/a> a proc\u00e9d\u00e9 \u00e0 la fermeture en urgence pour des manquements graves aux minima des r\u00e8gles d\u2019hygi\u00e8ne et de s\u00e9curit\u00e9 alimentaire de l\u2019\u00e9tablissement\u00a0\u00bb, a annonc\u00e9 jeudi la pr\u00e9fecture.\u00a0<\/p>\n<p class=\" wall-content\">Les inspecteurs de la Direction d\u00e9partementale de la protection des populations (DDPP) se sont concentr\u00e9s sur le rayon boucherie dont la fermeture a \u00e9t\u00e9 demand\u00e9e. Les agents \u00e9crivent dans l\u2019arr\u00eat\u00e9 pr\u00e9fectoral que les dent\u00e9es alimentaires du rayon sont \u00ab mal prot\u00e9g\u00e9s contre les sources et les risques de contamination \u00bb et ajoutent que se d\u00e9roule \u00ab la r\u00e9alisation de travaux de structure en m\u00eame temps que l\u2019activit\u00e9 de manipulation de denr\u00e9es alimentaires \u00bb.<\/p>\n<p class=\" wall-content\">\n<p>    <a href=\"https:\/\/www.google.com\/maps\/embed?pb=!1m18!1m12!1m3!1d21732.4328308287!2d4.866277314351882!3d45.72017947519632!2m3!1f0!2f0!3f0!3m2!1i1024!2i768!4f13.1!3m3!1m2!1s0x47f4c2022343a8ff%3A0x1ad5f192b11f5de8!2s8%20Bd%20Ir%C3%A8ne%20Joliot%20Curie%2C%2069200%20V%C3%A9nissieux!5e1!3m2!1sfr!2sfr!4v1757660523399!5m2!1sfr!2sfr\" title=\"Ouvrie le lien\" target=\"_blank\" rel=\"noopener\">Cliquez ici pour visualiser le contenu<\/a><\/p>\n<p>Des aliments p\u00e9rim\u00e9s, mauvais stockage\u2026<\/p>\n<p class=\" wall-content\">L\u2019arr\u00eat\u00e9 indique d\u2019autres probl\u00e8mes dont la \u00ab\u00a0d\u00e9tention de denr\u00e9es p\u00e9rim\u00e9es\u00a0\u00bb ou encore des \u00ab\u00a0d\u00e9fauts d\u2019entretien, de maintenance et de nettoyage, le non-respect des temp\u00e9ratures de conservation des denr\u00e9es, les mauvaises conditions de stockage et de conservation des mati\u00e8res premi\u00e8res et des denr\u00e9es travaill\u00e9es, l\u2019absence de pr\u00e9sentation des autocontr\u00f4les, l\u2019absence de tra\u00e7abilit\u00e9 des denr\u00e9es, la m\u00e9connaissance des bonnes pratiques d\u2019hygi\u00e8ne du personnel\u00a0\u00bb.<\/p>\n<p class=\" wall-content\">\u00ab\u00a0Du fait de ces manquements, la poursuite de l\u2019activit\u00e9, dans les conditions constat\u00e9es, constitue une menace pour la sant\u00e9 des consommateurs en raison de la probabilit\u00e9 importante de contaminations et des <strong>risques d\u2019intoxication<\/strong> qui en r\u00e9sultent\u00a0\u00bb, poursuit la pr\u00e9fecture qui demande une remise aux normes du rayon vis\u00e9.\u00a0<\/p>\n<p>Votre r\u00e9gion, votre actu !<\/p>\n<p>Recevez chaque jour les infos qui comptent pour vous.<\/p>\n<p>\t<a href=\"https:\/\/actu.fr\/newsletter\" class=\"ac-btn ac-btn--corner ac-btn--medium ac-btn--blue800\" target=\"_blank\" rel=\"noopener\">S&rsquo;incrire<\/a><\/p>\n<p class=\" wall-content\">\u00ab\u00a0La mesure de fermeture sera lev\u00e9e d\u00e8s que l\u2019\u00e9tablissement sera aux normes en vigueur\u00a0\u00bb. Les g\u00e9rants du supermarch\u00e9 vont devoir respecter un certain nombre de demandes pour pouvoir rouvrir. Le supermarch\u00e9 <strong>reste ouvert pendant ce temps \u00e0 l\u2019exception du rayon boucherie et traiteur<\/strong> vis\u00e9 par le contr\u00f4le d\u2019hygi\u00e8ne.\u00a0<\/p>\n<p class=\" wall-content\">Sollicit\u00e9, l\u2019\u00e9tablissement n\u2019\u00e9tait pas joignable pour r\u00e9pondre.<\/p>\n<p class=\" wall-content\">Personnalisez votre actualit\u00e9 en ajoutant vos villes et m\u00e9dias en favori avec <a href=\"https:\/\/moncompte.actu.fr\" title=\"D\u00e9couvez Mon Actu\" rel=\"nofollow noopener\" data-trk=\"{&quot;cta&quot;:{&quot;action&quot;:&quot;https:\\\/\\\/moncompte.actu.fr&quot;,&quot;category&quot;:&quot;mon compte&quot;,&quot;from&quot;:&quot;article footer&quot;,&quot;name&quot;:&quot;Mon actu&quot;,&quot;type&quot;:&quot;cta&quot;}}\" target=\"_blank\">Mon Actu<\/a>.<\/p>\n","protected":false},"excerpt":{"rendered":"Par Nicolas Zaugra Publi\u00e9 le 12 sept. 2025 \u00e0 9h39 Le supermarch\u00e9 asiatique est bien connu des habitants&hellip;\n","protected":false},"author":2,"featured_media":384975,"comment_status":"","ping_status":"","sticky":false,"template":"","format":"standard","meta":{"footnotes":""},"categories":[1889],"tags":[1111,11,2430,1777,674,1011,27,2428,12,9450,25,1340,104],"class_list":{"0":"post-384974","1":"post","2":"type-post","3":"status-publish","4":"format-standard","5":"has-post-thumbnail","7":"category-lyon","8":"tag-actu","9":"tag-actualites","10":"tag-auvergne-rhone-alpes","11":"tag-eu","12":"tag-europe","13":"tag-fr","14":"tag-france","15":"tag-lyon","16":"tag-news","17":"tag-prefecture-du-rhone","18":"tag-republique-francaise","19":"tag-restaurant","20":"tag-societe"},"share_on_mastodon":{"url":"https:\/\/pubeurope.com\/@fr\/115190661490508961","error":""},"_links":{"self":[{"href":"https:\/\/www.europesays.com\/fr\/wp-json\/wp\/v2\/posts\/384974","targetHints":{"allow":["GET"]}}],"collection":[{"href":"https:\/\/www.europesays.com\/fr\/wp-json\/wp\/v2\/posts"}],"about":[{"href":"https:\/\/www.europesays.com\/fr\/wp-json\/wp\/v2\/types\/post"}],"author":[{"embeddable":true,"href":"https:\/\/www.europesays.com\/fr\/wp-json\/wp\/v2\/users\/2"}],"replies":[{"embeddable":true,"href":"https:\/\/www.europesays.com\/fr\/wp-json\/wp\/v2\/comments?post=384974"}],"version-history":[{"count":0,"href":"https:\/\/www.europesays.com\/fr\/wp-json\/wp\/v2\/posts\/384974\/revisions"}],"wp:featuredmedia":[{"embeddable":true,"href":"https:\/\/www.europesays.com\/fr\/wp-json\/wp\/v2\/media\/384975"}],"wp:attachment":[{"href":"https:\/\/www.europesays.com\/fr\/wp-json\/wp\/v2\/media?parent=384974"}],"wp:term":[{"taxonomy":"category","embeddable":true,"href":"https:\/\/www.europesays.com\/fr\/wp-json\/wp\/v2\/categories?post=384974"},{"taxonomy":"post_tag","embeddable":true,"href":"https:\/\/www.europesays.com\/fr\/wp-json\/wp\/v2\/tags?post=384974"}],"curies":[{"name":"wp","href":"https:\/\/api.w.org\/{rel}","templated":true}]}}