{"id":384976,"date":"2025-09-12T09:39:17","date_gmt":"2025-09-12T09:39:17","guid":{"rendered":"https:\/\/www.europesays.com\/fr\/384976\/"},"modified":"2025-09-12T09:39:17","modified_gmt":"2025-09-12T09:39:17","slug":"lyon-maelle-paie-son-loyer-pour-un-logement-etudiant-du-crous-inhabitable-impossible-de-dormir","status":"publish","type":"post","link":"https:\/\/www.europesays.com\/fr\/384976\/","title":{"rendered":"Lyon. Ma\u00eblle paie son loyer pour un logement \u00e9tudiant du Crous inhabitable : \u00ab\u00a0Impossible de dormir\u00a0\u00bb"},"content":{"rendered":"<p>            Par<br \/>\n        <strong><br \/>\n            <a href=\"https:\/\/actu.fr\/auteur\/theo-zuili\" title=\"Consulter tous les articles de Th\u00e9o Zuili\" target=\"_blank\" rel=\"noopener\">Th\u00e9o Zuili<\/a><br \/>\n        <\/strong><\/p>\n<p>        Publi\u00e9 le<\/p>\n<p>            12 sept. 2025 \u00e0 11h14        <\/p>\n<p>Ma\u00eblle, \u00e9tudiante originaire de Montpellier venue entamer ses \u00e9tudes sup\u00e9rieures \u00e0 <a href=\"https:\/\/actu.fr\/auvergne-rhone-alpes\/lyon_69123\" target=\"_blank\" rel=\"noopener\">Lyon<\/a>, a d\u00e9chant\u00e9 en d\u00e9couvrant l\u2019\u00e9tat de son logement \u00e9tudiant. Arriv\u00e9e le 1\u1d49\u02b3 septembre pour effectuer ses \u00e9tudes \u00e0 l\u2019universit\u00e9 Lyon 3, la jeune de 18 ans refuse de dormir dans sa chambre du Crous, o\u00f9 <strong>des cafards et punaises de lit pullulent<\/strong>.<br \/>Il appara\u00eet que le b\u00e2timent E de la r\u00e9sidence Jussieu, sur le site de la Doua \u00e0 Villeurbanne, est l\u2019un des plus touch\u00e9s malgr\u00e9 d\u2019importants moyens mis en place.<\/p>\n<p>    <img   decoding=\"async\" loading=\"lazy\" src=\"https:\/\/www.europesays.com\/fr\/wp-content\/uploads\/2025\/09\/spray-punaises-de-lit-cafards-chambre-insalubre-indigne-lyon-crous-studio-etudiante-960x640.png\" alt=\"Une \u00e9tudiante \u00e0 Lyon d\u00e9nonce une invasion de punaises de lit et cafards dans son studio \u00e9tudiant du Crous.\" width=\"960\" height=\"640\"\/><br \/>\n    L\u2019\u00e9tudiante compte d\u00e9m\u00e9nager d\u00e8s que possible et esp\u00e8re trouver rapidement un autre logement social. (\u00a9Th\u00e9o Zuili \/ actu Lyon)\u00ab\u00a0Impossible de dormir ici\u00a0\u00bb<\/p>\n<p class=\" wall-content\">Accompagn\u00e9e par sa m\u00e8re lors de son emm\u00e9nagement, Ma\u00eblle mesure rapidement l\u2019ampleur de l\u2019infestation. Des taches de sang constellent le matelas fourni par le Crous. \u00ab\u00a0Je m\u2019aper\u00e7ois qu\u2019il y a <strong>des cafards dans la chambre<\/strong> au niveau du frigo et au sol qui se baladent\u00a0\u00bb, appuie sa maman.<\/p>\n<p class=\" wall-content\">Cette derni\u00e8re ne perd pas de temps pour \u00e9crire au Crous et vaporiser des produits chimiques dans la chambre. \u00ab\u00a0\u00c7a fait aussi ressortir <strong>des punaises de lit<\/strong>. J\u2019en retrouve de nombreux morts le lendemain, jusque dans le couloir.\u00a0\u00bb Des vivants, aussi : \u00ab\u00a0Pas possible, il y en a trop.\u00a0\u00bb<\/p>\n<p>    <img   decoding=\"async\" loading=\"lazy\" src=\"https:\/\/www.europesays.com\/fr\/wp-content\/uploads\/2025\/09\/spray-produit-chimique-pulverisateur-frigo-punaises-de-lit-cafards-chambre-insalubre-indigne-lyon-cr.png\" alt=\"L'usage de produits chimiques et fumig\u00e8nes ne permet pas l'\u00e9radication des insectes : \" width=\"960\" height=\"640\"\/><br \/>\n    L\u2019usage de produits chimiques et fumig\u00e8nes ne permet pas l\u2019\u00e9radication des insectes : \u00ab\u00a0C\u2019est tout le b\u00e2timent qui est infest\u00e9\u00a0\u00bb, d\u00e9nonce la maman. (\u00a9Th\u00e9o Zuili \/ actu Lyon)<\/p>\n<p class=\" wall-content\">\u00ab\u00a0S\u2019ils sortent autant le jour, imaginez la nuit. Ma fille ne peut pas int\u00e9grer les lieux !\u00a0\u00bb Par chance, Ma\u00eblle peut \u00eatre log\u00e9e par une cousine \u00e0 proximit\u00e9. \u00ab\u00a0Apparemment, <strong>\u00e7a dure depuis des ann\u00e9es<\/strong>, ils font des signalements, des traitements, et les produits ne marchent pas. C\u2019est fou ! Il y a des \u00e9tudiants qui arrivent ici sans parents, sans moyens d\u2019aller autre part et personne ne se sent concern\u00e9 par leur probl\u00e8me.\u00a0\u00bb<\/p>\n<p>Votre r\u00e9gion, votre actu !<\/p>\n<p>Recevez chaque jour les infos qui comptent pour vous.<\/p>\n<p>\t<a href=\"https:\/\/actu.fr\/newsletter\" class=\"ac-btn ac-btn--corner ac-btn--medium ac-btn--blue800\" target=\"_blank\" rel=\"noopener\">S&rsquo;incrire<\/a><br \/>\nUne situation sans issue ?<\/p>\n<p class=\" wall-content\">\u00ab\u00a0Les infestations de cafards sont malheureusement r\u00e9currentes et end\u00e9miques, et l\u2019\u00e9t\u00e9 est <strong>particuli\u00e8rement propice<\/strong> \u00e0 leur multiplication. Nous travaillons avec un prestataire qui passe 4 fois par an dans toutes les zones humides des logements (salles de bain) et espaces communs (cuisine) pour un traitement pr\u00e9ventif\u00a0\u00bb, r\u00e9pond le Crous \u00e0 actu Lyon.<\/p>\n<p>    <img   decoding=\"async\" loading=\"lazy\" src=\"https:\/\/www.europesays.com\/fr\/wp-content\/uploads\/2025\/09\/blattes-cafards-insectes-saletes-frigo-frigidaires-960x640.png\" alt=\"Sur places, quelques heures apr\u00e8s l\u2019intervention d\u2019une soci\u00e9t\u00e9 anti-nuisibles, le studio n\u2019est toujours pas d\u00e9sert. \u00c0 l\u2019ouverture du frigo vide, une poign\u00e9e de cafards s\u2019\u00e9parpille.\" width=\"960\" height=\"640\"\/><br \/>\n    Sur places, quelques heures apr\u00e8s l\u2019intervention d\u2019une soci\u00e9t\u00e9 anti-nuisibles, le studio n\u2019est toujours pas d\u00e9sert : \u00e0 l\u2019ouverture du frigo vide, une poign\u00e9e de cafards s\u2019\u00e9parpille. (\u00a9Th\u00e9o Zuili \/ actu Lyon)<\/p>\n<p class=\" wall-content\">\u00ab\u00a0Malheureusement,<strong> aucun traitement n\u2019a d\u2019effet d\u00e9finitif<\/strong>, notamment si de la nourriture est laiss\u00e9e accessible dans les chambres et les cuisines. Nous sommes n\u00e9anmoins conscients qu\u2019il s\u2019agit d\u2019une v\u00e9ritable pr\u00e9occupation pour les \u00e9tudiants et toute nouvelle pr\u00e9sence de nuisibles signal\u00e9es est prise en charge avec 2 \u00e0 3 passages du prestataire pour un traitement curatif\u00a0\u00bb, assure le Crous.<\/p>\n<p>Des \u00e9tudiants qui s\u2019en accommodent<\/p>\n<p class=\" wall-content\">\u00ab\u00a0On nous dit de juste nettoyer et qu\u2019on n\u2019en aura pas. On a juste pos\u00e9 les affaires et pay\u00e9 un <strong>loyer de 292\u20ac<\/strong> pour avoir une chambre inhabitable.\u00a0\u00bb Si Ma\u00eblle cherche \u00e0 d\u00e9m\u00e9nager, d\u2019autres \u00e9tudiants rencontr\u00e9s sur place n\u2019ont pas d\u2019autre choix que de s\u2019en accommoder.<\/p>\n<p>    <img   decoding=\"async\" loading=\"lazy\" src=\"https:\/\/www.europesays.com\/fr\/wp-content\/uploads\/2025\/09\/crous-lyon-punaises-de-lit-avis-de-passage-960x640.jpg\" alt=\"Le Crous a mandat\u00e9 une premi\u00e8re intervention anti-punaises de lit et cafards une semaine apr\u00e8s l'emm\u00e9nagement.\" width=\"960\" height=\"640\"\/><br \/>\n    Le Crous a mandat\u00e9 une premi\u00e8re intervention anti-punaises de lit et cafards une semaine apr\u00e8s l\u2019emm\u00e9nagement. (\u00a9Th\u00e9o Zuili \/ actu Lyon)<\/p>\n<p class=\" wall-content\">Tout le parc du Crous n\u2019est pas concern\u00e9 : \u00ab\u00a0Je vis \u00e0 c\u00f4t\u00e9 <strong>dans un b\u00e2timent r\u00e9nov\u00e9<\/strong> r\u00e9cemment et c\u2019est nickel\u00a0\u00bb, indique un jeune. Le Crous fait \u00e9tat \u00ab\u00a0d\u2019un taux d\u2019infestation de 2,3% en octobre 2023, ramen\u00e9 \u00e0 1% en avril 2024 puis 0,8% en mars 2025\u00a0\u00bb.<\/p>\n<p class=\" wall-content\">Impossible pourtant de proposer des relogements, avec un taux d\u2019occupation \u00e0 100% \u00e0 la rentr\u00e9e. \u00ab\u00a0Les b\u00e2timents plus r\u00e9cents sont effectivement moins impact\u00e9s par les infestations, mais ne sont<strong> pas pour autant \u00e9pargn\u00e9s<\/strong>. Nous regrettons cette situation et nous mettons tout en \u0153uvre pour y rem\u00e9dier avec les moyens disponibles sur le march\u00e9. Le Crous de Lyon poursuit en parall\u00e8le sa politique de r\u00e9habilitation des r\u00e9sidences les plus anciennes et de construction de nouveaux logements.\u00a0\u00bb<\/p>\n<p class=\" wall-content\">Personnalisez votre actualit\u00e9 en ajoutant vos villes et m\u00e9dias en favori avec <a href=\"https:\/\/moncompte.actu.fr\" title=\"D\u00e9couvez Mon Actu\" rel=\"nofollow noopener\" data-trk=\"{&quot;cta&quot;:{&quot;action&quot;:&quot;https:\\\/\\\/moncompte.actu.fr&quot;,&quot;category&quot;:&quot;mon compte&quot;,&quot;from&quot;:&quot;article footer&quot;,&quot;name&quot;:&quot;Mon actu&quot;,&quot;type&quot;:&quot;cta&quot;}}\" target=\"_blank\">Mon Actu<\/a>.<\/p>\n","protected":false},"excerpt":{"rendered":"Par Th\u00e9o Zuili Publi\u00e9 le 12 sept. 2025 \u00e0 11h14 Ma\u00eblle, \u00e9tudiante originaire de Montpellier venue entamer ses&hellip;\n","protected":false},"author":2,"featured_media":384977,"comment_status":"","ping_status":"","sticky":false,"template":"","format":"standard","meta":{"footnotes":""},"categories":[1889],"tags":[1111,11,2430,1064,1777,674,1011,27,1908,6459,2428,12,25,104],"class_list":{"0":"post-384976","1":"post","2":"type-post","3":"status-publish","4":"format-standard","5":"has-post-thumbnail","7":"category-lyon","8":"tag-actu","9":"tag-actualites","10":"tag-auvergne-rhone-alpes","11":"tag-etudiantses","12":"tag-eu","13":"tag-europe","14":"tag-fr","15":"tag-france","16":"tag-logement","17":"tag-logements-sociaux","18":"tag-lyon","19":"tag-news","20":"tag-republique-francaise","21":"tag-societe"},"share_on_mastodon":{"url":"https:\/\/pubeurope.com\/@fr\/115190665707699219","error":""},"_links":{"self":[{"href":"https:\/\/www.europesays.com\/fr\/wp-json\/wp\/v2\/posts\/384976","targetHints":{"allow":["GET"]}}],"collection":[{"href":"https:\/\/www.europesays.com\/fr\/wp-json\/wp\/v2\/posts"}],"about":[{"href":"https:\/\/www.europesays.com\/fr\/wp-json\/wp\/v2\/types\/post"}],"author":[{"embeddable":true,"href":"https:\/\/www.europesays.com\/fr\/wp-json\/wp\/v2\/users\/2"}],"replies":[{"embeddable":true,"href":"https:\/\/www.europesays.com\/fr\/wp-json\/wp\/v2\/comments?post=384976"}],"version-history":[{"count":0,"href":"https:\/\/www.europesays.com\/fr\/wp-json\/wp\/v2\/posts\/384976\/revisions"}],"wp:featuredmedia":[{"embeddable":true,"href":"https:\/\/www.europesays.com\/fr\/wp-json\/wp\/v2\/media\/384977"}],"wp:attachment":[{"href":"https:\/\/www.europesays.com\/fr\/wp-json\/wp\/v2\/media?parent=384976"}],"wp:term":[{"taxonomy":"category","embeddable":true,"href":"https:\/\/www.europesays.com\/fr\/wp-json\/wp\/v2\/categories?post=384976"},{"taxonomy":"post_tag","embeddable":true,"href":"https:\/\/www.europesays.com\/fr\/wp-json\/wp\/v2\/tags?post=384976"}],"curies":[{"name":"wp","href":"https:\/\/api.w.org\/{rel}","templated":true}]}}