{"id":384982,"date":"2025-09-12T09:43:19","date_gmt":"2025-09-12T09:43:19","guid":{"rendered":"https:\/\/www.europesays.com\/fr\/384982\/"},"modified":"2025-09-12T09:43:19","modified_gmt":"2025-09-12T09:43:19","slug":"neuf-dossiers-geres-par-le-parquet-de-paris-depuis-octobre-2023-selon-la-procureure","status":"publish","type":"post","link":"https:\/\/www.europesays.com\/fr\/384982\/","title":{"rendered":"neuf dossiers g\u00e9r\u00e9s par le parquet de Paris depuis octobre 2023, selon la procureure"},"content":{"rendered":"<p class=\"mb-4 text-lg md:leading-8 break-words\">Neuf dossiers li\u00e9s \u00e0 des suppos\u00e9es ing\u00e9rences \u00e9trang\u00e8res, des \u00ab\u00a0mains rouges\u00a0\u00bb aux \u00e9toiles de David tagu\u00e9es, en passant par les t\u00eates de cochon d\u00e9pos\u00e9es devant des mosqu\u00e9es, sont g\u00e9r\u00e9s depuis octobre 2023 par le parquet de Paris, a indiqu\u00e9 vendredi la procureure Laure Beccuau.<\/p>\n<p class=\"mb-4 text-lg md:leading-8 break-words\">L&rsquo;ing\u00e9rence \u00e9trang\u00e8re est \u00ab\u00a0une chose que nous devons prendre en compte et que nous prenons en compte, puisque pour faire un bilan de ce type d&rsquo;agissements qui ont eu lieu sur la place parisienne depuis octobre 2023, nous en sommes \u00e0 neuf dossiers\u00a0\u00bb, a-t-elle expliqu\u00e9 sur BFMTV.<\/p>\n<p class=\"mb-4 text-lg md:leading-8 break-words\">Elle a pr\u00e9cis\u00e9 qu&rsquo;il s&rsquo;agissait de dossiers \u00ab\u00a0sur Paris et sur la r\u00e9gion parisienne, puisqu&rsquo;un certain nombre de dossiers ont \u00e9t\u00e9 pris par des tribunaux p\u00e9riph\u00e9riques\u00a0\u00bb qui se sont ensuite \u00ab\u00a0dessaisis en raison des liens qu&rsquo;il y avait avec nos propres dossiers parisiens\u00a0\u00bb.<\/p>\n<p class=\"mb-4 text-lg md:leading-8 break-words\">\u00ab\u00a0\u00c7a a commenc\u00e9 par les \u00e9toiles de David bleues, puis ensuite \u00e7a a \u00e9t\u00e9 les +mains rouges+, puis des jets de peinture verte, puis les pochoirs qui \u00e9taient li\u00e9s\u00a0\u00bb aux Mirage en Ukraine, \u00ab\u00a0puisque c&rsquo;\u00e9taient des cercueils avec des ailes ou c&rsquo;\u00e9tait +vive le soldat fran\u00e7ais mort en Ukraine+\u00a0\u00bb, a-t-elle d\u00e9taill\u00e9.<\/p>\n<p class=\"mb-4 text-lg md:leading-8 break-words\">Il y a eu aussi \u00ab\u00a0des cercueils qui ont \u00e9t\u00e9 d\u00e9pos\u00e9s sur l&rsquo;Arc de triomphe\u00a0\u00bb, et plus r\u00e9cemment des affiches &#8211; pr\u00e9sentant l&rsquo;image d&rsquo;un soldat russe et la mention \u00ab\u00a0Dis merci au soldat sovi\u00e9tique vainqueur\u00a0\u00bb &#8211; au m\u00eame endroit, puis les t\u00eates de cochon d\u00e9pos\u00e9es devant des mosqu\u00e9es, a encore expliqu\u00e9 Mme Beccuau.<\/p>\n<p class=\"mb-4 text-lg md:leading-8 break-words\">\u00ab\u00a0Certains commanditaires sont identifi\u00e9s (&#8230;) donc nous arrivons tout \u00e0 fait \u00e0 pouvoir \u00eatre convaincus que ces faits sont des op\u00e9rations d&rsquo;ing\u00e9rence\u00a0\u00bb, a affirm\u00e9 la procureure de Paris.<\/p>\n<p class=\"mb-4 text-lg md:leading-8 break-words\">\u00ab\u00a0Pourquoi ? Parce qu&rsquo;ils ont, dans le mode op\u00e9ratoire, des attitudes similaires. Ce sont des gens d&rsquo;origine \u00e9trang\u00e8re qui arrivent\u00a0\u00bb d&rsquo;Europe de l&rsquo;Est, \u00ab\u00a0qui viennent dans un temps tr\u00e8s court sur le territoire fran\u00e7ais pour perp\u00e9trer leurs agissements\u00a0\u00bb, a-t-elle relat\u00e9.<\/p>\n<p class=\"mb-4 text-lg md:leading-8 break-words\">\u00ab\u00a0Certaines fois, ils prennent en photo ce qu&rsquo;ils ont fait, et envoient les photos au-del\u00e0 des fronti\u00e8res \u00e0 des commanditaires\u00a0\u00bb, a ajout\u00e9 la procureure.<\/p>\n<p class=\"mb-4 text-lg md:leading-8 break-words\">Elle a pr\u00e9cis\u00e9 qu&rsquo;\u00e0 l&rsquo;exception des deux derniers dossiers, les plus r\u00e9cents, o\u00f9 les enqu\u00eates sont en cours, \u00ab\u00a0nous avons identifi\u00e9 les responsables de ces faits\u00a0\u00bb, a-t-elle dit.<\/p>\n<p class=\"mb-4 text-lg md:leading-8 break-words\">\u00ab\u00a0Nombre d&rsquo;entre eux ont \u00e9t\u00e9 plac\u00e9s en d\u00e9tention. Certains ont m\u00eame \u00e9t\u00e9 extrad\u00e9s gr\u00e2ce \u00e0 une coop\u00e9ration internationale. Et donc, nous identifions ces gens, et nous savons, eux-m\u00eames, parce qu&rsquo;ils le disent, qu&rsquo;ils ont des commanditaires\u00a0\u00bb, a-t-elle soulign\u00e9.<\/p>\n<p class=\"mb-4 text-lg md:leading-8 break-words\">cco\/bfa\/pta<\/p>\n","protected":false},"excerpt":{"rendered":"Neuf dossiers li\u00e9s \u00e0 des suppos\u00e9es ing\u00e9rences \u00e9trang\u00e8res, des \u00ab\u00a0mains rouges\u00a0\u00bb aux \u00e9toiles de David tagu\u00e9es, en passant&hellip;\n","protected":false},"author":2,"featured_media":384983,"comment_status":"","ping_status":"","sticky":false,"template":"","format":"standard","meta":{"footnotes":""},"categories":[1888],"tags":[1111,1928,11,1927,1153,11821,1777,674,1011,27,38986,12,1926,626,1925,25,51125],"class_list":{"0":"post-384982","1":"post","2":"type-post","3":"status-publish","4":"format-standard","5":"has-post-thumbnail","7":"category-paris","8":"tag-actu","9":"tag-actu-paris","10":"tag-actualites","11":"tag-actualites-paris","12":"tag-conference-de-presse","13":"tag-dossiers","14":"tag-eu","15":"tag-europe","16":"tag-fr","17":"tag-france","18":"tag-larc-de-triomphe","19":"tag-news","20":"tag-news-paris","21":"tag-paris","22":"tag-paris-news","23":"tag-republique-francaise","24":"tag-tetes-de-cochon"},"share_on_mastodon":{"url":"https:\/\/pubeurope.com\/@fr\/115190681044994157","error":""},"_links":{"self":[{"href":"https:\/\/www.europesays.com\/fr\/wp-json\/wp\/v2\/posts\/384982","targetHints":{"allow":["GET"]}}],"collection":[{"href":"https:\/\/www.europesays.com\/fr\/wp-json\/wp\/v2\/posts"}],"about":[{"href":"https:\/\/www.europesays.com\/fr\/wp-json\/wp\/v2\/types\/post"}],"author":[{"embeddable":true,"href":"https:\/\/www.europesays.com\/fr\/wp-json\/wp\/v2\/users\/2"}],"replies":[{"embeddable":true,"href":"https:\/\/www.europesays.com\/fr\/wp-json\/wp\/v2\/comments?post=384982"}],"version-history":[{"count":0,"href":"https:\/\/www.europesays.com\/fr\/wp-json\/wp\/v2\/posts\/384982\/revisions"}],"wp:featuredmedia":[{"embeddable":true,"href":"https:\/\/www.europesays.com\/fr\/wp-json\/wp\/v2\/media\/384983"}],"wp:attachment":[{"href":"https:\/\/www.europesays.com\/fr\/wp-json\/wp\/v2\/media?parent=384982"}],"wp:term":[{"taxonomy":"category","embeddable":true,"href":"https:\/\/www.europesays.com\/fr\/wp-json\/wp\/v2\/categories?post=384982"},{"taxonomy":"post_tag","embeddable":true,"href":"https:\/\/www.europesays.com\/fr\/wp-json\/wp\/v2\/tags?post=384982"}],"curies":[{"name":"wp","href":"https:\/\/api.w.org\/{rel}","templated":true}]}}