{"id":384986,"date":"2025-09-12T09:45:10","date_gmt":"2025-09-12T09:45:10","guid":{"rendered":"https:\/\/www.europesays.com\/fr\/384986\/"},"modified":"2025-09-12T09:45:10","modified_gmt":"2025-09-12T09:45:10","slug":"la-ligne-paris-lyon-paralysee-grosse-pagaille-en-cours-a-la-gare-lyon-part-dieu","status":"publish","type":"post","link":"https:\/\/www.europesays.com\/fr\/384986\/","title":{"rendered":"la ligne Paris-Lyon paralys\u00e9e, grosse pagaille en cours \u00e0 la gare Lyon Part-Dieu"},"content":{"rendered":"<p>            Par<br \/>\n        <strong><br \/>\n            <a href=\"https:\/\/actu.fr\/auteur\/redaction-lyon\" title=\"Consulter tous les articles de R\u00e9daction Lyon\" target=\"_blank\" rel=\"noopener\">R\u00e9daction Lyon<\/a><br \/>\n        <\/strong><\/p>\n<p>        Publi\u00e9 le<\/p>\n<p>            12 sept. 2025 \u00e0 11h39        <\/p>\n<p>Une pagaille importante \u00e0 la <a href=\"https:\/\/actu.fr\/tag\/lyon-part-dieu\" target=\"_blank\" rel=\"noopener\">gare de Lyon Part-Dieu<\/a> pour le <strong>trafic entre Lyon et Paris<\/strong> mais aussi le <strong>sud de la France<\/strong> ce vendredi 12 septembre 2025 en raison d\u2019un <strong>vol de c\u00e2bles<\/strong> survenu sur la ligne au niveau de la gare du Creusot, en Sa\u00f4ne-et-Loire.<\/p>\n<p class=\" wall-content\">Selon la SNCF, il s\u2019agit d\u2019un <strong>acte de malveillance<\/strong> qui a entra\u00een\u00e9 une panne de signalisation en raison des vols de c\u00e2bles.\u00a0<\/p>\n<p>Un vol de c\u00e2bles en Sa\u00f4ne-et-Loire provoque la pagaille<\/p>\n<p class=\" wall-content\">Le trafic est tr\u00e8s perturb\u00e9 \u00e0 la <a href=\"https:\/\/actu.fr\/ile-de-france\/paris_75056\/sncf-fortes-perturbations-sur-la-ligne-paris-lyon-des-trains-detournes-et-des-heures-de-retard_63152513.html\" target=\"_blank\" rel=\"noopener\">gare de Lyon \u00e0 Paris<\/a>, mais aussi \u00e0 la Part-Dieu \u00e0 destination et depuis la capitale ainsi que vers le sud de la France, notamment Marseille ou Montpellier.<\/p>\n<p class=\" wall-content\">La SNCF annonce \u00e0 11h30 un retard de 1h50 \u00e0 la gare de Lyon Part-Dieu pour un train arrivant de Paris, 50 minutes pour un train depuis Lille et Bruxelles, 25 minutes depuis Montpellier Sud de France, 30 minutes depuis Rennes.\u00a0<\/p>\n<p>Des pertes de temps de 20 minutes \u00e0 2 heures<\/p>\n<p class=\" wall-content\">Un train affichait plus de 2 heures de retard pour Paris, 2h30 pour Lyon Perrache, 50 minutes d\u2019attente suppl\u00e9mentaire pour Marseille Saint-Charles et 30 minutes pour un autre train vers la m\u00eame gare, 40 minutes pour Montpellier.<\/p>\n<p class=\" wall-content\">D\u2019autres trains affichant comme destination Paris sont pour l\u2019instant \u00e0 l\u2019heure, mais les retards pourraient s\u2019accumuler, la SNCF annon\u00e7ant un retour \u00e0 la normale pour la fin de journ\u00e9e seulement.<\/p>\n<p class=\" wall-content\">SNCF R\u00e9seau pr\u00e9cise que certains trains sont d\u00e9tourn\u00e9s vers la ligne classique moins rapide ou ralentissent sur la LGV Sud-Est. Des pertes de temps de 20 minutes \u00e0 2 heures sont annonc\u00e9es par l\u2019op\u00e9rateur.<\/p>\n<p>Votre r\u00e9gion, votre actu !<\/p>\n<p>Recevez chaque jour les infos qui comptent pour vous.<\/p>\n<p>\t<a href=\"https:\/\/actu.fr\/newsletter\" class=\"ac-btn ac-btn--corner ac-btn--medium ac-btn--blue800\" target=\"_blank\" rel=\"noopener\">S&rsquo;incrire<\/a><\/p>\n<p class=\" wall-content\">En gare de Lyon Part-Dieu, de nombreux passagers attendent dans les halls devant des \u00e9crans qui affichent des \u00ab\u00a0flash circulation\u00a0\u00bb.\u00a0<\/p>\n<p class=\" wall-content\">Des travaux urgents sont annonc\u00e9s toute la journ\u00e9e avec un <strong>retour \u00e0 la normale esp\u00e9r\u00e9 vers 21h.<\/strong><\/p>\n<p class=\" wall-content\">Personnalisez votre actualit\u00e9 en ajoutant vos villes et m\u00e9dias en favori avec <a href=\"https:\/\/moncompte.actu.fr\" title=\"D\u00e9couvez Mon Actu\" rel=\"nofollow noopener\" data-trk=\"{&quot;cta&quot;:{&quot;action&quot;:&quot;https:\\\/\\\/moncompte.actu.fr&quot;,&quot;category&quot;:&quot;mon compte&quot;,&quot;from&quot;:&quot;article footer&quot;,&quot;name&quot;:&quot;Mon actu&quot;,&quot;type&quot;:&quot;cta&quot;}}\" target=\"_blank\">Mon Actu<\/a>.<\/p>\n","protected":false},"excerpt":{"rendered":"Par R\u00e9daction Lyon Publi\u00e9 le 12 sept. 2025 \u00e0 11h39 Une pagaille importante \u00e0 la gare de Lyon&hellip;\n","protected":false},"author":2,"featured_media":384987,"comment_status":"","ping_status":"","sticky":false,"template":"","format":"standard","meta":{"footnotes":""},"categories":[1888],"tags":[11,1777,674,1011,27,6178,12,626,25,2215,104],"class_list":{"0":"post-384986","1":"post","2":"type-post","3":"status-publish","4":"format-standard","5":"has-post-thumbnail","7":"category-paris","8":"tag-actualites","9":"tag-eu","10":"tag-europe","11":"tag-fr","12":"tag-france","13":"tag-lyon-part-dieu","14":"tag-news","15":"tag-paris","16":"tag-republique-francaise","17":"tag-sncf","18":"tag-societe"},"share_on_mastodon":{"url":"https:\/\/pubeurope.com\/@fr\/115190688868184285","error":""},"_links":{"self":[{"href":"https:\/\/www.europesays.com\/fr\/wp-json\/wp\/v2\/posts\/384986","targetHints":{"allow":["GET"]}}],"collection":[{"href":"https:\/\/www.europesays.com\/fr\/wp-json\/wp\/v2\/posts"}],"about":[{"href":"https:\/\/www.europesays.com\/fr\/wp-json\/wp\/v2\/types\/post"}],"author":[{"embeddable":true,"href":"https:\/\/www.europesays.com\/fr\/wp-json\/wp\/v2\/users\/2"}],"replies":[{"embeddable":true,"href":"https:\/\/www.europesays.com\/fr\/wp-json\/wp\/v2\/comments?post=384986"}],"version-history":[{"count":0,"href":"https:\/\/www.europesays.com\/fr\/wp-json\/wp\/v2\/posts\/384986\/revisions"}],"wp:featuredmedia":[{"embeddable":true,"href":"https:\/\/www.europesays.com\/fr\/wp-json\/wp\/v2\/media\/384987"}],"wp:attachment":[{"href":"https:\/\/www.europesays.com\/fr\/wp-json\/wp\/v2\/media?parent=384986"}],"wp:term":[{"taxonomy":"category","embeddable":true,"href":"https:\/\/www.europesays.com\/fr\/wp-json\/wp\/v2\/categories?post=384986"},{"taxonomy":"post_tag","embeddable":true,"href":"https:\/\/www.europesays.com\/fr\/wp-json\/wp\/v2\/tags?post=384986"}],"curies":[{"name":"wp","href":"https:\/\/api.w.org\/{rel}","templated":true}]}}