{"id":384996,"date":"2025-09-12T09:50:18","date_gmt":"2025-09-12T09:50:18","guid":{"rendered":"https:\/\/www.europesays.com\/fr\/384996\/"},"modified":"2025-09-12T09:50:18","modified_gmt":"2025-09-12T09:50:18","slug":"allemagne-renforce-la-frontiere-de-lotan-apres-lapparition-de-drones-russes-en-pologne-business-am","status":"publish","type":"post","link":"https:\/\/www.europesays.com\/fr\/384996\/","title":{"rendered":"Allemagne renforce la fronti\u00e8re de l&rsquo;OTAN apr\u00e8s l&rsquo;apparition de drones russes en Pologne &#8211; Business AM"},"content":{"rendered":"<p>                    <img decoding=\"async\" style=\"aspect-ratio:16\/9\" src=\"https:\/\/www.europesays.com\/fr\/wp-content\/uploads\/2025\/09\/1757670617_834_Friedrich-Merz-Duitsland-2025-1.jpg\" width=\"100%\" loading=\"eager\"\/><\/p>\n<p>                            <a href=\"https:\/\/fr.businessam.be\/author\/redactie\/\" class=\"author-thumbnail\" style=\"border: 2px inset #00000099;\" target=\"_blank\" rel=\"noopener\"><img loading=\"lazy\" decoding=\"async\" src=\"https:\/\/www.europesays.com\/fr\/wp-content\/uploads\/2025\/09\/1757670618_518_cropped-favicon-192x192.png\" width=\"80\" height=\"80\" alt=\"Business AM\"\/><\/a>\ue05bpar <a href=\"https:\/\/fr.businessam.be\/author\/redactie\/\" target=\"_blank\" rel=\"noopener\">Business AM<\/a><br \/>\ue010publi\u00e9 le vendredi 12 septembre 2025 \u00e0 10:01 \u2022 <br \/>\ue00c2 min de lecture<\/p>\n<p>Principaux renseignements<\/p>\n<ul class=\"wp-block-list\">\n<li><strong>L\u2019Allemagne intensifie ses efforts pour prot\u00e9ger la fronti\u00e8re orientale de l\u2019OTAN \u00e0 la suite des r\u00e9centes incursions de drones russes dans l\u2019espace a\u00e9rien polonais.<\/strong><\/li>\n<li><strong>Le chancelier Friedrich Merz a condamn\u00e9 ces incidents, les qualifiant de \u00ab\u00a0grave menace pour la paix en Europe\u00a0\u00bb et soulignant une \u00ab\u00a0nouvelle qualit\u00e9 d\u2019attaques\u00a0\u00bb de la part de la Russie.<\/strong><\/li>\n<li><strong>Le nombre d\u2019avions de combat Eurofighter Typhoon bas\u00e9s \u00e0 Rostock-Laage va doubler, passant de deux \u00e0 quatre.<\/strong><\/li>\n<\/ul>\n<p>L\u2019Allemagne intensifie ses efforts pour prot\u00e9ger la fronti\u00e8re orientale de l\u2019OTAN \u00e0 la suite des r\u00e9centes incursions de <a href=\"https:\/\/fr.businessam.be\/pologne-et-otan-condamnent-lattaque-de-drones-russes-comme-une-grave-provocation\/\" target=\"_blank\" rel=\"noopener\">drones russes dans l\u2019espace a\u00e9rien polonais<\/a>.<\/p>\n<p>Le chancelier <a href=\"https:\/\/fr.businessam.be\/le-ralentissement-economique-de-lallemagne-le-plan-de-500-milliards-deuros-de-merz-echoue-t-il\/\" target=\"_blank\" rel=\"noopener\">Friedrich Merz<\/a> a condamn\u00e9 ces incidents, les qualifiant de \u00ab\u00a0grave menace pour la paix en Europe\u00a0\u00bb et soulignant une \u00ab\u00a0nouvelle qualit\u00e9 d\u2019attaques\u00a0\u00bb de la part de la Russie. Tout en reconnaissant l\u2019efficacit\u00e9 du syst\u00e8me de d\u00e9fense a\u00e9rienne de l\u2019OTAN, il a soulign\u00e9 qu\u2019il n\u2019avait pas donn\u00e9 les r\u00e9sultats escompt\u00e9s. Cette situation devrait susciter des discussions au sein de l\u2019OTAN et de l\u2019Union europ\u00e9enne.<\/p>\n<p>Renforcer pr\u00e9sence militaire<\/p>\n<p>En r\u00e9ponse, l\u2019Allemagne renforcera sa pr\u00e9sence militaire en Pologne. Le nombre de jets Eurofighter Typhoon d\u00e9ploy\u00e9s depuis Rostock-Laage sera doubl\u00e9, passant de deux \u00e0 quatre. La mission, initialement pr\u00e9vue jusqu\u2019au 30 septembre, s\u2019\u00e9tendra d\u00e9sormais jusqu\u2019au 31 d\u00e9cembre. <\/p>\n<p>Le porte-parole du gouvernement, Stefan Kornelius, a confirm\u00e9 ces mesures et a d\u00e9clar\u00e9 que l\u2019Allemagne renforcerait \u00e9galement son soutien \u00e0 l\u2019Ukraine, bien qu\u2019il n\u2019ait donn\u00e9 aucun d\u00e9tail sp\u00e9cifique. En outre, l\u2019Allemagne entend acc\u00e9l\u00e9rer l\u2019approbation d\u2019un \u00ab\u00a0solide 19e paquet de sanctions\u00a0\u00bb au sein de l\u2019UE afin de renforcer la pression sur la Russie. (fc)<\/p>\n","protected":false},"excerpt":{"rendered":"\ue05bpar Business AM\ue010publi\u00e9 le vendredi 12 septembre 2025 \u00e0 10:01 \u2022 \ue00c2 min de lecture Principaux renseignements L\u2019Allemagne&hellip;\n","protected":false},"author":2,"featured_media":366490,"comment_status":"","ping_status":"","sticky":false,"template":"","format":"standard","meta":{"footnotes":""},"categories":[1587],"tags":[11,672,1804,1805,1803,1777,674,1801,25683,12,2437,1802,132],"class_list":{"0":"post-384996","1":"post","2":"type-post","3":"status-publish","4":"format-standard","5":"has-post-thumbnail","7":"category-allemagne","8":"tag-actualites","9":"tag-allemagne","10":"tag-bundesrepublik-deutschland","11":"tag-de","12":"tag-deutschland","13":"tag-eu","14":"tag-europe","15":"tag-germany","16":"tag-lotan","17":"tag-news","18":"tag-pologne","19":"tag-republique-federale-dallemagne","20":"tag-russie"},"share_on_mastodon":{"url":"https:\/\/pubeurope.com\/@fr\/115190709000224897","error":""},"_links":{"self":[{"href":"https:\/\/www.europesays.com\/fr\/wp-json\/wp\/v2\/posts\/384996","targetHints":{"allow":["GET"]}}],"collection":[{"href":"https:\/\/www.europesays.com\/fr\/wp-json\/wp\/v2\/posts"}],"about":[{"href":"https:\/\/www.europesays.com\/fr\/wp-json\/wp\/v2\/types\/post"}],"author":[{"embeddable":true,"href":"https:\/\/www.europesays.com\/fr\/wp-json\/wp\/v2\/users\/2"}],"replies":[{"embeddable":true,"href":"https:\/\/www.europesays.com\/fr\/wp-json\/wp\/v2\/comments?post=384996"}],"version-history":[{"count":0,"href":"https:\/\/www.europesays.com\/fr\/wp-json\/wp\/v2\/posts\/384996\/revisions"}],"wp:featuredmedia":[{"embeddable":true,"href":"https:\/\/www.europesays.com\/fr\/wp-json\/wp\/v2\/media\/366490"}],"wp:attachment":[{"href":"https:\/\/www.europesays.com\/fr\/wp-json\/wp\/v2\/media?parent=384996"}],"wp:term":[{"taxonomy":"category","embeddable":true,"href":"https:\/\/www.europesays.com\/fr\/wp-json\/wp\/v2\/categories?post=384996"},{"taxonomy":"post_tag","embeddable":true,"href":"https:\/\/www.europesays.com\/fr\/wp-json\/wp\/v2\/tags?post=384996"}],"curies":[{"name":"wp","href":"https:\/\/api.w.org\/{rel}","templated":true}]}}