{"id":385011,"date":"2025-09-12T09:59:12","date_gmt":"2025-09-12T09:59:12","guid":{"rendered":"https:\/\/www.europesays.com\/fr\/385011\/"},"modified":"2025-09-12T09:59:12","modified_gmt":"2025-09-12T09:59:12","slug":"atp-cobolli-veut-devenir-le-3eme-homme-sinner-et-alcaraz-sefforcent-de-progresser-chaque-jour-et-me-motivent-a-progresser-cela-semble-impossible-a-atteindre-mais-jy-travaille","status":"publish","type":"post","link":"https:\/\/www.europesays.com\/fr\/385011\/","title":{"rendered":"ATP > Cobolli veut devenir le 3\u00e8me homme : \u00ab\u00a0Sinner et Alcaraz s&rsquo;efforcent de progresser chaque jour et me motivent \u00e0 progresser\u00a0. Cela semble impossible \u00e0 atteindre, mais j&rsquo;y travaille\u00a0\u00bb"},"content":{"rendered":"<p>Dans une inter\u00adview accord\u00e9 \u00e0 <strong>Il Giornale <\/strong>et relay\u00e9 par <strong>Ubitennis<\/strong>, le jeune italien se voit pousser des\u00a0ailes.\u00a0<\/p>\n<p>Flavio a de l\u2019am\u00adbi\u00adtion et il le fait savoir.\u00a0<\/p>\n<p>R\u00e9cent quart de fina\u00adliste \u00e0 Wimbledon, 25\u00e8me mondial, l\u2019Italien poss\u00e8de une vraie marge de progres\u00adsion mais il a aussi prouv\u00e9 qu\u2019il avait un r\u00e9el potentiel.\u00a0<\/p>\n<p>Comme son idole est Novak Djokovic, il est \u00e9vident qu\u2019il aime\u00adrait avoir la m\u00eame trajec\u00adtoire que le Serbe qui est devenu le 3\u00e8me homme face \u00e0 Nadal et Federer avant de les d\u00e9passer.\u00a0<\/p>\n<p>Avant de penser \u00e0 cette trajec\u00adtoire id\u00e9ale, il esp\u00e8re d\u00e9j\u00e0 devenir un des rivaux du duo magique.<\/p>\n<p>\u00ab\u202f<strong>On assiste \u00e0 une dualit\u00e9 spec\u00adta\u00adcu\u00adlaire et lors de leurs confron\u00adta\u00adtions on peut observer des chan\u00adge\u00adments tactiques incroyables car ils ont des jeux complets et ils savent s\u2019adapter \u00e0 n\u2019im\u00adporte quelle situa\u00adtion, c\u2019est aussi ce que je veux am\u00e9liorer en maitri\u00adsant plus le slice, en \u00e9tant plus r\u00e9gu\u00adlier au service. Sinner et Alcaraz s\u2019ef\u00adforcent de progresser chaque jour et me motivent \u00e0 progresser\u00a0. Cela semble impos\u00adsible \u00e0 atteindre, mais j\u2019y travaille\u00a0.\u00a0\u00bb<\/strong><\/p>\n<p class=\"post-published-date\" style=\"color: silver; font-size: 75%; text-align: left;\">Publi\u00e9 le vendredi 12 septembre 2025 \u00e0 10:45<\/p>\n","protected":false},"excerpt":{"rendered":"Dans une inter\u00adview accord\u00e9 \u00e0 Il Giornale et relay\u00e9 par Ubitennis, le jeune italien se voit pousser des\u00a0ailes.\u00a0&hellip;\n","protected":false},"author":2,"featured_media":241822,"comment_status":"","ping_status":"","sticky":false,"template":"","format":"standard","meta":{"footnotes":""},"categories":[1415],"tags":[1744,105,2199,1011,27,1960,2127,60,1467],"class_list":{"0":"post-385011","1":"post","2":"type-post","3":"status-publish","4":"format-standard","5":"has-post-thumbnail","7":"category-tennis","8":"tag-alcaraz","9":"tag-djokovic","10":"tag-federer","11":"tag-fr","12":"tag-france","13":"tag-nadal","14":"tag-sinner","15":"tag-sports","16":"tag-tennis"},"share_on_mastodon":{"url":"https:\/\/pubeurope.com\/@fr\/115190743879684707","error":""},"_links":{"self":[{"href":"https:\/\/www.europesays.com\/fr\/wp-json\/wp\/v2\/posts\/385011","targetHints":{"allow":["GET"]}}],"collection":[{"href":"https:\/\/www.europesays.com\/fr\/wp-json\/wp\/v2\/posts"}],"about":[{"href":"https:\/\/www.europesays.com\/fr\/wp-json\/wp\/v2\/types\/post"}],"author":[{"embeddable":true,"href":"https:\/\/www.europesays.com\/fr\/wp-json\/wp\/v2\/users\/2"}],"replies":[{"embeddable":true,"href":"https:\/\/www.europesays.com\/fr\/wp-json\/wp\/v2\/comments?post=385011"}],"version-history":[{"count":0,"href":"https:\/\/www.europesays.com\/fr\/wp-json\/wp\/v2\/posts\/385011\/revisions"}],"wp:featuredmedia":[{"embeddable":true,"href":"https:\/\/www.europesays.com\/fr\/wp-json\/wp\/v2\/media\/241822"}],"wp:attachment":[{"href":"https:\/\/www.europesays.com\/fr\/wp-json\/wp\/v2\/media?parent=385011"}],"wp:term":[{"taxonomy":"category","embeddable":true,"href":"https:\/\/www.europesays.com\/fr\/wp-json\/wp\/v2\/categories?post=385011"},{"taxonomy":"post_tag","embeddable":true,"href":"https:\/\/www.europesays.com\/fr\/wp-json\/wp\/v2\/tags?post=385011"}],"curies":[{"name":"wp","href":"https:\/\/api.w.org\/{rel}","templated":true}]}}