{"id":385021,"date":"2025-09-12T10:06:13","date_gmt":"2025-09-12T10:06:13","guid":{"rendered":"https:\/\/www.europesays.com\/fr\/385021\/"},"modified":"2025-09-12T10:06:13","modified_gmt":"2025-09-12T10:06:13","slug":"pourquoi-jai-choisi-dacheter-mes-locaux","status":"publish","type":"post","link":"https:\/\/www.europesays.com\/fr\/385021\/","title":{"rendered":"\u00abPourquoi j\u2019ai choisi d\u2019acheter mes locaux\u00bb"},"content":{"rendered":"<p>Entrepreneuse individuelle dans le Gard, Fanny Jorda-Iniguez s\u2019est install\u00e9e dans un village, avec succ\u00e8s. Aujourd\u2019hui, pour une question de transmission, elle r\u00e9fl\u00e9chit \u00e0 cr\u00e9er une SCI.<\/p>\n<p class=\"fig-paragraph\">\u00c0 Saint-Siffret (Gard)\u00a0<\/p>\n<p>La pause m\u00e9ridienne est finie. Les premiers clients sortent, petit sac sous le bras, de l\u2019\u00e9picerie de Saint-Siffret, un village d\u2019un millier d\u2019habitants situ\u00e9 dans le Gard, entre\u00a0<a href=\"https:\/\/www.lefigaro.fr\/tag\/uzes\" target=\"_blank\" rel=\"nofollow noopener\" data-gtm-custom-categorie=\"navigation\" data-gtm-custom-action=\"crossclick\" data-gtm-custom-label=\"Contextuel\" data-gtm-event=\"customEventSPE\">Uz\u00e8s<\/a>\u00a0et le Pont-du-Gard. Install\u00e9 dans une grande b\u00e2tisse accueillant une association du troisi\u00e8me \u00e2ge, un cabinet m\u00e9dical, ce commerce est \u00e9galement le voisin de Fanny Jorda-Iniguez, artisan photographe qui occupe le premier \u00e9tage. \u00abJ\u2019ai achet\u00e9 ces locaux voil\u00e0 dix ans, cinq ann\u00e9es apr\u00e8s avoir cr\u00e9\u00e9 mon activit\u00e9, raconte-t-elle. Avant de me d\u00e9cider \u00e0 l\u2019\u00e2ge de 33 ans, j\u2019\u00e9tais salari\u00e9e, surveillante dans un coll\u00e8ge. Personne dans ma famille n\u2019avait jamais \u00e9t\u00e9 entrepreneur&#8230; Il me fallait un minimum de s\u00e9curit\u00e9. C\u2019est pourquoi j\u2019ai commenc\u00e9 en am\u00e9nageant le grenier de ma maison.\u00bb Tr\u00e8s vite, elle a souhait\u00e9 recevoir ses clients et ses prospects dans un cadre plus neutre et professionnel. \u00abC\u2019est une architecte, que j\u2019avais missionn\u00e9e \u00e0 l\u2019origine pour cr\u00e9er un studio sur mon terrain d\u2019habitation\u2026<\/p>\n<p class=\"fig-premium-paywall__infos\">\n        Cet article est r\u00e9serv\u00e9 aux abonn\u00e9s.        Il vous reste 77% \u00e0 d\u00e9couvrir.\n    <\/p>\n<p>                <img  data- alt=\"Le Figaro\" class=\"fig-img--complete fig-img\"\/><\/p>\n<p class=\"fig-premium-paywall__title\">Vous avez envie de lire la suite ?<\/p>\n<p class=\"fig-premium-paywall__subtitle\">D\u00e9bloquez tous les articles imm\u00e9diatement.<\/p>\n<p class=\"fig-premium-paywall__connect\">\n                D\u00e9j\u00e0 abonn\u00e9\u00a0?                <a class=\"fig-premium-paywall__connect-link\" href=\"https:\/\/connect.lefigaro.fr\/login?client=horizon_web&amp;type=main&amp;redirect_uri=https%3A%2F%2Fwww.lefigaro.fr%2Fentrepreneur%2Ffanny-jorda-iniguez-photographe-pourquoi-j-ai-choisi-d-acheter-mes-locaux-20250912\" data-js-gtm=\"{&quot;customCategorie&quot;: &quot;conversion&quot;, &quot;customAction&quot;: &quot;before_Landing_Connexion_paywall_auto&quot;, &quot;customLabel&quot;: &quot;bGVmaWdhcm8uZnJfXzFmMDdmMzkzLTQ1MmUtNjZjNC05ODM4LWI3OWI0YmRhMzg0ZF9fQXJ0aWNsZQ==_Fanny Jorda-Iniguez, photographe\u00a0: \u00abPourquoi j\u2019ai choisi d\u2019acheter mes locaux\u00bb_1000&quot;, &quot;customIDSPE&quot;: &quot;bGVmaWdhcm8uZnJfXzFmMDdmMzkzLTQ1MmUtNjZjNC05ODM4LWI3OWI0YmRhMzg0ZF9fQXJ0aWNsZQ==&quot;, &quot;event&quot;: &quot;customEventSPE&quot;}\" target=\"_blank\" rel=\"noopener\"><br \/>\n                    Connectez-vous<br \/>\n                <\/a>\n            <\/p>\n","protected":false},"excerpt":{"rendered":"Entrepreneuse individuelle dans le Gard, Fanny Jorda-Iniguez s\u2019est install\u00e9e dans un village, avec succ\u00e8s. Aujourd\u2019hui, pour une question&hellip;\n","protected":false},"author":2,"featured_media":385022,"comment_status":"","ping_status":"","sticky":false,"template":"","format":"standard","meta":{"footnotes":""},"categories":[1358],"tags":[1348,1384,1385,1386,58,59,2855,1011,27,20528],"class_list":{"0":"post-385021","1":"post","2":"type-post","3":"status-publish","4":"format-standard","5":"has-post-thumbnail","7":"category-arts-et-design","8":"tag-arts","9":"tag-arts-and-design","10":"tag-arts-et-design","11":"tag-design","12":"tag-divertissement","13":"tag-entertainment","14":"tag-entrepreneuriat","15":"tag-fr","16":"tag-france","17":"tag-photographe"},"share_on_mastodon":{"url":"https:\/\/pubeurope.com\/@fr\/115190771510724777","error":""},"_links":{"self":[{"href":"https:\/\/www.europesays.com\/fr\/wp-json\/wp\/v2\/posts\/385021","targetHints":{"allow":["GET"]}}],"collection":[{"href":"https:\/\/www.europesays.com\/fr\/wp-json\/wp\/v2\/posts"}],"about":[{"href":"https:\/\/www.europesays.com\/fr\/wp-json\/wp\/v2\/types\/post"}],"author":[{"embeddable":true,"href":"https:\/\/www.europesays.com\/fr\/wp-json\/wp\/v2\/users\/2"}],"replies":[{"embeddable":true,"href":"https:\/\/www.europesays.com\/fr\/wp-json\/wp\/v2\/comments?post=385021"}],"version-history":[{"count":0,"href":"https:\/\/www.europesays.com\/fr\/wp-json\/wp\/v2\/posts\/385021\/revisions"}],"wp:featuredmedia":[{"embeddable":true,"href":"https:\/\/www.europesays.com\/fr\/wp-json\/wp\/v2\/media\/385022"}],"wp:attachment":[{"href":"https:\/\/www.europesays.com\/fr\/wp-json\/wp\/v2\/media?parent=385021"}],"wp:term":[{"taxonomy":"category","embeddable":true,"href":"https:\/\/www.europesays.com\/fr\/wp-json\/wp\/v2\/categories?post=385021"},{"taxonomy":"post_tag","embeddable":true,"href":"https:\/\/www.europesays.com\/fr\/wp-json\/wp\/v2\/tags?post=385021"}],"curies":[{"name":"wp","href":"https:\/\/api.w.org\/{rel}","templated":true}]}}