{"id":385023,"date":"2025-09-12T10:07:10","date_gmt":"2025-09-12T10:07:10","guid":{"rendered":"https:\/\/www.europesays.com\/fr\/385023\/"},"modified":"2025-09-12T10:07:10","modified_gmt":"2025-09-12T10:07:10","slug":"isabelle-simler-en-son-pays-des-merveilles-liberation","status":"publish","type":"post","link":"https:\/\/www.europesays.com\/fr\/385023\/","title":{"rendered":"Isabelle Simler en son pays des merveilles \u2013 Lib\u00e9ration"},"content":{"rendered":"<p>Le livre sur la place<\/p>\n<p class=\"sc-cPiKLX sc-bJBgwP faNIPg dnqATq content-text-framed\" color=\"#1A1A1A\">Critiques, interviews, s\u00e9lection&#8230; \u00abLib\u00e9\u00bb vous guide dans les all\u00e9es de la 47e \u00e9dition du Salon du livre de Nancy, grand rendez-vous de la rentr\u00e9e litt\u00e9raire, qui se tient du 12 au 14 septembre.<\/p>\n<p class=\"sc-cPiKLX AiZTS text-element\">Le calme r\u00e8gne chez <a href=\"https:\/\/www.liberation.fr\/culture\/livres\/isabelle-simler-et-les-metiers-dans-la-poche-20230920_OCSAIRCCJ5GSXLACG3SRSP3AEI\/\" target=\"_blank\" rel=\"noopener\" title=\"https:\/\/www.liberation.fr\/culture\/livres\/isabelle-simler-et-les-metiers-dans-la-poche-20230920_OCSAIRCCJ5GSXLACG3SRSP3AEI\/\">Isabelle Simler<\/a>. L\u2019appartement dans un immeuble bourgeois du XIe arrondissement parisien appara\u00eet rang\u00e9 et d\u00e9cor\u00e9 avec soin. M\u00eame son ado de 15 ans ne fait pas un bruit dans la pi\u00e8ce d\u2019\u00e0 c\u00f4t\u00e9. Cette tranquillit\u00e9 est de surface : l\u2019illustratrice a un esprit d\u2019exploratrice. Depuis deux ans elle se perd, corps et \u00e2me, dans les d\u00e9tours et impasses du labyrinthe de Lewis Carroll, <a href=\"https:\/\/www.liberation.fr\/culture\/livres\/alice-au-pays-des-idees-de-roger-pol-droit-aventures-philosophiques-20250205_TSCRPPDCD5HCTPABA7I6A2M7FA\/\" target=\"_blank\" rel=\"noopener\" title=\"https:\/\/www.liberation.fr\/culture\/livres\/alice-au-pays-des-idees-de-roger-pol-droit-aventures-philosophiques-20250205_TSCRPPDCD5HCTPABA7I6A2M7FA\/\">Alice au pays des merveilles<\/a>. Il sort le 12 septembre, le m\u00eame jour que la venue de sa dessinatrice au Livre sur la Place. Comme l\u2019enfant curieuse et courageuse imagin\u00e9e par l\u2019\u00e9crivain et math\u00e9maticien britannique en 1865, Isabelle Simler ne recule devant aucune porte ferm\u00e9e. Elle se m\u00e9tamorphose pour passer par une serrure ou une fissure.  <\/p>\n<p class=\"sc-cPiKLX AiZTS text-element\">En cette fin ao\u00fbt, Isabelle Simler revient tout juste de vacances dans l\u2019Esterel. Cette c\u00f4te lui rappelle peut-\u00eatre celle de <\/p>\n","protected":false},"excerpt":{"rendered":"Le livre sur la place Critiques, interviews, s\u00e9lection&#8230; \u00abLib\u00e9\u00bb vous guide dans les all\u00e9es de la 47e \u00e9dition&hellip;\n","protected":false},"author":2,"featured_media":385024,"comment_status":"","ping_status":"","sticky":false,"template":"","format":"standard","meta":{"footnotes":""},"categories":[1357],"tags":[1379,10488,58,59,1011,27,1380,51780],"class_list":{"0":"post-385023","1":"post","2":"type-post","3":"status-publish","4":"format-standard","5":"has-post-thumbnail","7":"category-livres","8":"tag-books","9":"tag-cahier-livres","10":"tag-divertissement","11":"tag-entertainment","12":"tag-fr","13":"tag-france","14":"tag-livres","15":"tag-pages-jeunes"},"share_on_mastodon":{"url":"https:\/\/pubeurope.com\/@fr\/115190775464213649","error":""},"_links":{"self":[{"href":"https:\/\/www.europesays.com\/fr\/wp-json\/wp\/v2\/posts\/385023","targetHints":{"allow":["GET"]}}],"collection":[{"href":"https:\/\/www.europesays.com\/fr\/wp-json\/wp\/v2\/posts"}],"about":[{"href":"https:\/\/www.europesays.com\/fr\/wp-json\/wp\/v2\/types\/post"}],"author":[{"embeddable":true,"href":"https:\/\/www.europesays.com\/fr\/wp-json\/wp\/v2\/users\/2"}],"replies":[{"embeddable":true,"href":"https:\/\/www.europesays.com\/fr\/wp-json\/wp\/v2\/comments?post=385023"}],"version-history":[{"count":0,"href":"https:\/\/www.europesays.com\/fr\/wp-json\/wp\/v2\/posts\/385023\/revisions"}],"wp:featuredmedia":[{"embeddable":true,"href":"https:\/\/www.europesays.com\/fr\/wp-json\/wp\/v2\/media\/385024"}],"wp:attachment":[{"href":"https:\/\/www.europesays.com\/fr\/wp-json\/wp\/v2\/media?parent=385023"}],"wp:term":[{"taxonomy":"category","embeddable":true,"href":"https:\/\/www.europesays.com\/fr\/wp-json\/wp\/v2\/categories?post=385023"},{"taxonomy":"post_tag","embeddable":true,"href":"https:\/\/www.europesays.com\/fr\/wp-json\/wp\/v2\/tags?post=385023"}],"curies":[{"name":"wp","href":"https:\/\/api.w.org\/{rel}","templated":true}]}}