{"id":385025,"date":"2025-09-12T10:08:11","date_gmt":"2025-09-12T10:08:11","guid":{"rendered":"https:\/\/www.europesays.com\/fr\/385025\/"},"modified":"2025-09-12T10:08:11","modified_gmt":"2025-09-12T10:08:11","slug":"nen-di-cecile-de-france-reprend-la-presentatrice-de-telematin-mais-sa-langue-fourche-et-ca-pique-les-oreilles","status":"publish","type":"post","link":"https:\/\/www.europesays.com\/fr\/385025\/","title":{"rendered":"\u00ab\u00a0N&rsquo;en di&#8230;\u00a0\u00bb : C\u00e9cile de France reprend la pr\u00e9sentatrice de T\u00e9l\u00e9matin mais sa langue fourche, et \u00e7a pique les oreilles"},"content":{"rendered":"<p>D\u00e9rapage langagier en direct sur France 2 ! Le 12 septembre<br \/>\n2025, <a href=\"https:\/\/www.closermag.fr\/people\/cecile-de-france-lactrice-prete-a-ceder-a-la-chirurgie-esthetique-elle-repond-sans-langue-de-bois-3282009\" rel=\"nofollow noopener\" target=\"_blank\"><br \/>\nC\u00e9cile de France<\/a> \u00e9tait l&rsquo;invit\u00e9 de <a href=\"https:\/\/www.closermag.fr\/people\/complique-cette-nuit-la-presentatrice-de-telematin-aspergee-en-plateau-et-elle-a-rien-demande-3570589\" rel=\"nofollow noopener\" target=\"_blank\"><br \/>\nT\u00e9l\u00e9matin<\/a>. En cette heure matinale, <strong>la com\u00e9dienne<br \/>\nembl\u00e9matique avait visiblement du mal \u00e0 se r\u00e9veiller.<\/strong> Elle<br \/>\nvenait pr\u00e9senter le film de science fiction Dalloway, en<br \/>\nsalle le 17 septembre 2025. Un film sur l&rsquo;intelligence artificielle<br \/>\nqui questionne une angoisse existentielle.\u00a0 En effet, si un<br \/>\njour l&rsquo;IA arrive \u00e0 acqu\u00e9rir une conscience, que fera l&rsquo;humanit\u00e9<br \/>\n?<\/p>\n<p>Interrog\u00e9e sur son propre rapport \u00e0 l&rsquo;IA, <strong>C\u00e9cile de<br \/>\nFrance a avou\u00e9 qu&rsquo;elle ne l&rsquo;utilisait pas du tout<\/strong>.<br \/>\n\u00ab\u00a0D&rsquo;ailleurs, dans le film, l&rsquo;IA, \u00e7a se retourne contre vous,<br \/>\nhein !\u00a0\u00bb a soulign\u00e9 une des journalistes sur le plateau de la<br \/>\ndeuxi\u00e8me cha\u00eene. <strong>\u00ab\u00a0Oui, oh, n&rsquo;en disez pas trop<br \/>\n!\u00a0\u00bba<\/strong> lanc\u00e9 l&rsquo;actrice. A\u00efe&#8230; Ne semblant pas se rendre<br \/>\ncompte de son erreur, elle n&rsquo;a pas non plus \u00e9t\u00e9 reprise par les<br \/>\nautres personnes pr\u00e9sentes. Le pi\u00e8ge de l&rsquo;IA, mais aussi celui de<br \/>\nla langue fran\u00e7aise, apparemment&#8230;<\/p>\n<p>C\u00e9cile France : authentique envers et contre tout<\/p>\n<p data-start=\"218\" data-end=\"600\">C\u00e9cile de France, qui multiplie<br \/>\nles projets entre cin\u00e9ma d\u2019auteur et com\u00e9dies grand public, n\u2019en<br \/>\nest <strong>pas \u00e0 sa premi\u00e8re apparition remarqu\u00e9e \u00e0 la<br \/>\nt\u00e9l\u00e9vision.<\/strong> Sa spontan\u00e9it\u00e9 et son accent belge, qu\u2019elle<br \/>\nassume avec fiert\u00e9, font partie de son charme et s\u00e9duisent le<br \/>\npublic depuis ses d\u00e9buts. Alors forc\u00e9ment, le <strong>moindre petit<br \/>\naccroc de langage attire l\u2019attention<\/strong>\u2026 et pr\u00eate \u00e0<br \/>\nsourire.<\/p>\n<p data-start=\"218\" data-end=\"600\">Il faut dire que <a href=\"https:\/\/www.closermag.fr\/people\/des-appareils-reproducteurs-cecile-de-france-prend-la-defense-de-flavie-flament-victime-de-body-shaming-3360752\" rel=\"nofollow noopener\" target=\"_blank\"><br \/>\nl\u2019actrice de L\u2019Auberge<br \/>\nespagnole<\/a> a toujours eu ce petit c\u00f4t\u00e9 nature qui la<br \/>\ndistingue dans le paysage audiovisuel fran\u00e7ais. Pas question pour<br \/>\nelle de se cacher derri\u00e8re une image lisse : <strong>elle pr\u00e9f\u00e8re<br \/>\nrester authentique<\/strong>, quitte \u00e0 provoquer parfois des moments<br \/>\nun peu g\u00eanants. Une attitude qui contribue aussi \u00e0 la rendre<br \/>\nattachante, m\u00eame lorsqu\u2019elle d\u00e9rape l\u00e9g\u00e8rement.<\/p>\n<p>\u00ab\u00a0Je<br \/>\nvoulais entrer dans la t\u00eate de&#8230;\u00a0\u00bb<\/p>\n<p data-start=\"218\" data-end=\"600\">Et puis, apr\u00e8s tout, <strong>qui<br \/>\nn\u2019a jamais laiss\u00e9 \u00e9chapper un mot de travers<\/strong> ? Le direct,<br \/>\nanciennement pr\u00e9sent\u00e9 par <a href=\"https:\/\/www.closermag.fr\/people\/flavie-flament-et-julien-arnaud-en-froid-lanimateur-repond-encore-a-cette-rumeur-persistante-et-3571756\" rel=\"nofollow noopener\" target=\"_blank\"><br \/>\nFlavie Flament<\/a>, avec son lot d\u2019impr\u00e9vus, n\u2019\u00e9pargne personne,<br \/>\npas m\u00eame les plus grands professionnels. De quoi rappeler que la<br \/>\nt\u00e9l\u00e9vision n\u2019est pas une m\u00e9canique parfaite, et que ce sont<br \/>\njustement ces <strong>instants impr\u00e9vus<\/strong> qui cr\u00e9ent les<br \/>\n<a href=\"https:\/\/www.closermag.fr\/tv_tele_realite\/adp\/un-roulage-de-patins-jusquaux-amygdales-une-sequence-culte-de-lamour-est-dans-le-pre-decortiquee-3572341\" rel=\"nofollow noopener\" target=\"_blank\"><br \/>\ns\u00e9quences cultes<\/a> dont tout le monde parle ensuite.<\/p>\n<p>Dans la suite de son interview, la feu acolyte de <a href=\"https:\/\/www.closermag.fr\/people\/romain-duris-en-complet-velours-sur-les-marches-de-cannes-ce-detail-capillaire-qui-ne-pardonne-pas-1720383\" rel=\"nofollow noopener\" target=\"_blank\"><br \/>\nRomain Duris<\/a> a re\u00e7u un concert de louanges. Yann Gozlan, le<br \/>\nr\u00e9alisateur du film, lui a notamment fait passer un petit message.<br \/>\nPar \u00e9cran interpos\u00e9, il a dit<strong>\u00a0avoir \u00e9t\u00e9 impressionn\u00e9<br \/>\npar sa concentration<\/strong> pendant les semaines de tournage. Il<br \/>\nlui a demand\u00e9 comment elle avait fait pour s&rsquo;impr\u00e9gner du r\u00f4le. La<br \/>\nprincipale concern\u00e9e a alors expliqu\u00e9 que son but \u00e9tait d&rsquo;entrer<br \/>\ndans la t\u00eate du r\u00e9alisateur <strong>pour savoir ce qu&rsquo;il voulait<br \/>\ndire et montrer avec ce film complexe.<\/strong><\/p>\n","protected":false},"excerpt":{"rendered":"D\u00e9rapage langagier en direct sur France 2 ! Le 12 septembre 2025, C\u00e9cile de France \u00e9tait l&rsquo;invit\u00e9 de&hellip;\n","protected":false},"author":2,"featured_media":385026,"comment_status":"","ping_status":"","sticky":false,"template":"","format":"standard","meta":{"footnotes":""},"categories":[1356],"tags":[548,51781,58,59,1011,27,252,1364],"class_list":{"0":"post-385025","1":"post","2":"type-post","3":"status-publish","4":"format-standard","5":"has-post-thumbnail","7":"category-television","8":"tag-article-simple","9":"tag-cecile-de-france","10":"tag-divertissement","11":"tag-entertainment","12":"tag-fr","13":"tag-france","14":"tag-television","15":"tag-tv"},"share_on_mastodon":{"url":"https:\/\/pubeurope.com\/@fr\/115190779399656685","error":""},"_links":{"self":[{"href":"https:\/\/www.europesays.com\/fr\/wp-json\/wp\/v2\/posts\/385025","targetHints":{"allow":["GET"]}}],"collection":[{"href":"https:\/\/www.europesays.com\/fr\/wp-json\/wp\/v2\/posts"}],"about":[{"href":"https:\/\/www.europesays.com\/fr\/wp-json\/wp\/v2\/types\/post"}],"author":[{"embeddable":true,"href":"https:\/\/www.europesays.com\/fr\/wp-json\/wp\/v2\/users\/2"}],"replies":[{"embeddable":true,"href":"https:\/\/www.europesays.com\/fr\/wp-json\/wp\/v2\/comments?post=385025"}],"version-history":[{"count":0,"href":"https:\/\/www.europesays.com\/fr\/wp-json\/wp\/v2\/posts\/385025\/revisions"}],"wp:featuredmedia":[{"embeddable":true,"href":"https:\/\/www.europesays.com\/fr\/wp-json\/wp\/v2\/media\/385026"}],"wp:attachment":[{"href":"https:\/\/www.europesays.com\/fr\/wp-json\/wp\/v2\/media?parent=385025"}],"wp:term":[{"taxonomy":"category","embeddable":true,"href":"https:\/\/www.europesays.com\/fr\/wp-json\/wp\/v2\/categories?post=385025"},{"taxonomy":"post_tag","embeddable":true,"href":"https:\/\/www.europesays.com\/fr\/wp-json\/wp\/v2\/tags?post=385025"}],"curies":[{"name":"wp","href":"https:\/\/api.w.org\/{rel}","templated":true}]}}