{"id":385027,"date":"2025-09-12T10:09:11","date_gmt":"2025-09-12T10:09:11","guid":{"rendered":"https:\/\/www.europesays.com\/fr\/385027\/"},"modified":"2025-09-12T10:09:11","modified_gmt":"2025-09-12T10:09:11","slug":"il-est-toujours-la-la-chanteuse-lio-fait-de-rares-confidences-sur-la-mort-de-son-fils-diego-a-lage-de-21-ans","status":"publish","type":"post","link":"https:\/\/www.europesays.com\/fr\/385027\/","title":{"rendered":"\u00ab\u00a0Il est toujours l\u00e0\u00a0\u00bb\u00a0: la chanteuse Lio fait de rares confidences sur la mort de son fils Diego \u00e0 l\u2019\u00e2ge de 21 ans"},"content":{"rendered":"<p>\n                                                                Lio \u00e9tait invit\u00e9e de Quotidien sur TMC ce jeudi 11\u00a0septembre 2025. Dans un nouvel album, \u00ab\u00a0L\u2019amour de ma vie\u00a0\u00bb, la chanteuse rend hommage \u00e0 son fils Diego, mort dans des circonstances troublantes en mars\u00a02025 \u00e0 l\u2019\u00e2ge de 21 ans.\n                            <\/p>\n<p>Lio est venue faire la promotion de son nouveau single, qui sort ce vendredi, et de la sortie prochaine de son album \u00ab\u00a0L\u2019amour de ma vie\u00a0\u00bb, sur le plateau de Quotidien (TMC), ce jeudi 11\u00a0septembre 2025, reprend <a href=\"https:\/\/www.gala.fr\/l_actu\/news_de_stars\/lio-revient-avec-emotion-sur-la-mort-de-son-fils-il-est-toujours-la-20250911\" target=\"_self\" rel=\"nofollow noopener\">Paris-Match.<\/a><\/p>\n<p>\u00ab\u00a0L\u2019amour de ma vie\u00a0\u00bb<\/p>\n<p>\u00ab\u00a0L\u2019amour de ma vie\u00a0\u00bb, fait r\u00e9f\u00e9rence \u00e0 son fils Diego, disparu \u00e0 21 ans dans des circonstances \u00e9tranges.<a href=\"https:\/\/www.midilibre.fr\/2025\/03\/04\/le-fils-de-lio-est-mort-disparu-depuis-quelques-jours-diego-21-ans-retrouve-immole-par-le-feu-pres-de-laeroport-de-roissy-12548902.php\" target=\"_self\" rel=\"nofollow noopener\"> Son corps avait \u00e9t\u00e9 retrouv\u00e9 dans un a\u00e9roport de Roissy. <\/a>Le titre de son nouvel album r\u00e9sume ainsi comme un hommage posthume \u00e0 son fils qui n\u2019est plus.<\/p>\n<p>\u00ab\u00a0Je lui demandais pardon\u00a0\u00bb<\/p>\n<p>\u00ab\u00a0Il est l\u00e0, il est toujours l\u00e0, vous savez\u00a0\u00bb, a-t-elle\u00a0confi\u00e9. La star a aussi partag\u00e9 sur Quotidien, cit\u00e9e par <a href=\"https:\/\/www.bfmtv.com\/people\/musique\/l-amour-de-ma-vie-c-est-lui-lio-evoque-pour-la-premiere-fois-la-mort-de-son-fils-diego_AN-202509120364.html\" target=\"_self\" rel=\"nofollow noopener\">BFM<\/a>\u00a0: \u00ab\u00a0Je sais qu\u2019il rigole sur beaucoup de choses, sur cet album il est partout car j\u2019ai beaucoup \u00e9chang\u00e9 avec lui, je connais ses chansons pr\u00e9f\u00e9r\u00e9es\u00a0\u00bb.<\/p>\n<p>\u00ab\u00a0De merveilleuses ann\u00e9es\u00a0\u00bb<\/p>\n<p><a href=\"https:\/\/www.midilibre.fr\/2025\/04\/09\/mort-du-fils-de-lio-la-chanteuse-devoile-les-horribles-messages-quelle-a-recus-apres-le-deces-de-diego-12625207.php\" target=\"_self\" rel=\"nofollow noopener\">Lio a assur\u00e9 continuer \u00e0 communiquer avec Diego. <\/a>Apr\u00e8s sa mort, elle partage lui avoir \u00e9crit sur WhatsApp.<a href=\"https:\/\/www.midilibre.fr\/2025\/03\/06\/mort-du-fils-de-lio-detresse-psychiatrique-absolue-cadet-de-la-famille-emissions-qui-etait-lio-qui-sest-tue-en-simmolant-12553855.php\" target=\"_self\" rel=\"nofollow noopener\"> <\/a><a href=\"https:\/\/www.midilibre.fr\/2025\/03\/06\/mort-du-fils-de-lio-detresse-psychiatrique-absolue-cadet-de-la-famille-emissions-qui-etait-lio-qui-sest-tue-en-simmolant-12553855.php\" target=\"_self\" rel=\"nofollow noopener\">\u00ab\u00a0Je lui disais que je l\u2019aimais et que je lui demandais pardon.<\/a>\u00a0Et tout d\u2019un coup, j\u2019ai commenc\u00e9 \u00e0 dire merci, merci vraiment pour toutes ces ann\u00e9es. C\u2019\u00e9taient des merveilleuses ann\u00e9es.\u00a0\u00bb<\/p>\n<p><a href=\"https:\/\/www.midilibre.fr\/2025\/03\/13\/mort-du-fils-de-lio-les-quatre-mots-de-la-chanteuse-adresses-aux-proches-pour-annoncer-le-deces-de-son-enfant-diego-12567848.php\" target=\"_self\" rel=\"nofollow noopener\">Le fils de la chanteuse Lio, pr\u00e9nomm\u00e9 Diego<\/a>, a \u00e9t\u00e9 retrouv\u00e9 mort le 2\u00a0mars 2025 dans des circonstances terribles. Il se serait immol\u00e9 par le feu non loin de l\u2019a\u00e9roport Roissy-Charles-de-Gaulle. Il s\u2019\u00e9tait volatilis\u00e9 peu de temps avant le drame et sa disparition inqui\u00e9tante avait \u00e9t\u00e9 signal\u00e9e.<\/p>\n","protected":false},"excerpt":{"rendered":"Lio \u00e9tait invit\u00e9e de Quotidien sur TMC ce jeudi 11\u00a0septembre 2025. Dans un nouvel album, \u00ab\u00a0L\u2019amour de ma&hellip;\n","protected":false},"author":2,"featured_media":385028,"comment_status":"","ping_status":"","sticky":false,"template":"","format":"standard","meta":{"footnotes":""},"categories":[1355],"tags":[58,59,1011,27,1361,873],"class_list":{"0":"post-385027","1":"post","2":"type-post","3":"status-publish","4":"format-standard","5":"has-post-thumbnail","7":"category-musique","8":"tag-divertissement","9":"tag-entertainment","10":"tag-fr","11":"tag-france","12":"tag-music","13":"tag-musique"},"share_on_mastodon":{"url":"https:\/\/pubeurope.com\/@fr\/115190783420932832","error":""},"_links":{"self":[{"href":"https:\/\/www.europesays.com\/fr\/wp-json\/wp\/v2\/posts\/385027","targetHints":{"allow":["GET"]}}],"collection":[{"href":"https:\/\/www.europesays.com\/fr\/wp-json\/wp\/v2\/posts"}],"about":[{"href":"https:\/\/www.europesays.com\/fr\/wp-json\/wp\/v2\/types\/post"}],"author":[{"embeddable":true,"href":"https:\/\/www.europesays.com\/fr\/wp-json\/wp\/v2\/users\/2"}],"replies":[{"embeddable":true,"href":"https:\/\/www.europesays.com\/fr\/wp-json\/wp\/v2\/comments?post=385027"}],"version-history":[{"count":0,"href":"https:\/\/www.europesays.com\/fr\/wp-json\/wp\/v2\/posts\/385027\/revisions"}],"wp:featuredmedia":[{"embeddable":true,"href":"https:\/\/www.europesays.com\/fr\/wp-json\/wp\/v2\/media\/385028"}],"wp:attachment":[{"href":"https:\/\/www.europesays.com\/fr\/wp-json\/wp\/v2\/media?parent=385027"}],"wp:term":[{"taxonomy":"category","embeddable":true,"href":"https:\/\/www.europesays.com\/fr\/wp-json\/wp\/v2\/categories?post=385027"},{"taxonomy":"post_tag","embeddable":true,"href":"https:\/\/www.europesays.com\/fr\/wp-json\/wp\/v2\/tags?post=385027"}],"curies":[{"name":"wp","href":"https:\/\/api.w.org\/{rel}","templated":true}]}}