{"id":385029,"date":"2025-09-12T10:10:30","date_gmt":"2025-09-12T10:10:30","guid":{"rendered":"https:\/\/www.europesays.com\/fr\/385029\/"},"modified":"2025-09-12T10:10:30","modified_gmt":"2025-09-12T10:10:30","slug":"a-contre-sens-3-decouvrez-la-bande-annonce-des-retrouvailles-entre-nick-et-noah","status":"publish","type":"post","link":"https:\/\/www.europesays.com\/fr\/385029\/","title":{"rendered":"\u00c0 Contre-Sens 3 : d\u00e9couvrez la bande-annonce des retrouvailles entre Nick et Noah"},"content":{"rendered":"<p>Apr\u00e8s avoir r\u00e9cemment d\u00e9voil\u00e9 la date de sortie d\u2019\u00c0 Contre-Sens 3 (Culpa Nuestra en VO), Prime Video continue de teaser les fans de la saga, avec cette fois la bande-annonce officielle de cet ultime volet. Impatient d\u2019assister au mariage de Lion et Jenna ? Et accessoirement de suivre les retrouvailles de Nick et Noah ? Voici les premi\u00e8res images d\u2019\u00c0 Contre-Sens 3.<\/p>\n<p>L\u2019attente est longue, mais on sait d\u2019ores et d\u00e9j\u00e0 qu\u2019elle en vaut la peine. Il ne reste plus que quelques semaines avant de d\u00e9couvrir le dernier film de <a href=\"https:\/\/actus.sfr.fr\/cine-series\/cinema\/a-contre-sens_DN-202502190007.html\" title=\"\u00c0 Contre-Sens\" class=\"internal_link\" rel=\"nofollow noopener\" target=\"_blank\">la trilogie Culpables<\/a>, \u00c0 contre-Sens en VF, port\u00e9e par Nicole Wallace et Gabriel Guevara. Si vous \u00e9tiez pass\u00e9 \u00e0 c\u00f4t\u00e9 de l\u2019information, ce troisi\u00e8me opus sortira <a href=\"https:\/\/actus.sfr.fr\/cine-series\/cinema\/a-contre-sens-3-on-connait-la-date-de-sortie-du-dernier-volet-de-la-saga-sur-prime-video_AN-202508210004.html\" title=\"\u00c0 Contre-Sens 3 : on conna\u00eet la date de sortie du dernier volet de la saga sur Prime Video\" class=\"internal_link\" rel=\"nofollow noopener\" target=\"_blank\">le 16 octobre prochain<\/a> sur Prime Video. Afin de nous plonger d\u00e8s \u00e0 pr\u00e9sent dans l&rsquo;ultime chapitre de l\u2019histoire d\u2019amour entre Noah et Nick, la plateforme a r\u00e9cemment d\u00e9voil\u00e9 la bande-annonce officielle du nouveau film. Et, le moins que l\u2019on puisse dire, c\u2019est que les retrouvailles entre Nick et Noah s\u2019annoncent aussi explosives que caliente. Que nous r\u00e9serve Culpa Nuestra a.k.a \u00c0 Contre-Sens 3 ? D\u00e9couvrez-le en images !<\/p>\n<p>\u00c0 Contre-Sens 3 : les voitures sont de retour, l\u2019amour et la tromperie sont au rendez-vous !<\/p>\n<p>Si l\u2019on connaissait les grandes lignes de l\u2019intrigue d\u2019<a href=\"https:\/\/actus.sfr.fr\/cine-series\/cinema\/a-contre-sens-3-quand-le-film-sortira-t-il_AN-202412280004.html\" title=\"\u00c0 Contre-Sens 3 : quand le film sortira-t-il ?\" class=\"internal_link\" rel=\"nofollow noopener\" target=\"_blank\">\u00c0 Contre-Sens 3<\/a>, la bande-annonce d\u00e9voil\u00e9e le 10 septembre dernier nous r\u00e9v\u00e8le de nouveaux \u00e9l\u00e9ments, faisant cro\u00eetre le sentiment d\u2019impatience chez les fans. La temp\u00e9rature monte d\u2019un cran et les tensions aussi dans l\u2019ultime chapitre de la saga Culpables.<\/p>\n<p>Alors qu\u2019ils ont refait leur vie chacun de leur c\u00f4t\u00e9, Noah et Nick se retrouvent pour le mariage de leurs meilleurs amis Jenna et Lion. Si Nick est d\u00e9sormais en couple avec Sofia, il est clair que son attirance et ses sentiments pour Noah sont toujours pr\u00e9sents. De son c\u00f4t\u00e9, la jeune femme vit une histoire avec Simon, son patron, mais ne peut d\u00e9tourner ses yeux de Nick quand elle le voit. Quand l\u2019amour est plus fort que tout, il semble difficile pour les deux anciens tourtereaux de garder leur distance.<\/p>\n<p>Cependant, parviendront-ils \u00e0 surmonter tous les obstacles qui se pr\u00e9sentent \u00e0 eux pour vivre leur histoire passionn\u00e9e ? Ou la rupture se trouve-t-elle en bout de piste ? La bande-annonce fait na\u00eetre l\u2019espoir d\u2019une fin heureuse chez les fans, puisqu\u2019elle nous montre que Noah et Nick succomberont bel et bien \u00e0 leur d\u00e9sir le plus profond : se retrouver.<\/p>\n<\/p>\n<p>Autre bonne nouvelle que d\u00e9voilent ces images : le retour des bolides dans \u00c0 Contre-Sens 3. En effet, si l\u2019intrigue du premier volet de la saga \u00e9tait essentiellement bas\u00e9e sur les courses de voiture, le second film mettait compl\u00e8tement cet aspect de c\u00f4t\u00e9. Mais, surprise, comme nous pouvons le voir dans cette bande-annonce, cascades, vitesse et courses semblent \u00eatre de nouveau au programme. De quoi nous garantir un final \u00e9pique !<\/p>\n<p><a href=\"https:\/\/www.sfr.fr\/tv-sfr\/amazon-prime-bouquet-famille#sfrintid=SFRACTUS_BS_article_a_contre_sens_3_bande_annonce_\" title=\"S&#039;abonner \u00e0 Prime Video\" rel=\"nofollow noopener\" target=\"_blank\"><\/p>\n<p>S&rsquo;abonner \u00e0 Prime Video<\/p>\n<p><\/a><\/p>\n<p>Il ne reste plus que quelques semaines \u00e0 attendre avant de d\u00e9couvrir ce que l\u2019avenir r\u00e9serve \u00e0 Noah et Nick : rendez-vous donc le 16 octobre 2025 sur Prime Video. D\u2019ici l\u00e0, vous aurez le temps de (re)voir les deux premiers films de la saga, ainsi que <a href=\"https:\/\/actus.sfr.fr\/cine-series\/cinema\/a-contre-sens-bientot-un-remake-a-londres-pour-le-film-phenomene-de-prime-video_AN-202405230005.html\" title=\"\u00c0 Contre-Sens - Londres : tout ce qu&#039;il faut savoir sur le remake du film ph\u00e9nom\u00e8ne de Prime Video\" class=\"internal_link\" rel=\"nofollow noopener\" target=\"_blank\">le remake britannique avec Asha Banks et Matthew Broome<\/a>.<\/p>\n<p><strong>Source :<\/strong> Prime Video<\/p>\n","protected":false},"excerpt":{"rendered":"Apr\u00e8s avoir r\u00e9cemment d\u00e9voil\u00e9 la date de sortie d\u2019\u00c0 Contre-Sens 3 (Culpa Nuestra en VO), Prime Video continue&hellip;\n","protected":false},"author":2,"featured_media":385030,"comment_status":"","ping_status":"","sticky":false,"template":"","format":"standard","meta":{"footnotes":""},"categories":[1354],"tags":[58,59,1346,1011,27,1360],"class_list":{"0":"post-385029","1":"post","2":"type-post","3":"status-publish","4":"format-standard","5":"has-post-thumbnail","7":"category-films","8":"tag-divertissement","9":"tag-entertainment","10":"tag-films","11":"tag-fr","12":"tag-france","13":"tag-movies"},"share_on_mastodon":{"url":"https:\/\/pubeurope.com\/@fr\/115190787289680601","error":""},"_links":{"self":[{"href":"https:\/\/www.europesays.com\/fr\/wp-json\/wp\/v2\/posts\/385029","targetHints":{"allow":["GET"]}}],"collection":[{"href":"https:\/\/www.europesays.com\/fr\/wp-json\/wp\/v2\/posts"}],"about":[{"href":"https:\/\/www.europesays.com\/fr\/wp-json\/wp\/v2\/types\/post"}],"author":[{"embeddable":true,"href":"https:\/\/www.europesays.com\/fr\/wp-json\/wp\/v2\/users\/2"}],"replies":[{"embeddable":true,"href":"https:\/\/www.europesays.com\/fr\/wp-json\/wp\/v2\/comments?post=385029"}],"version-history":[{"count":0,"href":"https:\/\/www.europesays.com\/fr\/wp-json\/wp\/v2\/posts\/385029\/revisions"}],"wp:featuredmedia":[{"embeddable":true,"href":"https:\/\/www.europesays.com\/fr\/wp-json\/wp\/v2\/media\/385030"}],"wp:attachment":[{"href":"https:\/\/www.europesays.com\/fr\/wp-json\/wp\/v2\/media?parent=385029"}],"wp:term":[{"taxonomy":"category","embeddable":true,"href":"https:\/\/www.europesays.com\/fr\/wp-json\/wp\/v2\/categories?post=385029"},{"taxonomy":"post_tag","embeddable":true,"href":"https:\/\/www.europesays.com\/fr\/wp-json\/wp\/v2\/tags?post=385029"}],"curies":[{"name":"wp","href":"https:\/\/api.w.org\/{rel}","templated":true}]}}