{"id":385037,"date":"2025-09-12T10:14:24","date_gmt":"2025-09-12T10:14:24","guid":{"rendered":"https:\/\/www.europesays.com\/fr\/385037\/"},"modified":"2025-09-12T10:14:24","modified_gmt":"2025-09-12T10:14:24","slug":"meme-en-etant-faineant-le-samsung-galaxy-s26-ultra-aurait-un-meilleur-zoom-optique-que-liphone-17-pro","status":"publish","type":"post","link":"https:\/\/www.europesays.com\/fr\/385037\/","title":{"rendered":"M\u00eame en \u00e9tant fain\u00e9ant, le Samsung Galaxy S26 Ultra aurait un meilleur zoom optique que l&rsquo;iPhone 17 Pro"},"content":{"rendered":"<p>Le Galaxy S26 Ultra ne ferait aucun changement sur son t\u00e9l\u00e9objectif x5.<\/p>\n<p><a href=\"https:\/\/images.frandroid.com\/wp-content\/uploads\/2025\/01\/samsung-galaxy-s25-ultra-frandroid-p1055292.jpg\" target=\"_blank\" class=\"article-content__figure\" rel=\"noopener\"><img fetchpriority=\"high\" decoding=\"async\" loading=\"eager\" width=\"1200\" height=\"812\" src=\"https:\/\/www.europesays.com\/fr\/wp-content\/uploads\/2025\/09\/samsung-galaxy-s25-ultra-frandroid-p1055292.jpg\" alt=\"\" class=\"wp-image-2486794 wp-image wp-image\"  \/><\/a>Samsung Galaxy S25 Ultra \/\/ Source : Frandroid<\/p>\n<p><a href=\"https:\/\/www.frandroid.com\/guide-dachat\/386688_quels-smartphone-samsung-choisir-parmi-les-differentes-gammes-galaxy\" target=\"_blank\" rel=\"noopener\">Samsung<\/a> serait plus conservateur que jamais sur le zoom de ses futurs smartphones haut de gamme. Ainsi, <a href=\"https:\/\/www.frandroid.com\/marques\/samsung\/2786249_galaxy-s26-pro-s26-edge-s26-ultra-tout-ce-qui-changerait-face-aux-galaxy-s25\" target=\"_blank\" rel=\"noopener\">le Galaxy S26 Ultra<\/a> ne changerait rien au capteur de son t\u00e9l\u00e9objectif x5.<\/p>\n<p>\u00ab Ils pr\u00e9voient d\u2019utiliser le m\u00eame capteur t\u00e9l\u00e9objectif arri\u00e8re de 1\/2,52 pouce, 0,7 \u03bcm et 50 Mpx \u00bb, <a target=\"_blank\" href=\"https:\/\/x.com\/UniverseIce\/status\/1965964383915487254\">\u00e9crit<\/a> le leaker chinois r\u00e9put\u00e9 UniverseIce (qui se faisait conna\u00eetre sous le pseudo IceUniverse jusqu\u2019\u00e0 peu).<\/p>\n<p>                <img decoding=\"async\" width=\"1200\" height=\"446\" loading=\"lazy\" alt=\"Box Samsung Z FLIP7\" title=\"Box Samsung Z FLIP7\" class=\"is-radiusless placeholder-default wp-image\" src=\"https:\/\/www.europesays.com\/fr\/wp-content\/uploads\/2025\/09\/box-samsung-z-flip7-1200x446.png\" \/>            <\/p>\n<p>\n                    Le Galaxy Z Flip7 est \u00e0 prix mini chez SFR                <\/p>\n<p class=\"has-text-weight-medium is-size-6 is-line-height-normal\">\n                    Jusqu\u2019au 29 septembre, profitez du dernier Samsung Galaxy Z Flip7 \u00e0 591 \u20ac avec le forfait SFR 350 Go (engagement 24 mois) et gr\u00e2ce \u00e0 90 \u20ac de remise imm\u00e9diate et 80 \u20ac rembours\u00e9s apr\u00e8s achat.                <\/p>\n<p>4 ann\u00e9es de suite avec le m\u00eame capteur<\/p>\n<p>Pour rappel, c\u2019est d\u00e9j\u00e0 la solution utilis\u00e9e par le <a href=\"https:\/\/www.frandroid.com\/produits\/smartphones\/samsung\/1912933-samsung-galaxy-s24-ultra\" target=\"_blank\" rel=\"noopener\">Galaxy S24 Ultra<\/a> et le <a href=\"https:\/\/www.frandroid.com\/produits\/smartphones\/samsung\/2479470-samsung-galaxy-s25-ultra\" target=\"_blank\" rel=\"noopener\">Galaxy S25 Ultra<\/a>. Et d\u2019apr\u00e8s UniverseIce, ce choix serait reconduit pour le Galaxy S27 Ultra de 2027.<\/p>\n<p>Les f\u00e9rus de technologies seront potentiellement un peu d\u00e9\u00e7us par si peu de changements d\u2019une g\u00e9n\u00e9ration \u00e0 l\u2019autre pendant quatre ann\u00e9es cons\u00e9cutives. Remont\u00e9, le leaker \u00e9crit carr\u00e9ment qu\u2019il d\u00e9voile \u00ab les secrets inavouables des projets de Samsung \u00bb.<\/p>\n<p>Toutefois, en d\u00e9couvrant son information, nous pensons forc\u00e9ment \u00e0 l\u2019<a href=\"https:\/\/www.frandroid.com\/produits\/smartphones\/apple\/2788419-apple-iphone-17-pro\" target=\"_blank\" rel=\"noopener\">iPhone 17 Pro<\/a> et \u00e0 l\u2019<a href=\"https:\/\/www.frandroid.com\/produits\/smartphones\/apple\/2788413-apple-iphone-17-pro-max\" target=\"_blank\" rel=\"noopener\">iPhone 17 Pro Max<\/a>. Les deux derniers t\u00e9l\u00e9phones les plus sophistiqu\u00e9s d\u2019Apple embarquent aussi un t\u00e9l\u00e9objectif.<\/p>\n<p><a href=\"https:\/\/images.frandroid.com\/wp-content\/uploads\/2025\/09\/iphone-17-pro-1.jpg\" target=\"_blank\" class=\"article-content__figure\" rel=\"noopener\"><img loading=\"lazy\" decoding=\"async\" width=\"1200\" height=\"675\" src=\"https:\/\/www.europesays.com\/fr\/wp-content\/uploads\/2025\/09\/iphone-17-pro-1-1200x675.jpg\" alt=\"\" class=\"wp-image-2792695 wp-image\"  \/><\/a>L\u2019iPhone 17 Pro \/\/ Source : Apple<\/p>\n<p>Cependant, celui-ci propose un grossissement optique x4 (et Apple vend une qualit\u00e9 optique jusqu\u2019\u00e0 x8) avec une d\u00e9finition de 48 Mpx.<\/p>\n<p class=\"shortcode-container see-more\">\n    \u00c0 lire aussi : <br \/><a href=\"https:\/\/www.frandroid.com\/marques\/samsung\/2790455_samsung-se-moque-encore-dapple-et-ca-devient-ridicule\" target=\"_blank\" rel=\"noopener\">Samsung se moque encore d\u2019Apple et \u00e7a devient ridicule<\/a>\n<\/p>\n<p>Ainsi, m\u00eame en ne changeant rien \u00e0 son t\u00e9l\u00e9objectif, le Galaxy S26 Ultra resterait \u00e9quip\u00e9 d\u2019un zoom plus puissant que les derniers iPhone.<\/p>\n<p>Pas de quoi sauter au plafond non plus. Les amoureux du zoom se rappellent sans doute encore que jusqu\u2019au S23 Ultra, nous avions m\u00eame droit \u00e0 un t\u00e9l\u00e9objectif x10 optique (mais la transition au x5 optique depuis le S24 Ultra n\u2019a pas g\u00e9n\u00e9r\u00e9 de r\u00e9elle frustration).<\/p>\n","protected":false},"excerpt":{"rendered":"Le Galaxy S26 Ultra ne ferait aucun changement sur son t\u00e9l\u00e9objectif x5. Samsung Galaxy S25 Ultra \/\/ Source&hellip;\n","protected":false},"author":2,"featured_media":385038,"comment_status":"","ping_status":"","sticky":false,"template":"","format":"standard","meta":{"footnotes":""},"categories":[7],"tags":[1011,27,51782,51783,43,40,41,39,42,44],"class_list":{"0":"post-385037","1":"post","2":"type-post","3":"status-publish","4":"format-standard","5":"has-post-thumbnail","7":"category-sciences-et-technologies","8":"tag-fr","9":"tag-france","10":"tag-samsung-galaxy-s26-ultra","11":"tag-samsung-galaxy-s27-ultra","12":"tag-science","13":"tag-science-and-technology","14":"tag-sciences","15":"tag-sciences-et-technologies","16":"tag-technologies","17":"tag-technology"},"share_on_mastodon":{"url":"","error":""},"_links":{"self":[{"href":"https:\/\/www.europesays.com\/fr\/wp-json\/wp\/v2\/posts\/385037","targetHints":{"allow":["GET"]}}],"collection":[{"href":"https:\/\/www.europesays.com\/fr\/wp-json\/wp\/v2\/posts"}],"about":[{"href":"https:\/\/www.europesays.com\/fr\/wp-json\/wp\/v2\/types\/post"}],"author":[{"embeddable":true,"href":"https:\/\/www.europesays.com\/fr\/wp-json\/wp\/v2\/users\/2"}],"replies":[{"embeddable":true,"href":"https:\/\/www.europesays.com\/fr\/wp-json\/wp\/v2\/comments?post=385037"}],"version-history":[{"count":0,"href":"https:\/\/www.europesays.com\/fr\/wp-json\/wp\/v2\/posts\/385037\/revisions"}],"wp:featuredmedia":[{"embeddable":true,"href":"https:\/\/www.europesays.com\/fr\/wp-json\/wp\/v2\/media\/385038"}],"wp:attachment":[{"href":"https:\/\/www.europesays.com\/fr\/wp-json\/wp\/v2\/media?parent=385037"}],"wp:term":[{"taxonomy":"category","embeddable":true,"href":"https:\/\/www.europesays.com\/fr\/wp-json\/wp\/v2\/categories?post=385037"},{"taxonomy":"post_tag","embeddable":true,"href":"https:\/\/www.europesays.com\/fr\/wp-json\/wp\/v2\/tags?post=385037"}],"curies":[{"name":"wp","href":"https:\/\/api.w.org\/{rel}","templated":true}]}}