{"id":385041,"date":"2025-09-12T10:16:14","date_gmt":"2025-09-12T10:16:14","guid":{"rendered":"https:\/\/www.europesays.com\/fr\/385041\/"},"modified":"2025-09-12T10:16:14","modified_gmt":"2025-09-12T10:16:14","slug":"pas-une-erreur-repond-varsovie-a-donald-trump","status":"publish","type":"post","link":"https:\/\/www.europesays.com\/fr\/385041\/","title":{"rendered":"\u00abPas une erreur\u00bb, r\u00e9pond Varsovie \u00e0 Donald Trump"},"content":{"rendered":"<p>Interrog\u00e9 par des journalistes jeudi au lendemain de l\u2019intrusion sans pr\u00e9c\u00e9dent dans le ciel de la Pologne de 19 drones pr\u00e9sum\u00e9s russes, Donald Trump a \u00e9voqu\u00e9 une possible \u00aberreur\u00bb, tout en se disant \u00abpas content de quoi que ce soit dans cette situation\u00bb.<\/p>\n<p class=\"fig-paragraph\">Vendredi,\u00a0<a href=\"http:\/\/www.lefigaro.fr\/flash-actu\/moscou-appelle-la-pologne-a-rouvrir-sa-frontiere-avec-la-bielorussie-20250911\" target=\"_blank\" data-fig-type=\"NewsFlash\" rel=\"noopener\" data-gtm-custom-categorie=\"navigation\" data-gtm-custom-action=\"crossclick\" data-gtm-custom-label=\"Contextuel\" data-gtm-event=\"customEventSPE\" data-fig-domain=\"LEFIGARO\">la Pologne<\/a>\u00a0a fermement r\u00e9cus\u00e9 les d\u00e9clarations du pr\u00e9sident am\u00e9ricain\u00a0<a href=\"http:\/\/www.lefigaro.fr\/flash-actu\/pour-donald-trump-l-intrusion-de-drones-en-pologne-est-peut-etre-une-erreur-de-la-russie-20250911\" target=\"_blank\" data-fig-type=\"NewsFlash\" rel=\"noopener\" data-gtm-custom-categorie=\"navigation\" data-gtm-custom-action=\"crossclick\" data-gtm-custom-label=\"Contextuel\" data-gtm-event=\"customEventSPE\" data-fig-domain=\"LEFIGARO\">Donald Trump<\/a>\u00a0laissant entendre que l&rsquo;intrusion d&rsquo;une vingtaine de\u00a0<a href=\"http:\/\/www.lefigaro.fr\/international\/guerre-en-ukraine-200-drones-ukrainiens-interceptes-dans-une-attaque-massive-de-kiev-affirme-moscou-20250912\" target=\"_blank\" data-fig-type=\"NewsFlash\" rel=\"noopener\" data-gtm-custom-categorie=\"navigation\" data-gtm-custom-action=\"crossclick\" data-gtm-custom-label=\"Contextuel\" data-gtm-event=\"customEventSPE\" data-fig-domain=\"LEFIGARO\">drones russes\u00a0<\/a>cette semaine sur le territoire polonais aurait pu r\u00e9sulter d&rsquo;une \u00aberreur\u00bb. \u00abNous aussi pr\u00e9f\u00e9rerions que l&rsquo;attaque de drones contre la Pologne soit une erreur. Mais ce n&rsquo;en est pas une. Et nous le savons\u00bb, a \u00e9crit sur son compte X, en anglais, le Premier ministre Donald Tusk.<\/p>\n<p class=\"fig-paragraph\">Interrog\u00e9 par des journalistes jeudi au lendemain de l&rsquo;intrusion sans pr\u00e9c\u00e9dent dans le ciel de la Pologne de 19 drones pr\u00e9sum\u00e9s russes, Donald Trump a \u00e9voqu\u00e9 une possible \u00aberreur\u00bb, tout en se disant \u00abpas content de quoi que ce soit dans cette situation\u00bb.<\/p>\n<p>                                    <a class=\"fig-a11y-skip a11y-hidden\" href=\"#fig-a11y-skip-main-inarticle\"><br \/>\n        Passer la publicit\u00e9<br \/>\n    <\/a><\/p>\n<p class=\"fig-paragraph\">Dans un message vid\u00e9o \u00e9galement publi\u00e9 sur le r\u00e9seau social vendredi matin depuis Kiev, le chef de la diplomatie polonaise Radek Sikorski a repris les termes de Donald Trump pour les d\u00e9mentir: \u00abL&rsquo;incident des drones n&rsquo;\u00e9tait pas une erreur\u00bb. Les autorit\u00e9s polonaises ont indiqu\u00e9 avoir r\u00e9cup\u00e9r\u00e9 17 drones ou d\u00e9bris de drones de facture russe, tomb\u00e9s sans faire de bless\u00e9s ni d\u00e9g\u00e2ts mat\u00e9riels majeurs dans l&rsquo;est de ce pays membre de l&rsquo;Otan, frontalier de l&rsquo;Ukraine et de la Bi\u00e9lorussie.<\/p>\n<p class=\"fig-body-link\">\n            \u00c0 lire aussi<br \/>\n        <a class=\"fig-body-link__link fig-premium-mark\" href=\"http:\/\/www.lefigaro.fr\/international\/la-pologne-a-cran-apres-cette-nuit-du-9-septembre-ou-les-drones-russes-l-ont-agressee-20250910\" data-fig-type=\"Article\" data-gtm-custom-categorie=\"navigation\" data-gtm-custom-action=\"crossclick\" data-gtm-custom-label=\"Contextuel\" data-gtm-event=\"customEventSPE\" data-fig-domain=\"LEFIGARO\" target=\"_blank\" rel=\"noopener\">La Pologne \u00e0 cran, apr\u00e8s cette nuit o\u00f9 les drones russes l\u2019ont agress\u00e9e\u00a0: \u00ab\u00a0C\u2019est une situation sans pr\u00e9c\u00e9dent pour l\u2019histoire de l\u2019Otan\u00a0\u00bb<br \/>\n    <\/a>\n<\/p>\n<p>L\u2019hypoth\u00e8se d\u2019une d\u00e9viation accidentelle rejet\u00e9e<\/p>\n<p class=\"fig-paragraph\">Tandis que Varsovie, Kiev et leurs alli\u00e9s europ\u00e9ens d\u00e9noncent un acte d\u00e9lib\u00e9r\u00e9 destin\u00e9 \u00e0 tester les d\u00e9fenses de l&rsquo;Otan et de l&rsquo;Union europ\u00e9enne, Moscou nie toute responsabilit\u00e9. La Pologne rejette l&rsquo;hypoth\u00e8se d&rsquo;une d\u00e9viation accidentelle des drones qui aurait pu \u00eatre provoqu\u00e9e par le brouillage \u00e9lectronique de la d\u00e9fense antia\u00e9rienne ukrainienne.<\/p>\n<p class=\"fig-paragraph\">\u00abUn ou deux drones, on pourrait envisager une erreur &#8211; mais 19 lanc\u00e9s de territoires sous contr\u00f4le russe, c&rsquo;est une attaque intentionnelle contre la Pologne et le flanc est de l&rsquo;Otan\u00bb, a insist\u00e9 sur X le vice-ministre de la D\u00e9fense, Cezary Tomczyk, dans un message adress\u00e9 au compte officiel du pr\u00e9sident am\u00e9ricain. \u00abC&rsquo;est dans le besoin qu&rsquo;on reconna\u00eet ses vrais amis\u00bb, a-t-il ajout\u00e9. La Pologne, qui a appel\u00e9 \u00e0 un renforcement drastique des capacit\u00e9s militaires de l&rsquo;UE et de l&rsquo;Otan sur son sol, a saisi le Conseil de s\u00e9curit\u00e9 de l&rsquo;ONU, qui se r\u00e9unit en urgence vendredi.<\/p>\n<p class=\"fig-paragraph\">L\u2019Union europ\u00e9enne a convoqu\u00e9 ce jeudi les charg\u00e9s d\u2019affaires russe et belarusse apr\u00e8s l\u2019intrusion de drones dans le ciel polonais, a indiqu\u00e9 vendredi un responsable de l\u2019UE. \u00abNous avons clairement indiqu\u00e9 que cet acte irresponsable marque une escalade s\u00e9rieuse de la part de la Russie et constitue une menace directe pour la s\u00e9curit\u00e9 des citoyens de l\u2019UE\u00bb, a affirm\u00e9 ce responsable sous couvert d\u2019anonymat.<\/p>\n<p class=\"fig-paragraph\">L\u2019ambassadeur de Pologne en France, Jan Emeryk Ro\u015bciszewski, est l\u2019invit\u00e9 du Figaro TV ce vendredi 12 septembre,\u00a0<a href=\"https:\/\/video.lefigaro.fr\/tv\/\" target=\"_blank\" rel=\"sponsored noopener\" data-gtm-custom-categorie=\"navigation\" data-gtm-custom-action=\"crossclick\" data-gtm-custom-label=\"Contextuel\" data-gtm-event=\"customEventSPE\">\u00e0 suivre en direct<\/a> .<\/p>\n","protected":false},"excerpt":{"rendered":"Interrog\u00e9 par des journalistes jeudi au lendemain de l\u2019intrusion sans pr\u00e9c\u00e9dent dans le ciel de la Pologne de&hellip;\n","protected":false},"author":2,"featured_media":385042,"comment_status":"","ping_status":"","sticky":false,"template":"","format":"standard","meta":{"footnotes":""},"categories":[5],"tags":[11,75,2024,1011,27,14,12,2437,132,28],"class_list":{"0":"post-385041","1":"post","2":"type-post","3":"status-publish","4":"format-standard","5":"has-post-thumbnail","7":"category-international","8":"tag-actualites","9":"tag-donald-trump","10":"tag-drones","11":"tag-fr","12":"tag-france","13":"tag-international","14":"tag-news","15":"tag-pologne","16":"tag-russie","17":"tag-world"},"share_on_mastodon":{"url":"https:\/\/pubeurope.com\/@fr\/115190810718795739","error":""},"_links":{"self":[{"href":"https:\/\/www.europesays.com\/fr\/wp-json\/wp\/v2\/posts\/385041","targetHints":{"allow":["GET"]}}],"collection":[{"href":"https:\/\/www.europesays.com\/fr\/wp-json\/wp\/v2\/posts"}],"about":[{"href":"https:\/\/www.europesays.com\/fr\/wp-json\/wp\/v2\/types\/post"}],"author":[{"embeddable":true,"href":"https:\/\/www.europesays.com\/fr\/wp-json\/wp\/v2\/users\/2"}],"replies":[{"embeddable":true,"href":"https:\/\/www.europesays.com\/fr\/wp-json\/wp\/v2\/comments?post=385041"}],"version-history":[{"count":0,"href":"https:\/\/www.europesays.com\/fr\/wp-json\/wp\/v2\/posts\/385041\/revisions"}],"wp:featuredmedia":[{"embeddable":true,"href":"https:\/\/www.europesays.com\/fr\/wp-json\/wp\/v2\/media\/385042"}],"wp:attachment":[{"href":"https:\/\/www.europesays.com\/fr\/wp-json\/wp\/v2\/media?parent=385041"}],"wp:term":[{"taxonomy":"category","embeddable":true,"href":"https:\/\/www.europesays.com\/fr\/wp-json\/wp\/v2\/categories?post=385041"},{"taxonomy":"post_tag","embeddable":true,"href":"https:\/\/www.europesays.com\/fr\/wp-json\/wp\/v2\/tags?post=385041"}],"curies":[{"name":"wp","href":"https:\/\/api.w.org\/{rel}","templated":true}]}}