{"id":385043,"date":"2025-09-12T10:17:09","date_gmt":"2025-09-12T10:17:09","guid":{"rendered":"https:\/\/www.europesays.com\/fr\/385043\/"},"modified":"2025-09-12T10:17:09","modified_gmt":"2025-09-12T10:17:09","slug":"il-tire-a-la-carabine-a-la-guillotiere","status":"publish","type":"post","link":"https:\/\/www.europesays.com\/fr\/385043\/","title":{"rendered":"il tire \u00e0 la carabine \u00e0 la Guilloti\u00e8re"},"content":{"rendered":"<p itemprop=\"description\"><strong>La journ\u00e9e du mercredi 10 septembre a d\u00e9cid\u00e9ment \u00e9t\u00e9 mouvement\u00e9e.<\/strong><\/p>\n<p>En marge des blocages, manifestations officielle ou sauvages, de la fusillade mortelle \u00e0 proximit\u00e9 du cort\u00e8ge rue Duquesne, des coups de feu ont \u00e9galement retenti vers 20h.<\/p>\n<p>Dans le quartier de la Guilloti\u00e8re, un individu a tir\u00e9 \u00e0 la carabine. Pr\u00e9venues, les forces de l&rsquo;ordre sont arriv\u00e9es sur place et ont interpell\u00e9 l&rsquo;homme \u00e2g\u00e9 de 30 ans. Il est d\u00e9j\u00e0 d\u00e9favorablement connu des services de police.<\/p>\n<p>Une enqu\u00eate a \u00e9t\u00e9 ouverte afin de comprendre pourquoi ce trentenaire tirait \u00e0 la carabine dans le quartier \u00e0 cheval sur les 3e et 7e arrondissements de Lyon. Aucune victime n&rsquo;est en tout cas \u00e0 d\u00e9plorer.<\/p>\n","protected":false},"excerpt":{"rendered":"La journ\u00e9e du mercredi 10 septembre a d\u00e9cid\u00e9ment \u00e9t\u00e9 mouvement\u00e9e. En marge des blocages, manifestations officielle ou sauvages,&hellip;\n","protected":false},"author":2,"featured_media":385044,"comment_status":"","ping_status":"","sticky":false,"template":"","format":"standard","meta":{"footnotes":""},"categories":[4],"tags":[1111,11,2813,2190,1109,251,1112,2811,118,1011,27,1922,1110,1114,2428,2810,12,241,316,25,2812,517,800],"class_list":{"0":"post-385043","1":"post","2":"type-post","3":"status-publish","4":"format-standard","5":"has-post-thumbnail","7":"category-france","8":"tag-actu","9":"tag-actualites","10":"tag-article","11":"tag-asvel","12":"tag-breves","13":"tag-culture","14":"tag-depeches","15":"tag-economique","16":"tag-faits-divers","17":"tag-fr","18":"tag-france","19":"tag-info","20":"tag-informations","21":"tag-infos","22":"tag-lyon","23":"tag-lyonmag","24":"tag-news","25":"tag-ol","26":"tag-politique","27":"tag-republique-francaise","28":"tag-sociale","29":"tag-sport","30":"tag-transports"},"share_on_mastodon":{"url":"https:\/\/pubeurope.com\/@fr\/115190814737619754","error":""},"_links":{"self":[{"href":"https:\/\/www.europesays.com\/fr\/wp-json\/wp\/v2\/posts\/385043","targetHints":{"allow":["GET"]}}],"collection":[{"href":"https:\/\/www.europesays.com\/fr\/wp-json\/wp\/v2\/posts"}],"about":[{"href":"https:\/\/www.europesays.com\/fr\/wp-json\/wp\/v2\/types\/post"}],"author":[{"embeddable":true,"href":"https:\/\/www.europesays.com\/fr\/wp-json\/wp\/v2\/users\/2"}],"replies":[{"embeddable":true,"href":"https:\/\/www.europesays.com\/fr\/wp-json\/wp\/v2\/comments?post=385043"}],"version-history":[{"count":0,"href":"https:\/\/www.europesays.com\/fr\/wp-json\/wp\/v2\/posts\/385043\/revisions"}],"wp:featuredmedia":[{"embeddable":true,"href":"https:\/\/www.europesays.com\/fr\/wp-json\/wp\/v2\/media\/385044"}],"wp:attachment":[{"href":"https:\/\/www.europesays.com\/fr\/wp-json\/wp\/v2\/media?parent=385043"}],"wp:term":[{"taxonomy":"category","embeddable":true,"href":"https:\/\/www.europesays.com\/fr\/wp-json\/wp\/v2\/categories?post=385043"},{"taxonomy":"post_tag","embeddable":true,"href":"https:\/\/www.europesays.com\/fr\/wp-json\/wp\/v2\/tags?post=385043"}],"curies":[{"name":"wp","href":"https:\/\/api.w.org\/{rel}","templated":true}]}}