{"id":385057,"date":"2025-09-12T10:24:11","date_gmt":"2025-09-12T10:24:11","guid":{"rendered":"https:\/\/www.europesays.com\/fr\/385057\/"},"modified":"2025-09-12T10:24:11","modified_gmt":"2025-09-12T10:24:11","slug":"la-petanque-debarque-sur-les-plages-du-mourillon-avec-le-national-de-jeu-provencal","status":"publish","type":"post","link":"https:\/\/www.europesays.com\/fr\/385057\/","title":{"rendered":"La p\u00e9tanque d\u00e9barque sur les plages du Mourillon avec le National de Jeu Proven\u00e7al"},"content":{"rendered":"<p>C\u2019est un spectacle unique qui s\u2019annonce sur les plages du Mourillon \u00e0 Toulon. Pour la premi\u00e8re fois, l&rsquo;association \u00a0\u00ab\u00a0la Boule du Petit Toulonnais\u00a0\u00bb organise le prestigieux National de Jeu Proven\u00e7al de p\u00e9tanque sur les plages du Mourillon \u00e0 Toulon, un \u00e9v\u00e9nement qui attire depuis 20 ans les passionn\u00e9s de boules et les curieux.\u00a0<\/p>\n<p>Du 13 au 15 septembre, la comp\u00e9tition s\u2019invite sur le sable, avec 130 \u00e9quipes venues des quatre coins de la France. Un total de 400 joueurs s\u2019affronteront dans une ambiance conviviale mais \u00f4 combien comp\u00e9titive. De quoi r\u00e9jouir le pr\u00e9sident de l\u2019association organisatrice, Jean-Paul Santarelli.<\/p>\n<p>\u00a0<\/p>\n<p>L&rsquo;ADN de Toulon<\/p>\n<p>\u00a0<\/p>\n<p>Laurent Bonnet, adjoint au sport \u00e0 la mairie de Toulon, souligne l\u2019importance de cet \u00e9v\u00e9nement pour la ville :\u00a0 \u00ab\u00a0Les boules font partie de notre culture, de notre patrimoine. Le jeu proven\u00e7al en particulier repr\u00e9sente notre identit\u00e9 locale\u00a0\u00bb, et de pr\u00e9ciser que l&rsquo;\u00e9v\u00e9nement \u00ab\u00a0sera d\u00e9ploy\u00e9 sur le Mourillon, sur la 4e anse et la plaine des sports\u00a0\u00bb.\u00a0<\/p>\n<p>Avec une telle passion et un cadre idyllique, le National de Jeu Proven\u00e7al devient un rendez-vous \u00e0 ne pas manquer, que vous soyez un amateur de p\u00e9tanque ou simplement \u00e0 la recherche d\u2019une exp\u00e9rience locale authentique.<\/p>\n<p>Pour les plus adroits, il est encore possible de s\u2019inscrire jusqu\u2019\u00e0 ce vendredi soir \u00e0 18h.<\/p>\n","protected":false},"excerpt":{"rendered":"C\u2019est un spectacle unique qui s\u2019annonce sur les plages du Mourillon \u00e0 Toulon. Pour la premi\u00e8re fois, l&rsquo;association&hellip;\n","protected":false},"author":2,"featured_media":385058,"comment_status":"","ping_status":"","sticky":false,"template":"","format":"standard","meta":{"footnotes":""},"categories":[9619],"tags":[1111,11,1777,674,1011,27,12,882,25,2310],"class_list":{"0":"post-385057","1":"post","2":"type-post","3":"status-publish","4":"format-standard","5":"has-post-thumbnail","7":"category-toulon","8":"tag-actu","9":"tag-actualites","10":"tag-eu","11":"tag-europe","12":"tag-fr","13":"tag-france","14":"tag-news","15":"tag-provence-alpes-cote-dazur","16":"tag-republique-francaise","17":"tag-toulon"},"share_on_mastodon":{"url":"https:\/\/pubeurope.com\/@fr\/115190842267708073","error":""},"_links":{"self":[{"href":"https:\/\/www.europesays.com\/fr\/wp-json\/wp\/v2\/posts\/385057","targetHints":{"allow":["GET"]}}],"collection":[{"href":"https:\/\/www.europesays.com\/fr\/wp-json\/wp\/v2\/posts"}],"about":[{"href":"https:\/\/www.europesays.com\/fr\/wp-json\/wp\/v2\/types\/post"}],"author":[{"embeddable":true,"href":"https:\/\/www.europesays.com\/fr\/wp-json\/wp\/v2\/users\/2"}],"replies":[{"embeddable":true,"href":"https:\/\/www.europesays.com\/fr\/wp-json\/wp\/v2\/comments?post=385057"}],"version-history":[{"count":0,"href":"https:\/\/www.europesays.com\/fr\/wp-json\/wp\/v2\/posts\/385057\/revisions"}],"wp:featuredmedia":[{"embeddable":true,"href":"https:\/\/www.europesays.com\/fr\/wp-json\/wp\/v2\/media\/385058"}],"wp:attachment":[{"href":"https:\/\/www.europesays.com\/fr\/wp-json\/wp\/v2\/media?parent=385057"}],"wp:term":[{"taxonomy":"category","embeddable":true,"href":"https:\/\/www.europesays.com\/fr\/wp-json\/wp\/v2\/categories?post=385057"},{"taxonomy":"post_tag","embeddable":true,"href":"https:\/\/www.europesays.com\/fr\/wp-json\/wp\/v2\/tags?post=385057"}],"curies":[{"name":"wp","href":"https:\/\/api.w.org\/{rel}","templated":true}]}}