{"id":385059,"date":"2025-09-12T10:25:11","date_gmt":"2025-09-12T10:25:11","guid":{"rendered":"https:\/\/www.europesays.com\/fr\/385059\/"},"modified":"2025-09-12T10:25:11","modified_gmt":"2025-09-12T10:25:11","slug":"a-la-mosson-lepicerie-solidaire-soleil-offre-ses-rayons","status":"publish","type":"post","link":"https:\/\/www.europesays.com\/fr\/385059\/","title":{"rendered":"\u00e0 la Mosson, l\u2019\u00e9picerie solidaire Soleil offre ses rayons"},"content":{"rendered":"<p>            Par<br \/>\n        <strong><br \/>\n            <a href=\"https:\/\/actu.fr\/auteur\/g-martin\" title=\"Consulter tous les articles de Gil Martin\" rel=\"nofollow noopener\" target=\"_blank\">Gil Martin<\/a><br \/>\n        <\/strong><\/p>\n<p>        Publi\u00e9 le<\/p>\n<p>            12 sept. 2025 \u00e0 11h55        <\/p>\n<p>Ce mercredi 10 septembre 2025, le maire de Montpellier a tenu \u00e0 participer \u00e0 l\u2019inauguration de la <strong>nouvelle \u00e9picerie sociale et solidaire \u00ab\u00a0Soleil\u00a0\u00bb,<\/strong> rue de Louisville, \u00e0 la Mosson. Auparavant, dans ses locaux, l\u2019association <strong>Solidarit\u00e9 DOM-TOM H\u00e9rault<\/strong> (Sodoto) n\u2019organisait que des distributions de colis alimentaires\u2026 Mais la r\u00e9novation du site a permis de renforcer l\u2019action de l\u2019association dont les 5 salari\u00e9s et les 47 b\u00e9n\u00e9voles animent d\u00e9sormais une v\u00e9ritable \u00e9picerie sociale.<\/p>\n<p>Moins de 200 \u20ac de reste \u00e0 vivre<\/p>\n<p class=\" wall-content\">Aujourd\u2019hui,\u00a0<strong>443 b\u00e9n\u00e9ficiaires<\/strong> (des habitants du quartier avec un reste \u00e0 vivre mensuel \u00e0 moins de 200\u20ac\/mois), dont 76 \u00e9tudiants, profitent du soutien de cette \u00e9picerie sociale qui a redistribu\u00e9 plus de <strong>20 tonnes<\/strong> de denr\u00e9es alimentaires en 2025, majoritairement fournies par la Banque alimentaire de l\u2019H\u00e9rault. De plus, un partenariat avec l\u2019enseigne de boulangerie <strong>La Mie C\u00e2line<\/strong> permet \u00e0 l\u2019\u00e9picerie de r\u00e9cup\u00e9rer les invendus du jour et de les proposer \u00e0 ses b\u00e9n\u00e9ficiaires.<\/p>\n<p>    <a href=\"https:\/\/www.google.com\/maps\/embed?pb=!1m18!1m12!1m3!1d2888.199496995211!2d3.810873883195109!3d43.62320657987809!2m3!1f0!2f0!3f0!3m2!1i1024!2i768!4f13.1!3m3!1m2!1s0x12b6ac25475acf4b%3A0xba5556f21170f55a!2sSolidarit%C3%A9%20Dom%20Tom%20H%C3%A9rault%20CSF!5e0!3m2!1sfr!2sfr!4v1757691106819!5m2!1sfr!2sfr\" title=\"Ouvrie le lien\" rel=\"nofollow noopener\" target=\"_blank\">Cliquez ici pour visualiser le contenu<\/a><\/p>\n<p>Faire vivre le lien social<\/p>\n<p class=\" wall-content\">\u00ab\u00a0Nous f\u00eatons en quelque sorte nos 30 ans avec cette r\u00e9novation\u00a0\u00bb, explique <strong>Pascal Bevis,<\/strong> pr\u00e9sident de Solidarit\u00e9 DOM-TOM H\u00e9rault\u00a0: \u00ab\u00a0On est toujours l\u00e0, pour agir ensemble pour tous les habitants du quartier et faire vivre <strong>le lien social<\/strong>. Un grand merci \u00e0 ACM, \u00e0 la Ville, mais aussi \u00e0 Damien, \u00e9tudiant en architecture, qui nous a aid\u00e9 sur la restructuration des locaux. Ils sont d\u00e9sormais plus pratiques, plus accueillants et accessibles aux PMR\u2026 et il faut aussi rappeler qu\u2019un plus de la distribution de denr\u00e9es alimentaires, l\u2019\u00e9picerie propose \u00e9galement du<strong> mat\u00e9riel scolaire<\/strong>\u00a0\u00bb.<\/p>\n<p>    <img   decoding=\"async\" loading=\"lazy\" src=\"https:\/\/www.europesays.com\/fr\/wp-content\/uploads\/2025\/09\/photo-epicerie-soleil-2-960x640.jpg\" alt=\"En plus des denr\u00e9es alimentaires, l'\u00e9picerie Soleil propose \u00e9galement du mat\u00e9riel scolaire\" width=\"960\" height=\"640\"\/><br \/>\n    En plus des denr\u00e9es alimentaires, l\u2019\u00e9picerie Soleil propose \u00e9galement du mat\u00e9riel scolaire (\u00a9Ville de Montpellier)Vid\u00e9os : en ce moment sur ActuProduits frais et de qualit\u00e9<\/p>\n<p class=\" wall-content\">Le maire de Montpellier rappelle que ces am\u00e9nagements s\u2019inscrivent dans le cadre du projet de <strong>r\u00e9novation urbaine<\/strong> et de transformation du quartier Mosson. \u00ab\u00a0Ils \u00e9taient n\u00e9cessaires afin d\u2019adapter le lieu aux nouveaux besoins et usages des habitants du quartier\u00a0\u00bb, explique <strong>Micha\u00ebl Delafosse<\/strong>\u00a0:\u00a0\u00ab\u00a0Ces nouveaux locaux r\u00e9pondent ainsi au besoin croissant d\u2019accompagner les jeunes en situation de pr\u00e9carit\u00e9 alimentaire et d\u2019offrir aux b\u00e9n\u00e9ficiaires davantage de <strong>produits frais et de qualit\u00e9<\/strong>, gr\u00e2ce \u00e0 une collaboration \u00e9troite avec les producteurs locaux\u2026 Les b\u00e9n\u00e9ficiaires peuvent d\u00e9sormais faire leurs courses dans cette \u00e9picerie et choisir les produits qu\u2019ils d\u00e9sirent\u00a0\u00bb.<\/p>\n<p>&gt;\u00a0La Ville de Montpellier a financ\u00e9 le projet de r\u00e9novation \u00e0 hauteur de\u00a067 413 euros, repartis de la mani\u00e8re suivante 8 500\u20ac de r\u00e9novation dans le cadre de l\u2019\u00e9picerie sociale et solidaire,\u00a018 000\u20ac de fonctionnement de l\u2019\u00e9picerie sociale et solidaire,\u00a020 913\u20ac de prise en charge du loyer.\u00a0Le bailleur social ACM a, quant \u00e0 lui, financ\u00e9 55 000 euros de r\u00e9novation des locaux.<\/p>\n<p class=\" wall-content\">Personnalisez votre actualit\u00e9 en ajoutant vos villes et m\u00e9dias en favori avec <a href=\"https:\/\/moncompte.actu.fr\" title=\"D\u00e9couvez Mon Actu\" rel=\"nofollow noopener\" data-trk=\"{&quot;cta&quot;:{&quot;action&quot;:&quot;https:\\\/\\\/moncompte.actu.fr&quot;,&quot;category&quot;:&quot;mon compte&quot;,&quot;from&quot;:&quot;article footer&quot;,&quot;name&quot;:&quot;Mon actu&quot;,&quot;type&quot;:&quot;cta&quot;}}\" target=\"_blank\">Mon Actu<\/a>.<\/p>\n","protected":false},"excerpt":{"rendered":"Par Gil Martin Publi\u00e9 le 12 sept. 2025 \u00e0 11h55 Ce mercredi 10 septembre 2025, le maire de&hellip;\n","protected":false},"author":2,"featured_media":385060,"comment_status":"","ping_status":"","sticky":false,"template":"","format":"standard","meta":{"footnotes":""},"categories":[9599],"tags":[1111,11,1777,674,1011,27,2208,12,2680,25,104],"class_list":{"0":"post-385059","1":"post","2":"type-post","3":"status-publish","4":"format-standard","5":"has-post-thumbnail","7":"category-montpellier","8":"tag-actu","9":"tag-actualites","10":"tag-eu","11":"tag-europe","12":"tag-fr","13":"tag-france","14":"tag-montpellier","15":"tag-news","16":"tag-occitanie","17":"tag-republique-francaise","18":"tag-societe"},"share_on_mastodon":{"url":"https:\/\/pubeurope.com\/@fr\/115190846302014057","error":""},"_links":{"self":[{"href":"https:\/\/www.europesays.com\/fr\/wp-json\/wp\/v2\/posts\/385059","targetHints":{"allow":["GET"]}}],"collection":[{"href":"https:\/\/www.europesays.com\/fr\/wp-json\/wp\/v2\/posts"}],"about":[{"href":"https:\/\/www.europesays.com\/fr\/wp-json\/wp\/v2\/types\/post"}],"author":[{"embeddable":true,"href":"https:\/\/www.europesays.com\/fr\/wp-json\/wp\/v2\/users\/2"}],"replies":[{"embeddable":true,"href":"https:\/\/www.europesays.com\/fr\/wp-json\/wp\/v2\/comments?post=385059"}],"version-history":[{"count":0,"href":"https:\/\/www.europesays.com\/fr\/wp-json\/wp\/v2\/posts\/385059\/revisions"}],"wp:featuredmedia":[{"embeddable":true,"href":"https:\/\/www.europesays.com\/fr\/wp-json\/wp\/v2\/media\/385060"}],"wp:attachment":[{"href":"https:\/\/www.europesays.com\/fr\/wp-json\/wp\/v2\/media?parent=385059"}],"wp:term":[{"taxonomy":"category","embeddable":true,"href":"https:\/\/www.europesays.com\/fr\/wp-json\/wp\/v2\/categories?post=385059"},{"taxonomy":"post_tag","embeddable":true,"href":"https:\/\/www.europesays.com\/fr\/wp-json\/wp\/v2\/tags?post=385059"}],"curies":[{"name":"wp","href":"https:\/\/api.w.org\/{rel}","templated":true}]}}