{"id":385061,"date":"2025-09-12T10:26:10","date_gmt":"2025-09-12T10:26:10","guid":{"rendered":"https:\/\/www.europesays.com\/fr\/385061\/"},"modified":"2025-09-12T10:26:10","modified_gmt":"2025-09-12T10:26:10","slug":"pres-de-1-300-clients-presents-pour-linauguration-du-primark-de-montpellier","status":"publish","type":"post","link":"https:\/\/www.europesays.com\/fr\/385061\/","title":{"rendered":"pr\u00e8s de 1.300 clients pr\u00e9sents pour l&rsquo;inauguration du Primark de Montpellier"},"content":{"rendered":"<p>L&rsquo;enseigne propose un espace de 5.000 m\u00e8tres carr\u00e9s et se r\u00e9partit sur trois \u00e9tages. Plusieurs centaines de personnes ont fait la queue avant l&rsquo;ouverture de ses portes, ce mercredi.<\/p>\n<p>Primark est d\u00e9sormais implant\u00e9 \u00e0 Montpellier. <a href=\"https:\/\/www.bfmtv.com\/normandie\/deux-etages-et-4-500-m2-de-magasin-un-primark-a-ouvert-ses-portes-a-rouen_AV-202312010966.html\" title=\"Deux \u00e9tages et 4.500 m\u00b2 de magasin: un Primark a ouvert ses portes \u00e0 Rouen\" class=\"internal_link\" rel=\"nofollow noopener\" target=\"_blank\">L&rsquo;enseigne irlandaise<\/a> a ouvert ses portes ce mercredi 10 septembre au centre commercial Odysseum. Plusieurs centaines de clients ont fait la queue et pr\u00e8s de 1.300 personnes ont particip\u00e9 \u00e0 cette journ\u00e9e d&rsquo;inauguration, annonce <a href=\"https:\/\/www.francebleu.fr\/emissions\/l-info-d-ici-ici-herault\/ca-fait-six-ans-qu-on-attendait-la-foule-au-rendez-vous-pour-l-ouverture-de-primark-a-montpellier-9076763\" target=\"_blank\" class=\"external_link\" rel=\"nofollow noopener\">Ici H\u00e9rault<\/a>.<\/p>\n<p>D&rsquo;une superficie de 5.000 m\u00e8tres carr\u00e9s et \u00e9tendue sur trois \u00e9tages, l&rsquo;enseigne \u00e9tait attendue depuis plusieurs ann\u00e9es par les Montpelli\u00e9rains.<\/p>\n<p>\u00ab\u00a0Enfin! Depuis le temps qu\u2019on l\u2019attend, ce Primark de Montpellier.\u00a0J\u2019\u00e9tais super curieuse de le d\u00e9couvrir. On avait l\u2019habitude d\u2019aller jusqu\u2019\u00e0 Marseille pour faire nos achats\u00a0\u00bb, confie Rizlaine \u00e0 <a href=\"https:\/\/www.midilibre.fr\/2025\/09\/10\/ouverture-de-primark-a-montpellier-ils-sont-venus-en-nombre-motives-par-les-prix-bas-et-le-pouvoir-dachat-12921715.php\" target=\"_blank\" class=\"external_link\" rel=\"nofollow noopener\">Midi Libre<\/a>.<\/p>\n<p>Les clients ont \u00e9t\u00e9 accueillis par une haie d&rsquo;honneur form\u00e9e par les vendeurs, le tout en rythme avec la musique.<\/p>\n<p>Le r\u00e8gne des petits prix<\/p>\n<p>Primark, qui propose de nombreux objets de d\u00e9coration, de produits de beaut\u00e9, d&rsquo;accessoires et de v\u00eatements \u00e0 petits prix, se pr\u00e9sente comme un temple pour celles et ceux qui souhaitent faire des \u00e9conomies.<\/p>\n<p>\u00ab\u00a0On \u00e9tait attendu\u00a0\u00bb, lance Alexandra Wagner, directrice de la communication de Primark France, \u00e0 <a href=\"https:\/\/www.francebleu.fr\/infos\/economie-social\/on-etait-attendu-primark-s-installe-a-montpellier-l-enseigne-se-defend-de-faire-de-la-fast-fashion-3377640\" target=\"_blank\" class=\"external_link\" rel=\"nofollow noopener\">Ici H\u00e9rault<\/a>. \u00ab\u00a0Naturellement, on s&rsquo;attend \u00e0 beaucoup de monde\u00a0\u00bb, a-t-elle ajout\u00e9.<\/p>\n<p>La pr\u00e9sence de l&rsquo;enseigne a \u00e9galement cr\u00e9\u00e9 le d\u00e9bat, notamment en mati\u00e8re de fast fashion, qui encourage la consommation \u00e0 outrance et g\u00e9n\u00e8re beaucoup de pollution.<\/p>\n<p>\u00ab\u00a0Nous avons deux collections par an. Les clients chez Primark n&rsquo;ont pas n\u00e9cessairement les moyens d&rsquo;acheter des tonnes de produits. Ils viennent pour toute la famille, ils comptent leur budget et ne repartent pas avec des centaines de paquets\u00a0\u00bb, r\u00e9pond Alexandra Wagner.<\/p>\n<p>Ce magasin est le 30e de la marque \u00e0 ouvrir ses portes sur le territoire fran\u00e7ais.<\/p>\n","protected":false},"excerpt":{"rendered":"L&rsquo;enseigne propose un espace de 5.000 m\u00e8tres carr\u00e9s et se r\u00e9partit sur trois \u00e9tages. Plusieurs centaines de personnes&hellip;\n","protected":false},"author":2,"featured_media":385062,"comment_status":"","ping_status":"","sticky":false,"template":"","format":"standard","meta":{"footnotes":""},"categories":[9599],"tags":[1111,11,1777,674,1011,27,2208,12,2680,25],"class_list":{"0":"post-385061","1":"post","2":"type-post","3":"status-publish","4":"format-standard","5":"has-post-thumbnail","7":"category-montpellier","8":"tag-actu","9":"tag-actualites","10":"tag-eu","11":"tag-europe","12":"tag-fr","13":"tag-france","14":"tag-montpellier","15":"tag-news","16":"tag-occitanie","17":"tag-republique-francaise"},"share_on_mastodon":{"url":"https:\/\/pubeurope.com\/@fr\/115190850073569706","error":""},"_links":{"self":[{"href":"https:\/\/www.europesays.com\/fr\/wp-json\/wp\/v2\/posts\/385061","targetHints":{"allow":["GET"]}}],"collection":[{"href":"https:\/\/www.europesays.com\/fr\/wp-json\/wp\/v2\/posts"}],"about":[{"href":"https:\/\/www.europesays.com\/fr\/wp-json\/wp\/v2\/types\/post"}],"author":[{"embeddable":true,"href":"https:\/\/www.europesays.com\/fr\/wp-json\/wp\/v2\/users\/2"}],"replies":[{"embeddable":true,"href":"https:\/\/www.europesays.com\/fr\/wp-json\/wp\/v2\/comments?post=385061"}],"version-history":[{"count":0,"href":"https:\/\/www.europesays.com\/fr\/wp-json\/wp\/v2\/posts\/385061\/revisions"}],"wp:featuredmedia":[{"embeddable":true,"href":"https:\/\/www.europesays.com\/fr\/wp-json\/wp\/v2\/media\/385062"}],"wp:attachment":[{"href":"https:\/\/www.europesays.com\/fr\/wp-json\/wp\/v2\/media?parent=385061"}],"wp:term":[{"taxonomy":"category","embeddable":true,"href":"https:\/\/www.europesays.com\/fr\/wp-json\/wp\/v2\/categories?post=385061"},{"taxonomy":"post_tag","embeddable":true,"href":"https:\/\/www.europesays.com\/fr\/wp-json\/wp\/v2\/tags?post=385061"}],"curies":[{"name":"wp","href":"https:\/\/api.w.org\/{rel}","templated":true}]}}