{"id":385063,"date":"2025-09-12T10:27:12","date_gmt":"2025-09-12T10:27:12","guid":{"rendered":"https:\/\/www.europesays.com\/fr\/385063\/"},"modified":"2025-09-12T10:27:12","modified_gmt":"2025-09-12T10:27:12","slug":"que-faire-a-rouen-ce-week-end-12-au-14-septembre-2025","status":"publish","type":"post","link":"https:\/\/www.europesays.com\/fr\/385063\/","title":{"rendered":"Que faire \u00e0 Rouen ce week-end ? (12 au 14 septembre 2025)"},"content":{"rendered":"<p>Le week-end arrive et tu te demandes quoi faire \u00e0 Rouen ? \ud83d\ude0f Entre braderie g\u00e9ante, spectacle lumineux, festival agricole XXL et balades culturelles, on t\u2019a pr\u00e9par\u00e9 la liste des immanquables pour ne pas t\u2019ennuyer du vendredi au dimanche.<\/p>\n<p style=\"margin: 0; color: #000000; font-size: 16px; font-weight: bold;\">\u00c0 voir aussi sur Rouen Bouge<\/p>\n<\/p>\n<p>                    \u2716\n                <\/p>\n<p><strong>\ud83d\udecd\ufe0f La Braderie de Rouen<\/strong><\/p>\n<p>Les rues de Rouen se transforment en temple du shopping ce week-end ! Bons plans, bonnes affaires et animations en plein air : l\u2019occasion de fl\u00e2ner, chiner et profiter de l\u2019ambiance festive en ville.<\/p>\n<p>\ud83d\udcc5 Tout le week-end<br \/>\ud83d\udcb8 Gratuit<br \/>\ud83d\udccd Centre-ville de Rouen<\/p>\n<p><strong>\ud83c\udfcd\ufe0f Portes Ouvertes BMW Motorrad<\/strong><\/p>\n<p>Amateurs de deux-roues, c\u2019est votre moment. BMW Motorrad sort le grand jeu avec des essais de la gamme 2025, des offres exceptionnelles (-20% sur les \u00e9quipements, destockage casques, carte grise offerte*) et des animations en concession.<\/p>\n<p>\ud83d\udcc5 Vendredi 12 et samedi 13 septembre (ouverture en continu)<br \/>\ud83d\udcb8 Entr\u00e9e libre<br \/>\ud83d\udccd 1E Route du Havre, Saint-Jean-du-Cardonnay<\/p>\n<p><strong>\ud83c\udf3e Terres de Jim 2025<\/strong><\/p>\n<p>Un festival agricole XXL d\u00e9barque en Seine-Maritime ! Au programme : concerts (Black M, Collectif M\u00e9tiss\u00e9, Boney M Legend\u2026), concours de labours, balades \u00e0 poney, mini-ferme, spectacles \u00e9questres et un grand march\u00e9 fermier. La plus grande f\u00eate agricole de plein air d\u2019Europe, rien que \u00e7a.<\/p>\n<p>\ud83d\udcc5 Du vendredi 12 au dimanche 14 septembre<br \/>\ud83d\udcb8 Gratuit<br \/>\ud83d\udccd Vieux-Manoir, canton du Mesnil-Esnard<\/p>\n<p><strong>\u2728 Cath\u00e9drale de Lumi\u00e8re<\/strong><\/p>\n<p>Classique, mais toujours magique \u2728 La Cath\u00e9drale de Rouen s\u2019embrase de projections monumentales. Cette ann\u00e9e, deux spectacles \u00e0 d\u00e9couvrir : Viking, qui retrace l\u2019histoire scandinave en Normandie, et Optic Gothic, une version disco et hypnotisante sign\u00e9e Antoine + Manuel.<\/p>\n<p>\ud83d\udcc5 Vendredi 12 et samedi 13 septembre \u2013 21h30<br \/>\ud83d\udcb8 Gratuit<br \/>\ud83d\udccd Parvis de la Cath\u00e9drale Notre-Dame de Rouen<\/p>\n<p><strong>\ud83d\udcda Quai des Livres, Vinyles &amp; Jeux<\/strong><\/p>\n<p>Un dimanche plac\u00e9 sous le signe de la culture et de la convivialit\u00e9. Bouquinistes, collectionneurs et passionn\u00e9s se retrouvent pour partager leurs tr\u00e9sors : livres, vinyles, jeux de soci\u00e9t\u00e9 et d\u00e9dicaces d\u2019auteurs. Une sortie id\u00e9ale en famille ou entre amis.<\/p>\n<p>\ud83d\udcc5 Dimanche 14 septembre \u2013 d\u00e8s 10h<br \/>\ud83d\udcb8 Gratuit<br \/>\ud83d\udccd Quais bas rive droite, entre le pont Guillaume-le-Conqu\u00e9rant et le pont Flaubert, Rouen<\/p>\n<p>\ud83d\udc49 Voil\u00e0, ton week-end est book\u00e9 !<\/p>\n<p>Tu choisis quoi ? La braderie, les concerts de Black M, ou la magie des lumi\u00e8res de la Cath\u00e9drale ?<\/p>\n","protected":false},"excerpt":{"rendered":"Le week-end arrive et tu te demandes quoi faire \u00e0 Rouen ? \ud83d\ude0f Entre braderie g\u00e9ante, spectacle lumineux,&hellip;\n","protected":false},"author":2,"featured_media":385064,"comment_status":"","ping_status":"","sticky":false,"template":"","format":"standard","meta":{"footnotes":""},"categories":[9587],"tags":[1111,11,1777,674,1011,27,12,5161,25,9590],"class_list":{"0":"post-385063","1":"post","2":"type-post","3":"status-publish","4":"format-standard","5":"has-post-thumbnail","7":"category-rouen","8":"tag-actu","9":"tag-actualites","10":"tag-eu","11":"tag-europe","12":"tag-fr","13":"tag-france","14":"tag-news","15":"tag-normandie","16":"tag-republique-francaise","17":"tag-rouen"},"share_on_mastodon":{"url":"https:\/\/pubeurope.com\/@fr\/115190854188436830","error":""},"_links":{"self":[{"href":"https:\/\/www.europesays.com\/fr\/wp-json\/wp\/v2\/posts\/385063","targetHints":{"allow":["GET"]}}],"collection":[{"href":"https:\/\/www.europesays.com\/fr\/wp-json\/wp\/v2\/posts"}],"about":[{"href":"https:\/\/www.europesays.com\/fr\/wp-json\/wp\/v2\/types\/post"}],"author":[{"embeddable":true,"href":"https:\/\/www.europesays.com\/fr\/wp-json\/wp\/v2\/users\/2"}],"replies":[{"embeddable":true,"href":"https:\/\/www.europesays.com\/fr\/wp-json\/wp\/v2\/comments?post=385063"}],"version-history":[{"count":0,"href":"https:\/\/www.europesays.com\/fr\/wp-json\/wp\/v2\/posts\/385063\/revisions"}],"wp:featuredmedia":[{"embeddable":true,"href":"https:\/\/www.europesays.com\/fr\/wp-json\/wp\/v2\/media\/385064"}],"wp:attachment":[{"href":"https:\/\/www.europesays.com\/fr\/wp-json\/wp\/v2\/media?parent=385063"}],"wp:term":[{"taxonomy":"category","embeddable":true,"href":"https:\/\/www.europesays.com\/fr\/wp-json\/wp\/v2\/categories?post=385063"},{"taxonomy":"post_tag","embeddable":true,"href":"https:\/\/www.europesays.com\/fr\/wp-json\/wp\/v2\/tags?post=385063"}],"curies":[{"name":"wp","href":"https:\/\/api.w.org\/{rel}","templated":true}]}}