{"id":385065,"date":"2025-09-12T10:28:12","date_gmt":"2025-09-12T10:28:12","guid":{"rendered":"https:\/\/www.europesays.com\/fr\/385065\/"},"modified":"2025-09-12T10:28:12","modified_gmt":"2025-09-12T10:28:12","slug":"un-teor-prend-feu-pres-de-rouen-les-passagers-evacues-du-bus","status":"publish","type":"post","link":"https:\/\/www.europesays.com\/fr\/385065\/","title":{"rendered":"un Teor prend feu pr\u00e8s de Rouen, les passagers \u00e9vacu\u00e9s du bus"},"content":{"rendered":"<p>            Par<br \/>\n        <strong><br \/>\n            <a href=\"https:\/\/actu.fr\/auteur\/eaube\" title=\"Consulter tous les articles de Elo\u00efse Aub\u00e9\" target=\"_blank\" rel=\"noopener\">Elo\u00efse Aub\u00e9<\/a><br \/>\n        <\/strong><\/p>\n<p>        Publi\u00e9 le<\/p>\n<p>            12 sept. 2025 \u00e0 12h20        <\/p>\n<p>Les panaches de fum\u00e9e sont impressionnants. \u00c0 11\u2009h\u200945, ce vendredi 12\u00a0septembre 2025, <strong>un bus Teor a pris feu<\/strong> au niveau de la place Prat, sur la commune de Canteleu pr\u00e8s de <a href=\"https:\/\/actu.fr\/normandie\/rouen_76540\" target=\"_blank\" rel=\"noopener\">Rouen<\/a> (Seine-Maritime). On ignore encore les circonstances de cet incendie.<\/p>\n<p class=\" wall-content\">D\u2019apr\u00e8s le Sdis (Service D\u00e9partemental d\u2019Incendie et de Secours), le v\u00e9hicule a \u00e9t\u00e9 \u00ab\u2009totalement embras\u00e9\u2009\u00bb.<\/p>\n<p>Les secours arrivent<\/p>\n<p class=\" wall-content\">Les passagers du bus ont tous \u00e9t\u00e9 \u00e9vacu\u00e9s. Pour l\u2019heure, nul ne sait s\u2019il y a des bless\u00e9s ou non. Les secours arrivent sur les lieux de l\u2019incendie.<\/p>\n<p class=\" wall-content\">En cons\u00e9quence de cet incendie, <strong>la ligne T3<\/strong> est d\u00e9vi\u00e9e dans les deux sens de circulation indique le r\u00e9seau Astuce. Les arr\u00eats de Corniche \u00e0 Provence ne sont pas desservis.<\/p>\n<p class=\" wall-content\">Plus d\u2019informations \u00e0 venir\u2026<\/p>\n<p>Suivez l\u2019actualit\u00e9 de Rouen sur notre <a href=\"https:\/\/www.whatsapp.com\/channel\/0029VaKfnf99hXF2ddApFB1D\" target=\"_blank\" rel=\"noopener\">cha\u00eene WhatsApp<\/a> et sur notre <a href=\"https:\/\/www.tiktok.com\/@76actu.fr?lang=fr\" target=\"_blank\" rel=\"noopener\">compte TikTok<\/a><\/p>\n<p class=\" wall-content\">Personnalisez votre actualit\u00e9 en ajoutant vos villes et m\u00e9dias en favori avec <a href=\"https:\/\/moncompte.actu.fr\" title=\"D\u00e9couvez Mon Actu\" rel=\"nofollow noopener\" data-trk=\"{&quot;cta&quot;:{&quot;action&quot;:&quot;https:\\\/\\\/moncompte.actu.fr&quot;,&quot;category&quot;:&quot;mon compte&quot;,&quot;from&quot;:&quot;article footer&quot;,&quot;name&quot;:&quot;Mon actu&quot;,&quot;type&quot;:&quot;cta&quot;}}\" target=\"_blank\">Mon Actu<\/a>.<\/p>\n<p>                    <script async src=\"\/\/www.tiktok.com\/embed.js\"><\/script><\/p>\n","protected":false},"excerpt":{"rendered":"Par Elo\u00efse Aub\u00e9 Publi\u00e9 le 12 sept. 2025 \u00e0 12h20 Les panaches de fum\u00e9e sont impressionnants. \u00c0 11\u2009h\u200945,&hellip;\n","protected":false},"author":2,"featured_media":385066,"comment_status":"","ping_status":"","sticky":false,"template":"","format":"standard","meta":{"footnotes":""},"categories":[9587],"tags":[1111,11,1777,674,118,1011,27,1310,12,5161,1311,25,9590,31790],"class_list":{"0":"post-385065","1":"post","2":"type-post","3":"status-publish","4":"format-standard","5":"has-post-thumbnail","7":"category-rouen","8":"tag-actu","9":"tag-actualites","10":"tag-eu","11":"tag-europe","12":"tag-faits-divers","13":"tag-fr","14":"tag-france","15":"tag-incendie","16":"tag-news","17":"tag-normandie","18":"tag-pompiers","19":"tag-republique-francaise","20":"tag-rouen","21":"tag-teor"},"share_on_mastodon":{"url":"https:\/\/pubeurope.com\/@fr\/115190857964495339","error":""},"_links":{"self":[{"href":"https:\/\/www.europesays.com\/fr\/wp-json\/wp\/v2\/posts\/385065","targetHints":{"allow":["GET"]}}],"collection":[{"href":"https:\/\/www.europesays.com\/fr\/wp-json\/wp\/v2\/posts"}],"about":[{"href":"https:\/\/www.europesays.com\/fr\/wp-json\/wp\/v2\/types\/post"}],"author":[{"embeddable":true,"href":"https:\/\/www.europesays.com\/fr\/wp-json\/wp\/v2\/users\/2"}],"replies":[{"embeddable":true,"href":"https:\/\/www.europesays.com\/fr\/wp-json\/wp\/v2\/comments?post=385065"}],"version-history":[{"count":0,"href":"https:\/\/www.europesays.com\/fr\/wp-json\/wp\/v2\/posts\/385065\/revisions"}],"wp:featuredmedia":[{"embeddable":true,"href":"https:\/\/www.europesays.com\/fr\/wp-json\/wp\/v2\/media\/385066"}],"wp:attachment":[{"href":"https:\/\/www.europesays.com\/fr\/wp-json\/wp\/v2\/media?parent=385065"}],"wp:term":[{"taxonomy":"category","embeddable":true,"href":"https:\/\/www.europesays.com\/fr\/wp-json\/wp\/v2\/categories?post=385065"},{"taxonomy":"post_tag","embeddable":true,"href":"https:\/\/www.europesays.com\/fr\/wp-json\/wp\/v2\/tags?post=385065"}],"curies":[{"name":"wp","href":"https:\/\/api.w.org\/{rel}","templated":true}]}}