{"id":385069,"date":"2025-09-12T10:32:14","date_gmt":"2025-09-12T10:32:14","guid":{"rendered":"https:\/\/www.europesays.com\/fr\/385069\/"},"modified":"2025-09-12T10:32:14","modified_gmt":"2025-09-12T10:32:14","slug":"a-rennes-avec-les-manifestants-du-mouvement-du-10-septembre","status":"publish","type":"post","link":"https:\/\/www.europesays.com\/fr\/385069\/","title":{"rendered":"\u00e0 Rennes avec les manifestants du mouvement du 10 septembre"},"content":{"rendered":"<p>La journ\u00e9e commence t\u00f4t. D\u00e8s 5\u00a0h\u00a044, sur les boucles<br \/>\nTelegram et Signal de \u00ab\u00a0Bloquons tout\u00a0\u00bb consacr\u00e9es aux<br \/>\nactions en Ille-et-Vilaine, les manifestants s\u2019encouragent<br \/>\nmutuellement. La matin\u00e9e sera longue. Elle d\u00e9bute par plusieurs<br \/>\nop\u00e9rations de blocage de la rocade de Rennes.<\/p>\n<p>\u00ab\u00a0Une astuce pour bloquer un rond-point\u00a0: ne<br \/>\nrestez pas statique. Formez une grande file de pi\u00e9tons et<br \/>\ntraversez. C\u2019est l\u00e9gal\u00a0\u00bb, conseille un participant. Porte<br \/>\nd\u2019Alma, les militants en noir appliquent la consigne. Ils<br \/>\nenvahissent la chauss\u00e9e et paralysent les voitures dans les deux<br \/>\nsens. Des palettes et des barri\u00e8res m\u00e9talliques sont dress\u00e9es en<br \/>\nmur de fortune.<\/p>\n<p>Sur place, certains discutent avec les automobilistes pour les<br \/>\nrallier \u00e0 la cause. L\u2019accueil est globalement favorable.<br \/>\n\u00ab\u00a0Porte bloqu\u00e9e\u00a0: les flics sont une vingtaine,<br \/>\nencercl\u00e9s par 200 camarades\u00a0!\u00a0\u00bb, se f\u00e9licite-t-on<br \/>\nsur Telegram.<\/p>\n<p>\u00ab\u00a0\u00c7a canarde. Mais \u00e7a tient, \u00e7a chante, \u00e7a<br \/>\ndanse.\u00a0\u00bb<\/p>\n<p>Le ton change deux heures plus tard. \u00ab\u00a0\u00c7a<br \/>\ncanarde\u00a0: d\u00e9sencerclante, assourdissante, lacrymo. Mais \u00e7a<br \/>\ntient, \u00e7a chante, \u00e7a danse.\u00a0\u00bb Plusieurs jeunes sont<br \/>\nbless\u00e9s \u00e0 la jambe. Un bus finit incendi\u00e9. Le conducteur, qui<br \/>\npartait prendre son service, par<\/p>\n","protected":false},"excerpt":{"rendered":"La journ\u00e9e commence t\u00f4t. D\u00e8s 5\u00a0h\u00a044, sur les boucles Telegram et Signal de \u00ab\u00a0Bloquons tout\u00a0\u00bb consacr\u00e9es aux actions&hellip;\n","protected":false},"author":2,"featured_media":385070,"comment_status":"","ping_status":"","sticky":false,"template":"","format":"standard","meta":{"footnotes":""},"categories":[2821],"tags":[1111,11,829,1777,674,1011,27,12,584,25],"class_list":{"0":"post-385069","1":"post","2":"type-post","3":"status-publish","4":"format-standard","5":"has-post-thumbnail","7":"category-rennes","8":"tag-actu","9":"tag-actualites","10":"tag-bretagne","11":"tag-eu","12":"tag-europe","13":"tag-fr","14":"tag-france","15":"tag-news","16":"tag-rennes","17":"tag-republique-francaise"},"share_on_mastodon":{"url":"https:\/\/pubeurope.com\/@fr\/115190873732920627","error":""},"_links":{"self":[{"href":"https:\/\/www.europesays.com\/fr\/wp-json\/wp\/v2\/posts\/385069","targetHints":{"allow":["GET"]}}],"collection":[{"href":"https:\/\/www.europesays.com\/fr\/wp-json\/wp\/v2\/posts"}],"about":[{"href":"https:\/\/www.europesays.com\/fr\/wp-json\/wp\/v2\/types\/post"}],"author":[{"embeddable":true,"href":"https:\/\/www.europesays.com\/fr\/wp-json\/wp\/v2\/users\/2"}],"replies":[{"embeddable":true,"href":"https:\/\/www.europesays.com\/fr\/wp-json\/wp\/v2\/comments?post=385069"}],"version-history":[{"count":0,"href":"https:\/\/www.europesays.com\/fr\/wp-json\/wp\/v2\/posts\/385069\/revisions"}],"wp:featuredmedia":[{"embeddable":true,"href":"https:\/\/www.europesays.com\/fr\/wp-json\/wp\/v2\/media\/385070"}],"wp:attachment":[{"href":"https:\/\/www.europesays.com\/fr\/wp-json\/wp\/v2\/media?parent=385069"}],"wp:term":[{"taxonomy":"category","embeddable":true,"href":"https:\/\/www.europesays.com\/fr\/wp-json\/wp\/v2\/categories?post=385069"},{"taxonomy":"post_tag","embeddable":true,"href":"https:\/\/www.europesays.com\/fr\/wp-json\/wp\/v2\/tags?post=385069"}],"curies":[{"name":"wp","href":"https:\/\/api.w.org\/{rel}","templated":true}]}}