{"id":38507,"date":"2025-04-20T09:10:24","date_gmt":"2025-04-20T09:10:24","guid":{"rendered":"https:\/\/www.europesays.com\/fr\/38507\/"},"modified":"2025-04-20T09:10:24","modified_gmt":"2025-04-20T09:10:24","slug":"omnisports-deux-anciens-de-las-nancy-lorraine-qui-prennent-de-la-bouteille-des-albums-photos-et-le-vnvb-a-la-tele-on-en-parle-au-cafe-des-sports","status":"publish","type":"post","link":"https:\/\/www.europesays.com\/fr\/38507\/","title":{"rendered":"Omnisports Deux anciens de l\u2019AS Nancy Lorraine qui prennent de la bouteille, des albums photos et le VNVB \u00e0 la t\u00e9l\u00e9\u2026 On en parle au caf\u00e9 des sports\u00a0!"},"content":{"rendered":"<p>  Joyeux anniversaire<\/p>\n<p>Ils ne sont pas de la m\u00eame g\u00e9n\u00e9ration, mais ils ont la particularit\u00e9 d\u2019avoir port\u00e9 le maillot de l\u2019ASNL et de f\u00eater leur anniversaire ce dimanche\u00a0: toujours en activit\u00e9 \u00e0 K\u00e9nitra (2e division marocaine), le milieu d\u2019origine touloise <a href=\"https:\/\/www.estrepublicain.fr\/sport\/2020\/09\/04\/amin-tighazoui-attaquant-forme-a-l-asnl-et-libre\" target=\"_blank\" rel=\"noopener\">Amin Tighazoui<\/a> a 35 ans. De son c\u00f4t\u00e9, Sacha Zavarov, qui habite \u00e0 Kiev et dont <a href=\"https:\/\/www.estrepublicain.fr\/sport\/2022\/03\/01\/alexander-zavarov-l-ancien-joueur-star-de-l-as-nancy-lorraine-au-coeur-du-conflit-ukrainien\" target=\"_blank\" rel=\"noopener\">nous avions vainement tent\u00e9 de prendre des nouvelles<\/a> au d\u00e9but de la guerre, souffle ses 64 bougies.<\/p>\n<p>  Sur le web<\/p>\n<p>Ce dimanche, <a href=\"https:\/\/www.estrepublicain.fr\/sport\/sport-lorrain\" target=\"_blank\" rel=\"noopener\">sur notre site<\/a> , suivez les r\u00e9sultats en direct et d\u00e9couvrez nos galeries photos du jour.<\/p>\n<p>  \u00c0 la t\u00e9l\u00e9<\/p>\n<p><strong>7\u00a0h\u00a0:<\/strong> MOTO. 24 heures du\u00a0Mans (la cha\u00eene L\u2019\u00c9quipe)<\/p>\n<p><strong>14\u00a0h\u00a035\u00a0:<\/strong> CYCLISME. Amstel Gold Race (France 3)<\/p>\n<p><strong>16\u00a0h\u00a0:<\/strong> TENNIS. Tournoi de Barcelone. Finale (Eurosport 2)<\/p>\n<p><strong>17\u00a0h\u00a0:<\/strong> VOLLEY. Ligue A F. Demi-finale. Levallois &#8211; VNVB (Sport en France)<\/p>\n<p><strong>20\u00a0h\u00a045\u00a0:<\/strong> FOOTBALL. Ligue 1. Saint-Etienne &#8211; Lyon (DAZN)<\/p>\n","protected":false},"excerpt":{"rendered":"Joyeux anniversaire Ils ne sont pas de la m\u00eame g\u00e9n\u00e9ration, mais ils ont la particularit\u00e9 d\u2019avoir port\u00e9 le&hellip;\n","protected":false},"author":2,"featured_media":38508,"comment_status":"","ping_status":"","sticky":false,"template":"","format":"standard","meta":{"footnotes":""},"categories":[9635],"tags":[1111,11,3703,1704,1777,674,63,1011,27,775,1702,1703,12,25,517,1700],"class_list":{"0":"post-38507","1":"post","2":"type-post","3":"status-publish","4":"format-standard","5":"has-post-thumbnail","7":"category-nancy","8":"tag-actu","9":"tag-actualites","10":"tag-asnl","11":"tag-edition-nancy-et-agglomeration","12":"tag-eu","13":"tag-europe","14":"tag-football","15":"tag-fr","16":"tag-france","17":"tag-grand-est","18":"tag-nancy","19":"tag-nancy-ville-54b","20":"tag-news","21":"tag-republique-francaise","22":"tag-sport","23":"tag-sport-lorrain"},"share_on_mastodon":{"url":"https:\/\/pubeurope.com\/@fr\/114369516227009570","error":""},"_links":{"self":[{"href":"https:\/\/www.europesays.com\/fr\/wp-json\/wp\/v2\/posts\/38507","targetHints":{"allow":["GET"]}}],"collection":[{"href":"https:\/\/www.europesays.com\/fr\/wp-json\/wp\/v2\/posts"}],"about":[{"href":"https:\/\/www.europesays.com\/fr\/wp-json\/wp\/v2\/types\/post"}],"author":[{"embeddable":true,"href":"https:\/\/www.europesays.com\/fr\/wp-json\/wp\/v2\/users\/2"}],"replies":[{"embeddable":true,"href":"https:\/\/www.europesays.com\/fr\/wp-json\/wp\/v2\/comments?post=38507"}],"version-history":[{"count":0,"href":"https:\/\/www.europesays.com\/fr\/wp-json\/wp\/v2\/posts\/38507\/revisions"}],"wp:featuredmedia":[{"embeddable":true,"href":"https:\/\/www.europesays.com\/fr\/wp-json\/wp\/v2\/media\/38508"}],"wp:attachment":[{"href":"https:\/\/www.europesays.com\/fr\/wp-json\/wp\/v2\/media?parent=38507"}],"wp:term":[{"taxonomy":"category","embeddable":true,"href":"https:\/\/www.europesays.com\/fr\/wp-json\/wp\/v2\/categories?post=38507"},{"taxonomy":"post_tag","embeddable":true,"href":"https:\/\/www.europesays.com\/fr\/wp-json\/wp\/v2\/tags?post=38507"}],"curies":[{"name":"wp","href":"https:\/\/api.w.org\/{rel}","templated":true}]}}