{"id":385071,"date":"2025-09-12T10:33:12","date_gmt":"2025-09-12T10:33:12","guid":{"rendered":"https:\/\/www.europesays.com\/fr\/385071\/"},"modified":"2025-09-12T10:33:12","modified_gmt":"2025-09-12T10:33:12","slug":"passagere-tuee-lors-dune-operation-antidrogue-a-rennes-six-ans-de-prison-pour-le-conducteur","status":"publish","type":"post","link":"https:\/\/www.europesays.com\/fr\/385071\/","title":{"rendered":"Passag\u00e8re tu\u00e9e lors d\u2019une op\u00e9ration antidrogue \u00e0 Rennes\u00a0: six ans de prison pour le conducteur"},"content":{"rendered":"<p class=\"paragraph text_align_left lp-f-body-02\">Le conducteur d\u2019un v\u00e9hicule dans lequel <a href=\"https:\/\/www.leparisien.fr\/faits-divers\/rennes-une-femme-de-22-ans-tuee-et-un-homme-de-26-ans-blesse-par-balles-lors-dun-controle-anti-drogue-07-09-2022-S736MEUYJZAE7PXA3PEG7JONB4.php\" target=\"_blank\" rel=\"noreferrer nofollow noopener\">une jeune femme est morte en 2022<\/a>, tu\u00e9e <a href=\"https:\/\/www.leparisien.fr\/faits-divers\/refus-dobtemperer-mortel-a-rennes-le-conducteur-ecroue-le-policier-entendu-par-ligpn-09-09-2022-Y3GCJ2S7BRBCNMEOVJPUPFZ6DQ.php\" target=\"_blank\" rel=\"noreferrer nofollow noopener\">par le tir d\u2019un policier<\/a> lors d\u2019une op\u00e9ration antidrogue sur la rocade de Rennes (Ille-et-Vilaine), a \u00e9t\u00e9 condamn\u00e9 \u00e0 six ans de prison pour \u00ab\u00a0homicide involontaire\u00a0\u00bb, a-t-on appris vendredi aupr\u00e8s du parquet.<\/p>\n<p class=\"paragraph text_align_left lp-f-body-02\">Jeudi, lors de l\u2019audience devant le tribunal correctionnel de Rennes, le minist\u00e8re public avait requis une peine de huit ans de prison ferme \u00e0 l\u2019encontre de cet homme n\u00e9 en 1996, a pr\u00e9cis le parquet de Rennes, confirmant une information du quotidien <a href=\"https:\/\/www.ouest-france.fr\/societe\/justice\/jeune-femme-tuee-par-un-tir-policier-sur-la-rocade-de-rennes-son-compagnon-trafiquant-condamne-c5043154-8f07-11f0-b721-b06ecd26fbd1\" target=\"_blank\" rel=\"noreferrer nofollow noopener\">Ouest-France<\/a>.<\/p>\n<p>Un tir unique<\/p>\n<p class=\"paragraph text_align_left lp-f-body-02\">Le 7\u00a0septembre 2022, un important dispositif de police a \u00e9t\u00e9 d\u00e9ploy\u00e9 sur une bretelle de la rocade de Rennes pour intercepter un conducteur dans le cadre d\u2019une enqu\u00eate sur un trafic de stup\u00e9fiants. \u00c0 ses c\u00f4t\u00e9s dans la voiture se trouvait sa compagne, \u00e2g\u00e9e de 22\u00a0ans.<\/p>\n<p class=\"paragraph text_align_left lp-f-body-02\">Lorsque les policiers ont d\u00e9clench\u00e9 l\u2019op\u00e9ration pour le stopper, le conducteur a refus\u00e9 d\u2019obtemp\u00e9rer et a tent\u00e9 de passer entre les deux voitures de police qui lui barraient la route. Un policier a saut\u00e9 sur le c\u00f4t\u00e9 pour s\u2019\u00e9carter mais a quand m\u00eame \u00e9t\u00e9 touch\u00e9 \u00e0 la cuisse. Se sentant menac\u00e9, il a tir\u00e9 un unique coup de feu, du c\u00f4t\u00e9 du conducteur.<\/p>\n<p class=\"lp-card-podcast-highlighting__title  lp-f-subtitle-05\">[2\/6] Jubillar\u00a0: de la disparition au proc\u00e8s, une affaire sans corps ni aveux<\/p>\n<p class=\"lp-card-podcast-highlighting__description lp-f-ui-05\">Crime story raconte chaque semaine les grandes affaires criminelles.<\/p>\n<p><a class=\"lp-card-podcast-highlighting__call-to-action\" data-page-type=\"HP\" data-block-name=\"podcast-highlight\">\u00c9couter<\/a><\/p>\n<p class=\"paragraph text_align_left lp-f-body-02\">La balle a travers\u00e9 le bras du pr\u00e9venu pour finir sa course dans le flanc gauche de la passag\u00e8re. Malgr\u00e9 l\u2019intervention des secours, la jeune femme, inconnue de la justice, est d\u00e9c\u00e9d\u00e9e sur place.<\/p>\n<p>Non-lieu pour le policier<\/p>\n<p class=\"paragraph text_align_left lp-f-body-02\">Le policier auteur du tir avait \u00e9t\u00e9 mis en examen pour homicide involontaire mais le juge d\u2019instruction a ordonn\u00e9 <a href=\"https:\/\/www.leparisien.fr\/faits-divers\/refus-dobtemperer-a-rennes-pas-de-poursuites-contre-le-policier-apres-la-mort-dune-femme-de-22-ans-06-10-2022-M2KLFFHPQNHTRATIPP4REWKACE.php\" target=\"_blank\" rel=\"noreferrer nofollow noopener\">un non-lieu en avril\u00a02025,<\/a> selon le parquet.<\/p>\n<p class=\"paragraph text_align_left lp-f-body-02\">C\u2019est finalement la responsabilit\u00e9 du conducteur du v\u00e9hicule, contre lequel la m\u00e8re de la victime avait port\u00e9 plainte, qui a \u00e9t\u00e9 retenue dans le d\u00e9c\u00e8s de la passag\u00e8re.<\/p>\n","protected":false},"excerpt":{"rendered":"Le conducteur d\u2019un v\u00e9hicule dans lequel une jeune femme est morte en 2022, tu\u00e9e par le tir d\u2019un&hellip;\n","protected":false},"author":2,"featured_media":369120,"comment_status":"","ping_status":"","sticky":false,"template":"","format":"standard","meta":{"footnotes":""},"categories":[2821],"tags":[1111,11,829,459,1777,674,118,1011,27,12,584,25],"class_list":{"0":"post-385071","1":"post","2":"type-post","3":"status-publish","4":"format-standard","5":"has-post-thumbnail","7":"category-rennes","8":"tag-actu","9":"tag-actualites","10":"tag-bretagne","11":"tag-departements-horsidfo","12":"tag-eu","13":"tag-europe","14":"tag-faits-divers","15":"tag-fr","16":"tag-france","17":"tag-news","18":"tag-rennes","19":"tag-republique-francaise"},"share_on_mastodon":{"url":"https:\/\/pubeurope.com\/@fr\/115190877930927281","error":""},"_links":{"self":[{"href":"https:\/\/www.europesays.com\/fr\/wp-json\/wp\/v2\/posts\/385071","targetHints":{"allow":["GET"]}}],"collection":[{"href":"https:\/\/www.europesays.com\/fr\/wp-json\/wp\/v2\/posts"}],"about":[{"href":"https:\/\/www.europesays.com\/fr\/wp-json\/wp\/v2\/types\/post"}],"author":[{"embeddable":true,"href":"https:\/\/www.europesays.com\/fr\/wp-json\/wp\/v2\/users\/2"}],"replies":[{"embeddable":true,"href":"https:\/\/www.europesays.com\/fr\/wp-json\/wp\/v2\/comments?post=385071"}],"version-history":[{"count":0,"href":"https:\/\/www.europesays.com\/fr\/wp-json\/wp\/v2\/posts\/385071\/revisions"}],"wp:featuredmedia":[{"embeddable":true,"href":"https:\/\/www.europesays.com\/fr\/wp-json\/wp\/v2\/media\/369120"}],"wp:attachment":[{"href":"https:\/\/www.europesays.com\/fr\/wp-json\/wp\/v2\/media?parent=385071"}],"wp:term":[{"taxonomy":"category","embeddable":true,"href":"https:\/\/www.europesays.com\/fr\/wp-json\/wp\/v2\/categories?post=385071"},{"taxonomy":"post_tag","embeddable":true,"href":"https:\/\/www.europesays.com\/fr\/wp-json\/wp\/v2\/tags?post=385071"}],"curies":[{"name":"wp","href":"https:\/\/api.w.org\/{rel}","templated":true}]}}