{"id":385072,"date":"2025-09-12T10:34:11","date_gmt":"2025-09-12T10:34:11","guid":{"rendered":"https:\/\/www.europesays.com\/fr\/385072\/"},"modified":"2025-09-12T10:34:11","modified_gmt":"2025-09-12T10:34:11","slug":"quand-les-grandes-villes-dalsace-dissonent","status":"publish","type":"post","link":"https:\/\/www.europesays.com\/fr\/385072\/","title":{"rendered":"Quand les grandes villes d\u2019Alsace dissonent"},"content":{"rendered":"<p>Force est de le constater\u00a0: ces \u00e9lus donnent parfois l\u2019impression de marcher sur des \u0153ufs, quand il s\u2019agit de faire entendre un son de cloche diff\u00e9rent. Alors que <a href=\"https:\/\/www.lasemaine.fr\/politique\/indiscrets\/grand-est-sondages-qui-dit-vrai-sur-lavenir-de-lalsace\/\" data-type=\"post\" data-id=\"400373\" rel=\"nofollow noopener\" target=\"_blank\">les sondages se multiplient, <\/a>tendant \u00e0 d\u00e9montrer un vrai \u00e9lan de la population alsacienne <a href=\"https:\/\/www.lasemaine.fr\/politique\/et-si-lalsace-quittait-le-grand-est-un-debat-qui-refait-surface\/\" data-type=\"post\" data-id=\"401722\" rel=\"nofollow noopener\" target=\"_blank\">pour une sortie du Grand Est,<\/a> des personnalit\u00e9s comme <a href=\"https:\/\/www.lasemaine.fr\/politique\/metz-et-nancy-nos-maires-sont-ils-mediatiques\/\" data-type=\"post\" data-id=\"325940\" rel=\"nofollow noopener\" target=\"_blank\">Jeanne Barseghian<\/a>, la maire \u00e9cologiste de Strasbourg, Mich\u00e8le Lutz, la maire LR de Mulhouse ou Pia Imbs, maire de Holtzheim et pr\u00e9sidente de l\u2019Eurom\u00e9tropole de Strasbourg, n\u2019ont pas h\u00e9sit\u00e9 l\u2019an dernier \u00e0 prendre la plume pour envoyer une lettre au Pr\u00e9sident de la R\u00e9publique. La m\u00e9thode est discr\u00e8te, mais l\u2019objectif \u00e9tait clair\u00a0: montrer que l\u2019Alsace n\u2019est pas \u00e0 l\u2019unisson sur la question.<\/p>\n<p>La crainte d\u2019un affaiblissement institutionnel<\/p>\n<p>Dans cette lettre, les maires affirment que \u00ab\u00a0l\u2019avenir de nos territoires passe par une r\u00e9gion Grand Est forte, visible et cr\u00e9dible\u00a0\u00bb et non par une Alsace isol\u00e9e. Ils demandent \u00e0 l\u2019ex\u00e9cutif de \u00ab\u00a0mettre fin aux incertitudes institutionnelles\u00a0\u00bb qui fragilisent les collectivit\u00e9s. Leur message s\u2019oppose frontalement aux positions de la CEA, qui revendique l\u2019appui de sondages favorables \u00e0 une sortie. La voix de Strasbourg, port\u00e9e par Jeanne Barseghian, a une r\u00e9sonance particuli\u00e8re.<\/p>\n<p><img loading=\"lazy\" data-lazyloaded=\"1\" decoding=\"async\" width=\"683\" height=\"1024\" src=\"https:\/\/www.europesays.com\/fr\/wp-content\/uploads\/2025\/09\/Barseghian-683x1024.png\" alt=\"\" class=\"wp-image-401751\"  data-\/>\u00a9 Strasbourg eu<\/p>\n<p>Elle rappelle que \u00ab\u00a0l\u2019ancrage europ\u00e9en de notre m\u00e9tropole se nourrit de la dynamique d\u2019une grande r\u00e9gion\u00a0\u00bb et qu\u2019un affaiblissement institutionnel pourrait nuire au r\u00f4le de capitale europ\u00e9enne. \u00c0 Mulhouse, Mich\u00e8le Lutz insiste sur l\u2019efficacit\u00e9 d\u2019une grande r\u00e9gion pour traiter des dossiers lourds comme les transports ou la sant\u00e9. \u00ab\u00a0Le d\u00e9bat permanent sur l\u2019avenir institutionnel de l\u2019Alsace fragilise nos collectivit\u00e9s et brouille le message envoy\u00e9 \u00e0 nos partenaires.\u00a0\u00bb<\/p>\n<p>Le pragmatisme face au discours identitaire<\/p>\n<p>Ces positions ne nient pas l\u2019identit\u00e9 alsacienne, mais rappellent l\u2019importance d\u2019une \u00e9chelle plus vaste pour peser dans les n\u00e9gociations avec Paris et Bruxelles. Les \u00e9lus mettent en avant les b\u00e9n\u00e9fices concrets de la coop\u00e9ration r\u00e9gionale\u00a0: financements europ\u00e9ens, coordination hospitali\u00e8re, projets d\u2019infrastructures. Ils craignent qu\u2019un retour en arri\u00e8re n\u2019entra\u00eene perte d\u2019influence et complexit\u00e9 administrative accrue. Face au projet port\u00e9 par Fr\u00e9d\u00e9ric Bierry et la CEA, ces maires privil\u00e9gient les attentes quotidiennes des habitants\u00a0: logement, emploi, transition \u00e9cologique. \u00ab\u00a0Nos concitoyens attendent des r\u00e9ponses concr\u00e8tes aux d\u00e9fis quotidiens. Nous ne pouvons pas d\u00e9tourner notre \u00e9nergie dans des querelles institutionnelles\u00a0\u00bb, rappellent-ils.<\/p>\n<blockquote class=\"wp-block-quote is-layout-flow wp-block-quote-is-layout-flow\">\n<p>\u00ab\u00a0L\u2019ancrage europ\u00e9en de notre m\u00e9tropole se nourrit de la dynamique d\u2019une grande r\u00e9gion.\u00a0\u00bb<\/p>\n<p>Extrait du courrier envoy\u00e9 \u00e0 Emmanuel Macron par les maires du Grand Est.<\/p><\/blockquote>\n<p>La lettre insiste sur la n\u00e9cessit\u00e9 de stabilit\u00e9 et de lisibilit\u00e9\u00a0: \u00ab\u00a0La stabilit\u00e9 et la lisibilit\u00e9 de nos institutions sont des conditions essentielles pour pr\u00e9parer l\u2019avenir.\u00a0\u00bb Pour le pr\u00e9sident de la Collectivit\u00e9 europ\u00e9enne d\u2019Alsace, Fr\u00e9d\u00e9ric Bierry, ces quelques \u00e9lus p\u00e8sent peu dans le d\u00e9bat\u00a0: \u00ab\u00a0Il y a 900 \u00e9lus alsaciens qui ont sign\u00e9 notre manifeste pour la sortie du Grand Est, \u00e7a a grand sens. Alors apr\u00e8s, vous avez\u00a0quelques maires de grandes villes qui ne veulent pas que la collectivit\u00e9 prenne trop de poids. C\u2019est vrai, quand on voit Strasbourg, Mulhouse, on se dit que ce sont des villes qui jouent la division, pour pouvoir peser plus.\u00a0\u00bb Derri\u00e8re l\u2019image d\u2019une Alsace unanime pour quitter le Grand Est, une autre voix existe, celle des grandes villes. Leur appel au pr\u00e9sident de la R\u00e9publique en 2024 rappelle que le d\u00e9bat est loin d\u2019\u00eatre clos et que l\u2019avenir institutionnel de l\u2019Alsace n\u2019est pas \u00e9crit d\u2019avance.<\/p>\n<p>Andr\u00e9 Reichardt\u00a0: la d\u00e9mission qui en dit long<\/p>\n<p>C\u2019est un signal fort envoy\u00e9 \u00e0 tous ceux qui douteraient encore que la question de la sortie de l\u2019Alsace du Grand Est reste au centre des pr\u00e9occupations de l\u2019autre c\u00f4t\u00e9 des Vosges. Le s\u00e9nateur du Bas-Rhin Andr\u00e9 Reichardt (apparent\u00e9 LR) a annonc\u00e9 sa d\u00e9mission le 5\u00a0septembre, effective \u00e0 la fin du mois. Un geste rare, motiv\u00e9 par ce qu\u2019il d\u00e9nonce comme \u00ab\u00a0l\u2019absence totale de consid\u00e9ration \u2013 pour ne pas dire le m\u00e9pris \u2013 des plus hautes autorit\u00e9s de l\u2019\u00c9tat \u00e0 l\u2019\u00e9gard de la demande de retrouver une R\u00e9gion Alsace hors du Grand Est\u00a0\u00bb. La goutte d\u2019eau\u00a0: la r\u00e9ponse de l\u2019\u00c9lys\u00e9e \u00e0 un courrier cosign\u00e9 par 12 parlementaires alsaciens, demandant une relance du sujet apr\u00e8s la publication en juin dernier d\u2019un nouveau sondage r\u00e9v\u00e9lant que 72\u00a0% des Alsaciens seraient favorables \u00e0 la sortie de l\u2019Alsace du Grand Est. Une r\u00e9ponse qualifi\u00e9e de \u00ab\u00a0dilatoire mais vexatoire\u00a0\u00bb, car renvoyant le dossier au ministre Fran\u00e7ois Rebsamen, loin selon lui des vrais centres de d\u00e9cision. \u00c2g\u00e9 de 75 ans, s\u00e9nateur depuis 2010, Andr\u00e9 Reichardt laisse son si\u00e8ge \u00e0 Marc S\u00e9n\u00e9, maire de Sarre-Union. En claquant la porte du S\u00e9nat, il veut lancer un signal politique\u00a0: secouer Paris et rappeler que la revendication d\u2019une Alsace \u00e0 part enti\u00e8re reste vive, au-del\u00e0 des clivages partisans.<\/p>\n","protected":false},"excerpt":{"rendered":"Force est de le constater\u00a0: ces \u00e9lus donnent parfois l\u2019impression de marcher sur des \u0153ufs, quand il s\u2019agit&hellip;\n","protected":false},"author":2,"featured_media":385073,"comment_status":"","ping_status":"","sticky":false,"template":"","format":"standard","meta":{"footnotes":""},"categories":[2820],"tags":[1111,11,1777,674,1011,27,775,12,25,640],"class_list":{"0":"post-385072","1":"post","2":"type-post","3":"status-publish","4":"format-standard","5":"has-post-thumbnail","7":"category-strasbourg","8":"tag-actu","9":"tag-actualites","10":"tag-eu","11":"tag-europe","12":"tag-fr","13":"tag-france","14":"tag-grand-est","15":"tag-news","16":"tag-republique-francaise","17":"tag-strasbourg"},"share_on_mastodon":{"url":"https:\/\/pubeurope.com\/@fr\/115190881743865644","error":""},"_links":{"self":[{"href":"https:\/\/www.europesays.com\/fr\/wp-json\/wp\/v2\/posts\/385072","targetHints":{"allow":["GET"]}}],"collection":[{"href":"https:\/\/www.europesays.com\/fr\/wp-json\/wp\/v2\/posts"}],"about":[{"href":"https:\/\/www.europesays.com\/fr\/wp-json\/wp\/v2\/types\/post"}],"author":[{"embeddable":true,"href":"https:\/\/www.europesays.com\/fr\/wp-json\/wp\/v2\/users\/2"}],"replies":[{"embeddable":true,"href":"https:\/\/www.europesays.com\/fr\/wp-json\/wp\/v2\/comments?post=385072"}],"version-history":[{"count":0,"href":"https:\/\/www.europesays.com\/fr\/wp-json\/wp\/v2\/posts\/385072\/revisions"}],"wp:featuredmedia":[{"embeddable":true,"href":"https:\/\/www.europesays.com\/fr\/wp-json\/wp\/v2\/media\/385073"}],"wp:attachment":[{"href":"https:\/\/www.europesays.com\/fr\/wp-json\/wp\/v2\/media?parent=385072"}],"wp:term":[{"taxonomy":"category","embeddable":true,"href":"https:\/\/www.europesays.com\/fr\/wp-json\/wp\/v2\/categories?post=385072"},{"taxonomy":"post_tag","embeddable":true,"href":"https:\/\/www.europesays.com\/fr\/wp-json\/wp\/v2\/tags?post=385072"}],"curies":[{"name":"wp","href":"https:\/\/api.w.org\/{rel}","templated":true}]}}