{"id":385074,"date":"2025-09-12T10:36:17","date_gmt":"2025-09-12T10:36:17","guid":{"rendered":"https:\/\/www.europesays.com\/fr\/385074\/"},"modified":"2025-09-12T10:36:17","modified_gmt":"2025-09-12T10:36:17","slug":"pourquoi-les-saucisses-de-strasbourg-sont-en-realite-fabriquees-en-bretagne","status":"publish","type":"post","link":"https:\/\/www.europesays.com\/fr\/385074\/","title":{"rendered":"Pourquoi les saucisses de Strasbourg, sont en r\u00e9alit\u00e9 fabriqu\u00e9es en Bretagne"},"content":{"rendered":"<p class=\"article-p mdl\">La saucisse de Strasbourg, vulgairement appel\u00e9e des \u00ab\u00a0knacks\u00a0\u00bb est en r\u00e9alit\u00e9 fabriqu\u00e9e en Bretagne, plus pr\u00e9cis\u00e9ment \u00e0 Collin\u00e9e, dans les C\u00f4tes-d&rsquo;Armor. Comme sur tous les produits du rayon charcuterie, il est simple de d\u00e9tecter le lieu de fabrication.<\/p>\n<p class=\"article-p mdl\">Sur l&#8217;emballage, au dos du produit, se trouve g\u00e9n\u00e9ralement un \u00ab\u00a0ovale\u00a0\u00bb dans lequel se trouve cinq chiffres fa\u00e7on code postal. Ces chiffres correspondent \u00e0 la ville dans laquelle a \u00e9t\u00e9 fabriqu\u00e9 le produit.<\/p>\n<p class=\"article-p mdl\">La saucisse de Strasbourg fabriqu\u00e9e en Bretagne peut interloquer le consommateur sur l&rsquo;aspect l\u00e9gal. Pourtant,<strong> c&rsquo;est l\u00e9gal puisque cette saucisse n&rsquo;est pas une appellation prot\u00e9g\u00e9e.<\/strong> Il est possible de faire de la saucisse de Strasbourg dans n&rsquo;importe quel endroit du monde et de n&rsquo;importe quelle mani\u00e8re.<\/p>\n<p class=\"article-p mdl\">La \u00ab\u00a0knack\u00a0\u00bb, par exemple, a une recette tr\u00e8s \u00e9loign\u00e9e de l&rsquo;originale, celle, invent\u00e9e au XVIe si\u00e8cle. <strong>Certains produits utilis\u00e9s \u00e0 l&rsquo;\u00e9poque ne le sont plus de nos jours en raison de leurs co\u00fbts.<\/strong> Cependant, ces choix ont quelques avantages sur le porte-monnaie. En effet, l&rsquo;achat de dix saucisses de Strasbourg co\u00fbte en moyenne aux alentours de 1,50 euro. N\u00e9anmoins, il est essentiel de pr\u00e9ciser qu&rsquo;en raison de ces prix peu \u00e9lev\u00e9s, la \u00ab\u00a0viande\u00a0\u00bb n&rsquo;est donc pas de qualit\u00e9.\u00a0<\/p>\n<p>    La r\u00e9daction vous recommande<\/p>\n<p class=\"s-newsletter__title\">\n                L\u2019actualit\u00e9 par la r\u00e9daction de RTL dans votre bo\u00eete mail.\n            <\/p>\n<p class=\"s-newsletter__subtitle\">\n                Gr\u00e2ce \u00e0 votre compte RTL abonnez-vous \u00e0 la newsletter RTL info pour suivre toute l&rsquo;actualit\u00e9 au quotidien\n            <\/p>\n<p>\n                                    Lire la suite\n                                <\/p>\n","protected":false},"excerpt":{"rendered":"La saucisse de Strasbourg, vulgairement appel\u00e9e des \u00ab\u00a0knacks\u00a0\u00bb est en r\u00e9alit\u00e9 fabriqu\u00e9e en Bretagne, plus pr\u00e9cis\u00e9ment \u00e0 Collin\u00e9e,&hellip;\n","protected":false},"author":2,"featured_media":385075,"comment_status":"","ping_status":"","sticky":false,"template":"","format":"standard","meta":{"footnotes":""},"categories":[2820],"tags":[1111,11,258,130,1777,674,3483,107,1011,27,775,12,362,25,640],"class_list":{"0":"post-385074","1":"post","2":"type-post","3":"status-publish","4":"format-standard","5":"has-post-thumbnail","7":"category-strasbourg","8":"tag-actu","9":"tag-actualites","10":"tag-alimentation","11":"tag-consommation","12":"tag-eu","13":"tag-europe","14":"tag-extrait","15":"tag-fil-info","16":"tag-fr","17":"tag-france","18":"tag-grand-est","19":"tag-news","20":"tag-replay","21":"tag-republique-francaise","22":"tag-strasbourg"},"share_on_mastodon":{"url":"https:\/\/pubeurope.com\/@fr\/115190889468931526","error":""},"_links":{"self":[{"href":"https:\/\/www.europesays.com\/fr\/wp-json\/wp\/v2\/posts\/385074","targetHints":{"allow":["GET"]}}],"collection":[{"href":"https:\/\/www.europesays.com\/fr\/wp-json\/wp\/v2\/posts"}],"about":[{"href":"https:\/\/www.europesays.com\/fr\/wp-json\/wp\/v2\/types\/post"}],"author":[{"embeddable":true,"href":"https:\/\/www.europesays.com\/fr\/wp-json\/wp\/v2\/users\/2"}],"replies":[{"embeddable":true,"href":"https:\/\/www.europesays.com\/fr\/wp-json\/wp\/v2\/comments?post=385074"}],"version-history":[{"count":0,"href":"https:\/\/www.europesays.com\/fr\/wp-json\/wp\/v2\/posts\/385074\/revisions"}],"wp:featuredmedia":[{"embeddable":true,"href":"https:\/\/www.europesays.com\/fr\/wp-json\/wp\/v2\/media\/385075"}],"wp:attachment":[{"href":"https:\/\/www.europesays.com\/fr\/wp-json\/wp\/v2\/media?parent=385074"}],"wp:term":[{"taxonomy":"category","embeddable":true,"href":"https:\/\/www.europesays.com\/fr\/wp-json\/wp\/v2\/categories?post=385074"},{"taxonomy":"post_tag","embeddable":true,"href":"https:\/\/www.europesays.com\/fr\/wp-json\/wp\/v2\/tags?post=385074"}],"curies":[{"name":"wp","href":"https:\/\/api.w.org\/{rel}","templated":true}]}}