{"id":385080,"date":"2025-09-12T10:39:10","date_gmt":"2025-09-12T10:39:10","guid":{"rendered":"https:\/\/www.europesays.com\/fr\/385080\/"},"modified":"2025-09-12T10:39:10","modified_gmt":"2025-09-12T10:39:10","slug":"pour-voir-le-pape-des-pelerins-de-loire-atlantique-se-sont-relayes-de-nantes-au-vatican","status":"publish","type":"post","link":"https:\/\/www.europesays.com\/fr\/385080\/","title":{"rendered":"Pour voir le pape, des p\u00e8lerins de Loire-Atlantique se sont relay\u00e9s de Nantes au Vatican"},"content":{"rendered":"<p>            Par<br \/>\n        <strong><br \/>\n            <a href=\"https:\/\/actu.fr\/auteur\/laurent-renon\" title=\"Consulter tous les articles de Laurent Renon\" target=\"_blank\" rel=\"noopener\">Laurent Renon<\/a><br \/>\n        <\/strong><\/p>\n<p>        Publi\u00e9 le<\/p>\n<p>            12 sept. 2025 \u00e0 11h42        <\/p>\n<p>Pour le <b>Jubil\u00e9 2025 de l\u2019esp\u00e9rance \u00e0 Rome<\/b>, l\u2019association <b>Haltes p\u00e8lerines &amp; Via Ligeria<\/b> a initi\u00e9 une marche de <a href=\"https:\/\/actu.fr\/nantes\/\" target=\"_blank\" rel=\"noopener\">Nantes<\/a> \u00e0 Rome avec les p\u00e8lerins de Loire-Atlantique.<\/p>\n<p class=\" wall-content\">Partis de quatre coins du d\u00e9partement, \u00e0 savoir <a href=\"https:\/\/actu.fr\/pays-de-la-loire\/clisson_44043\" target=\"_blank\" rel=\"noopener\">Clisson<\/a>, Besle sur Vilaine, Ponch\u00e2teau et <a href=\"https:\/\/actu.fr\/pays-de-la-loire\/saint-brevin-les-pins_44154\" target=\"_blank\" rel=\"noopener\">Saint-Brevin-les-Pins<\/a>, les \u00ab\u2009Romieux\u2009\u00bb sont arriv\u00e9s \u00e0 Nantes pour le grand d\u00e9part du 8\u00a0juin. Ils \u00e9taient une cinquantaine \u00e0 s\u2019\u00e9lancer sur la Via Ligeria (itin\u00e9raire cr\u00e9\u00e9 en 2020), dont une dizaine de marcheurs partis de Saint-Brevin.<\/p>\n<p>1\u2009330\u00a0km sur la Via Francigena<\/p>\n<p class=\" wall-content\">Au fil des communes travers\u00e9es et les 800\u00a0km parcourus, certains se sont arr\u00eat\u00e9s et c\u2019est un groupe de neuf personnes qui est arriv\u00e9 \u00e0 Bucey les Gy, pr\u00e8s de Besan\u00e7on. Le 9\u00a0juillet, ils ont pass\u00e9 le relais \u00e0 une seconde \u00e9quipe de quatre randonneurs qui ont pris la direction du Vatican par la <b>Via Francigena<\/b> (1\u2009330\u00a0km).<\/p>\n<p class=\" wall-content\">Un groupe de 25 p\u00e8lerins les a rejoints \u00e0 Viterbo, \u00e0 une centaine de kilom\u00e8tres de Rome, pour une arriv\u00e9e le 9\u00a0septembre, place Saint-Pierre.<\/p>\n<p class=\" wall-content\">Le lendemain, ils ont assist\u00e9 \u00e0 une audience papale pour clore \u00ab\u2009cette aventure unique en France voire en Europe cette ann\u00e9e\u2009\u00bb, tient \u00e0 souligner Fran\u00e7oise Lebreton, coordinatrice l\u2019antenne du pays de Retz qui a lanc\u00e9 des \u00ab\u2009rencontres p\u00e8lerines\u2009\u00bb en mars dernier, \u00e0 Pornic.<\/p>\n<p>Vid\u00e9os : en ce moment sur Actu<\/p>\n<blockquote class=\"ac-article-quote wall-content\">\n<p>On \u00e9change sur les parcours, on d\u00e9livre les carnets de p\u00e8lerinage, on donne des renseignements pratiques sur les chemins vers Rome, Saint-Jacques, le Mont St-Michel et Saint-Philbert.<\/p>\n<p>Fran\u00e7oise Lebreton<\/p><\/blockquote>\n<p class=\" wall-content\">Comme chaque rendez-vous r\u00e9unit entre 10 et 15\u00a0personnes, ces rencontres se poursuivent tous les mois, rue de la Corbini\u00e8re (pr\u00e8s de la mairie), au Clion sur Mer. Elles auront lieu de 17\u2009h\u200930 \u00e0 19\u2009h\u200930, les jeudis 18\u00a0septembre, 9\u00a0octobre, 6\u00a0novembre et 18\u00a0d\u00e9cembre.<\/p>\n<p>Votre r\u00e9gion, votre actu !<\/p>\n<p>Recevez chaque jour les infos qui comptent pour vous.<\/p>\n<p>\t<a href=\"https:\/\/actu.fr\/newsletter\" class=\"ac-btn ac-btn--corner ac-btn--medium ac-btn--blue800\" target=\"_blank\" rel=\"noopener\">S&rsquo;incrire<\/a><br \/>\nContacts\u2009: 06\u200908\u200911\u200987\u200948 ou <a href=\"http:\/\/actu.fr\/cdn-cgi\/l\/email-protection#335b4307071d435c415d5a5073545e525a5f1d505c5e\" target=\"_blank\" rel=\"noopener\">[email\u00a0protected]<\/a>. Site internet\u2009: <a href=\"http:\/\/www.haltespelerines44.fr\" target=\"_blank\" rel=\"noopener\">www.haltespelerines44.fr<\/a>.<\/p>\n<p class=\" wall-content\">Personnalisez votre actualit\u00e9 en ajoutant vos villes et m\u00e9dias en favori avec <a href=\"https:\/\/moncompte.actu.fr\" title=\"D\u00e9couvez Mon Actu\" rel=\"nofollow noopener\" data-trk=\"{&quot;cta&quot;:{&quot;action&quot;:&quot;https:\\\/\\\/moncompte.actu.fr&quot;,&quot;category&quot;:&quot;mon compte&quot;,&quot;from&quot;:&quot;article footer&quot;,&quot;name&quot;:&quot;Mon actu&quot;,&quot;type&quot;:&quot;cta&quot;}}\" target=\"_blank\">Mon Actu<\/a>.<\/p>\n","protected":false},"excerpt":{"rendered":"Par Laurent Renon Publi\u00e9 le 12 sept. 2025 \u00e0 11h42 Pour le Jubil\u00e9 2025 de l\u2019esp\u00e9rance \u00e0 Rome,&hellip;\n","protected":false},"author":2,"featured_media":385081,"comment_status":"","ping_status":"","sticky":false,"template":"","format":"standard","meta":{"footnotes":""},"categories":[2818],"tags":[1111,11,1777,674,1011,27,452,766,12,2636,41196,25,104],"class_list":{"0":"post-385080","1":"post","2":"type-post","3":"status-publish","4":"format-standard","5":"has-post-thumbnail","7":"category-nantes","8":"tag-actu","9":"tag-actualites","10":"tag-eu","11":"tag-europe","12":"tag-fr","13":"tag-france","14":"tag-italie","15":"tag-nantes","16":"tag-news","17":"tag-pays-de-la-loire","18":"tag-pays-de-retz","19":"tag-republique-francaise","20":"tag-societe"},"share_on_mastodon":{"url":"https:\/\/pubeurope.com\/@fr\/115190901300278900","error":""},"_links":{"self":[{"href":"https:\/\/www.europesays.com\/fr\/wp-json\/wp\/v2\/posts\/385080","targetHints":{"allow":["GET"]}}],"collection":[{"href":"https:\/\/www.europesays.com\/fr\/wp-json\/wp\/v2\/posts"}],"about":[{"href":"https:\/\/www.europesays.com\/fr\/wp-json\/wp\/v2\/types\/post"}],"author":[{"embeddable":true,"href":"https:\/\/www.europesays.com\/fr\/wp-json\/wp\/v2\/users\/2"}],"replies":[{"embeddable":true,"href":"https:\/\/www.europesays.com\/fr\/wp-json\/wp\/v2\/comments?post=385080"}],"version-history":[{"count":0,"href":"https:\/\/www.europesays.com\/fr\/wp-json\/wp\/v2\/posts\/385080\/revisions"}],"wp:featuredmedia":[{"embeddable":true,"href":"https:\/\/www.europesays.com\/fr\/wp-json\/wp\/v2\/media\/385081"}],"wp:attachment":[{"href":"https:\/\/www.europesays.com\/fr\/wp-json\/wp\/v2\/media?parent=385080"}],"wp:term":[{"taxonomy":"category","embeddable":true,"href":"https:\/\/www.europesays.com\/fr\/wp-json\/wp\/v2\/categories?post=385080"},{"taxonomy":"post_tag","embeddable":true,"href":"https:\/\/www.europesays.com\/fr\/wp-json\/wp\/v2\/tags?post=385080"}],"curies":[{"name":"wp","href":"https:\/\/api.w.org\/{rel}","templated":true}]}}